{"id":642051,"date":"2026-01-05T08:19:27","date_gmt":"2026-01-05T08:19:27","guid":{"rendered":"https:\/\/www.europesays.com\/fr\/642051\/"},"modified":"2026-01-05T08:19:27","modified_gmt":"2026-01-05T08:19:27","slug":"deux-morts-a-kiev-dans-une-serie-de-bombardements-russes-a-la-veille-dune-reunion-des-pays-allies-de-lukraine","status":"publish","type":"post","link":"https:\/\/www.europesays.com\/fr\/642051\/","title":{"rendered":"Deux morts \u00e0 Kiev dans une s\u00e9rie de bombardements russes, \u00e0 la veille d&rsquo;une r\u00e9union des pays alli\u00e9s de l&rsquo;Ukraine"},"content":{"rendered":"<p>\u00c0 la veille d&rsquo;une r\u00e9union \u00e0 Paris des pays alli\u00e9s de l&rsquo;Ukraine, des bombardements russes ont co\u00fbt\u00e9 la vie \u00e0 deux personnes \u00e0 Kiev et dans sa p\u00e9riph\u00e9rie, ce lundi.<\/p>\n<p>Des bombardements russes visant <a href=\"https:\/\/www.bfmtv.com\/international\/europe\/ukraine\/volodymyr-zelensky-propose-de-nommer-son-ministre-de-la-defense-au-ministere-de-l-energie-et-attend-l-approbation-du-parlement_AD-202601030234.html\" title=\"Volodymyr Zelensky propose de nommer son ministre de la D\u00e9fense au minist\u00e8re de l&#039;\u00c9nergie et attend l&#039;approbation du Parlement\" class=\"internal_link\" target=\"_blank\" rel=\"noopener\">l&rsquo;Ukraine<\/a> ont fait au moins deux morts \u00e0 Kiev et dans sa p\u00e9riph\u00e9rie, ont rapport\u00e9 les autorit\u00e9s locales ce lundi 5 janvier, \u00e0 la veille d&rsquo;une r\u00e9union des alli\u00e9s de Kiev pour tenter de relancer les efforts diplomatiques de r\u00e8glement du conflit. Des alertes antia\u00e9riennes ont r\u00e9sonn\u00e9 sur tout le territoire national au cours de la nuit et l&rsquo;arm\u00e9e a averti de nombreux mouvements de missiles et drones russes.<\/p>\n<p>\u00c0 Kiev, une clinique priv\u00e9e a \u00e9t\u00e9 touch\u00e9e, provoquant un incendie et faisant un mort et trois bless\u00e9s, selon les services de secours qui ont diffus\u00e9 des images d&rsquo;un immeuble avec une fa\u00e7ade \u00e9ventr\u00e9e et d&rsquo;\u00e9vacuations de patients sur des brancards.<\/p>\n<p>Habitations et infrastructures touch\u00e9es<\/p>\n<p>Dans la p\u00e9riph\u00e9rie, les bombardements ont touch\u00e9 plusieurs habitations et \u00ab\u00a0infrastructures critiques\u00a0\u00bb, tuant un homme n\u00e9 en 1951 dans la localit\u00e9 de Fastiv, selon le responsable de l&rsquo;administration militaire r\u00e9gionale Mykola Kalachnyk sur Telegram.<\/p>\n<p>Les frappes ont provoqu\u00e9 des coupures de courant dans la zone, n\u00e9cessitant le lancement de syst\u00e8mes de secours pour maintenir les fournitures en eau et chauffage, a pr\u00e9cis\u00e9 le responsable, alors que les temp\u00e9ratures sont tomb\u00e9es \u00e0 -8\u00b0C pendant la nuit dans la capitale.<\/p>\n<p>Ces attaques interviennent \u00e0 la veille d&rsquo;une r\u00e9union \u00e0 Paris de pays alli\u00e9s de Kiev pour tenter d&rsquo;avancer en vue d&rsquo;un r\u00e8glement du conflit le plus sanglant en Europe depuis la Seconde Guerre mondiale. Pour pr\u00e9parer la rencontre, des conseillers \u00e0 la s\u00e9curit\u00e9 de 15 pays, dont la France, l&rsquo;Allemagne et le Canada, ainsi que des repr\u00e9sentants de l&rsquo;UE et de l&rsquo;Otan, se sont r\u00e9unis dans la capitale ukrainienne samedi.<\/p>\n<p>L&rsquo;\u00e9missaire de Donald Trump, Steve Witkoff, a particip\u00e9 \u00e0 distance aux discussions, consacr\u00e9es aux d\u00e9tails de la derni\u00e8re mouture du plan de sortie du conflit avec la Russie. Une autre r\u00e9union, pr\u00e9paratoire, entre chefs d&rsquo;\u00e9tat-major, est pr\u00e9vue lundi.<\/p>\n<p>\u00ab\u00a0Mensonge\u00a0\u00bb \u00e0 l&rsquo;encontre de l&rsquo;Ukraine<\/p>\n<p>Cette s\u00e9rie de discussions vise \u00e0 \u00ab\u00a0apporter une contribution suppl\u00e9mentaire \u00e0 la d\u00e9fense (ukrainienne) et \u00e0 acc\u00e9l\u00e9rer la fin de la guerre\u00a0\u00bb, a d\u00e9clar\u00e9 dimanche soir le pr\u00e9sident Volodymyr Zelensky. \u00ab\u00a0L&rsquo;Ukraine sera pr\u00eate pour les deux voies possibles: la diplomatie, que nous recherchons, ou la poursuite d&rsquo;une d\u00e9fense active si la pression exerc\u00e9e par nos partenaires sur la Russie s&rsquo;av\u00e8re insuffisante\u00a0\u00bb, a-t-il ajout\u00e9.<\/p>\n<p>Bombard\u00e9e quotidiennement depuis pr\u00e8s de quatre ans, l&rsquo;Ukraine riposte de son c\u00f4t\u00e9 en lan\u00e7ant des drones vers le territoire russe, visant notamment les infrastructures \u00e9nerg\u00e9tiques qui financent l&rsquo;effort de guerre russe. L&rsquo;arm\u00e9e russe a indiqu\u00e9 pendant le week-end avoir abattu plusieurs centaines de drones ukrainiens, un nombre inhabituellement \u00e9lev\u00e9, dont plusieurs autour de la capitale.<\/p>\n<p><img decoding=\"async\" src=\"https:\/\/www.europesays.com\/fr\/wp-content\/uploads\/2025\/09\/principale-260_4.jpg\"  alt=\"Marshall Truchot : Russie, une r\u00e9sidence de Poutine vis\u00e9e par l'Ukraine ? \u2013 29\/12\" title=\"Marshall Truchot : Russie, une r\u00e9sidence de Poutine vis\u00e9e par l'Ukraine ? \u2013 29\/12\"\/>Marshall Truchot : Russie, une r\u00e9sidence de Poutine vis\u00e9e par l&rsquo;Ukraine ? \u2013 29\/12<\/p>\n<p>L&rsquo;\u00e9lan diplomatique impuls\u00e9 par le pr\u00e9sident am\u00e9ricain Donald Trump a \u00e9t\u00e9 gripp\u00e9 par des all\u00e9gations de Moscou accusant Kiev d&rsquo;avoir vis\u00e9 avec 91 drones, dans la nuit du 28 au 29 d\u00e9cembre, une r\u00e9sidence hautement s\u00e9curis\u00e9e du dirigeant russe Vladimir Poutine. Kiev a qualifi\u00e9 cette accusation de \u00ab\u00a0mensonge\u00a0\u00bb et estim\u00e9 qu&rsquo;elle visait \u00e0 servir de pr\u00e9texte pour de nouvelles frappes contre l&rsquo;Ukraine et \u00e0 saper les pourparlers diplomatiques. Les Europ\u00e9ens ont \u00e9galement exprim\u00e9 des doutes sur la v\u00e9racit\u00e9 de l&rsquo;attaque.<\/p>\n<p>\u00ab\u00a0Je ne pense pas que cette frappe ait eu lieu\u00a0\u00bb, a \u00e9galement d\u00e9clar\u00e9 Donald Trump dimanche soir \u00e0 bord de son avion pr\u00e9sidentiel, notant que \u00ab\u00a0personne ne savait pour l&rsquo;heure\u00a0\u00bb si les all\u00e9gations russes \u00e9taient vraies. Le Kremlin avait pr\u00e9venu mardi que \u00ab\u00a0les cons\u00e9quences\u00a0\u00bb de cette attaque se traduiraient par \u00ab\u00a0un durcissement de la position de n\u00e9gociation\u00a0\u00bb de la Russie.<\/p>\n","protected":false},"excerpt":{"rendered":"\u00c0 la veille d&rsquo;une r\u00e9union \u00e0 Paris des pays alli\u00e9s de l&rsquo;Ukraine, des bombardements russes ont co\u00fbt\u00e9 la&hellip;\n","protected":false},"author":2,"featured_media":642052,"comment_status":"","ping_status":"","sticky":false,"template":"","format":"standard","meta":{"footnotes":""},"categories":[1590],"tags":[11,1777,674,12,220],"class_list":{"0":"post-642051","1":"post","2":"type-post","3":"status-publish","4":"format-standard","5":"has-post-thumbnail","7":"category-ukraine","8":"tag-actualites","9":"tag-eu","10":"tag-europe","11":"tag-news","12":"tag-ukraine"},"share_on_mastodon":{"url":"https:\/\/pubeurope.com\/@fr\/115841516496747758","error":""},"_links":{"self":[{"href":"https:\/\/www.europesays.com\/fr\/wp-json\/wp\/v2\/posts\/642051","targetHints":{"allow":["GET"]}}],"collection":[{"href":"https:\/\/www.europesays.com\/fr\/wp-json\/wp\/v2\/posts"}],"about":[{"href":"https:\/\/www.europesays.com\/fr\/wp-json\/wp\/v2\/types\/post"}],"author":[{"embeddable":true,"href":"https:\/\/www.europesays.com\/fr\/wp-json\/wp\/v2\/users\/2"}],"replies":[{"embeddable":true,"href":"https:\/\/www.europesays.com\/fr\/wp-json\/wp\/v2\/comments?post=642051"}],"version-history":[{"count":0,"href":"https:\/\/www.europesays.com\/fr\/wp-json\/wp\/v2\/posts\/642051\/revisions"}],"wp:featuredmedia":[{"embeddable":true,"href":"https:\/\/www.europesays.com\/fr\/wp-json\/wp\/v2\/media\/642052"}],"wp:attachment":[{"href":"https:\/\/www.europesays.com\/fr\/wp-json\/wp\/v2\/media?parent=642051"}],"wp:term":[{"taxonomy":"category","embeddable":true,"href":"https:\/\/www.europesays.com\/fr\/wp-json\/wp\/v2\/categories?post=642051"},{"taxonomy":"post_tag","embeddable":true,"href":"https:\/\/www.europesays.com\/fr\/wp-json\/wp\/v2\/tags?post=642051"}],"curies":[{"name":"wp","href":"https:\/\/api.w.org\/{rel}","templated":true}]}}