{"id":642071,"date":"2026-01-05T08:31:20","date_gmt":"2026-01-05T08:31:20","guid":{"rendered":"https:\/\/www.europesays.com\/fr\/642071\/"},"modified":"2026-01-05T08:31:20","modified_gmt":"2026-01-05T08:31:20","slug":"tennis-atp-brisbane-q-tuile-pour-cazaux-atmane-battu-halys-seul-qualifie","status":"publish","type":"post","link":"https:\/\/www.europesays.com\/fr\/642071\/","title":{"rendered":"Tennis. ATP &#8211; Brisbane (Q) &#8211; Tuile pour Cazaux, Atmane battu, Halys seul qualifi\u00e9"},"content":{"rendered":"<p>Les qualifications de <strong><a href=\"https:\/\/www.tennisactu.net\/..\/news-atp-brisbane-q-atmane-cazaux-et-halys-sont-a-une-marche-du-tableau-final-120996.html\" target=\"_blank\" rel=\"noopener\">l&rsquo;ATP 250 de Brisbane<\/a><\/strong> se sont termin\u00e9es ce dimanche matin. Un seul Fran\u00e7ais a su tracer sa route vers le grand tableau.\u00a0<strong><a href=\"https:\/\/www.tennisactu.net\/..\/news-atp-brisbane-q-atmane-cazaux-et-halys-sont-a-une-marche-du-tableau-final-120996.html\" target=\"_blank\" rel=\"noopener\">Quentin Halys<\/a>, <\/strong>d&rsquo;abord tombeur d&rsquo;<strong>Eliot Spizzirri,\u00a0<\/strong>6-4, 6-3, a su finir le job 1-6, 7-6(5), 6-4 contre le Polonais\u00a0<strong>Kamil Majchrzak,<\/strong>\u00a0tombeur de\u00a0<strong>Cruz Hewitt\u00a0<\/strong>(wc). Dans le tableau principal, <strong>Halys<\/strong> se frottera \u00e0<strong> Alexei Popyrin.<\/strong><\/p>\n<p>Vid\u00e9o &#8211; Franck Paque parlait de Terence Atmane avec Tennis Actu Lire la suite de l&rsquo;article&#13;<\/p>\n<p><strong>Terence Atmane\u00a0<\/strong>(n\u00b03), qui avait su contr\u00f4ler\u00a0<strong>Yannick Hanfmann,<\/strong>\u00a06-4, 7-6(3), a but\u00e9 sur le redoutable\u00a0<strong>James Duckworth, <\/strong>7-6(4), 6-2.\u00a0<strong>Arthur Cazaux\u00a0<\/strong>(n\u00b04) a lui connu une petite tuile. L&rsquo;H\u00e9raultais a d\u00fb abandonner contre\u00a0<strong><strong>Pablo Carreno Busta<\/strong><\/strong>. L&rsquo;Espagnol menait 5-3 quand <strong>Cazaux<\/strong>, touch\u00e9 \u00e0 la cuisse droite visiblement, a d\u00e9cid\u00e9 de jeter l&rsquo;\u00e9ponge. Il faut esp\u00e9rer que <strong>l&rsquo;Open d&rsquo;Australie<\/strong> ne soit pas en danger&#8230;<\/p>\n","protected":false},"excerpt":{"rendered":"Les qualifications de l&rsquo;ATP 250 de Brisbane se sont termin\u00e9es ce dimanche matin. Un seul Fran\u00e7ais a su&hellip;\n","protected":false},"author":2,"featured_media":642072,"comment_status":"","ping_status":"","sticky":false,"template":"","format":"standard","meta":{"footnotes":""},"categories":[1415],"tags":[47,4169,74878,1011,27,955,60,1467,4170],"class_list":{"0":"post-642071","1":"post","2":"type-post","3":"status-publish","4":"format-standard","5":"has-post-thumbnail","7":"category-tennis","8":"tag-actualite","9":"tag-atp","10":"tag-atp-brisbane-q","11":"tag-fr","12":"tag-france","13":"tag-match","14":"tag-sports","15":"tag-tennis","16":"tag-wta"},"share_on_mastodon":{"url":"https:\/\/pubeurope.com\/@fr\/115841563538230785","error":""},"_links":{"self":[{"href":"https:\/\/www.europesays.com\/fr\/wp-json\/wp\/v2\/posts\/642071","targetHints":{"allow":["GET"]}}],"collection":[{"href":"https:\/\/www.europesays.com\/fr\/wp-json\/wp\/v2\/posts"}],"about":[{"href":"https:\/\/www.europesays.com\/fr\/wp-json\/wp\/v2\/types\/post"}],"author":[{"embeddable":true,"href":"https:\/\/www.europesays.com\/fr\/wp-json\/wp\/v2\/users\/2"}],"replies":[{"embeddable":true,"href":"https:\/\/www.europesays.com\/fr\/wp-json\/wp\/v2\/comments?post=642071"}],"version-history":[{"count":0,"href":"https:\/\/www.europesays.com\/fr\/wp-json\/wp\/v2\/posts\/642071\/revisions"}],"wp:featuredmedia":[{"embeddable":true,"href":"https:\/\/www.europesays.com\/fr\/wp-json\/wp\/v2\/media\/642072"}],"wp:attachment":[{"href":"https:\/\/www.europesays.com\/fr\/wp-json\/wp\/v2\/media?parent=642071"}],"wp:term":[{"taxonomy":"category","embeddable":true,"href":"https:\/\/www.europesays.com\/fr\/wp-json\/wp\/v2\/categories?post=642071"},{"taxonomy":"post_tag","embeddable":true,"href":"https:\/\/www.europesays.com\/fr\/wp-json\/wp\/v2\/tags?post=642071"}],"curies":[{"name":"wp","href":"https:\/\/api.w.org\/{rel}","templated":true}]}}