{"id":642073,"date":"2026-01-05T08:35:10","date_gmt":"2026-01-05T08:35:10","guid":{"rendered":"https:\/\/www.europesays.com\/fr\/642073\/"},"modified":"2026-01-05T08:35:10","modified_gmt":"2026-01-05T08:35:10","slug":"remi-lelandais-je-ne-me-fais-pas-de-soucis-actualite","status":"publish","type":"post","link":"https:\/\/www.europesays.com\/fr\/642073\/","title":{"rendered":"R\u00e9mi Lelandais : \u00ab Je ne me fais pas de soucis \u00bb &#8211; Actualit\u00e9"},"content":{"rendered":"<p><strong><a href=\"https:\/\/www.directvelo.com\/coureur\/30794\/remi-lelandais\" target=\"_blank\" rel=\"noopener\">R\u00e9mi Lelandais<\/a><\/strong> ne gardera pas de grands souvenirs de sa premi\u00e8re comp\u00e9tition sous son nouveau maillot de Bourg-en-Bresse Ain Cyclisme. \u201c\u00c7a s&rsquo;est mal pass\u00e9\u201d, conc\u00e8de-t-il d\u2019embl\u00e9e aupr\u00e8s de DirectVelo au moment de d\u00e9briefer sa course \u00e0 Zonhoven, neuvi\u00e8me manche de la Coupe du Monde \u00c9lites de cyclo-cross. Il pr\u00e9cise avoir \u201cpris un mauvais d\u00e9part\u201d mais avoir \u00e9galement eu \u201cde mauvaises sensations\u201d. Impossible, l\u2019un dans l\u2019autre, d\u2019esp\u00e9rer un gros r\u00e9sultat. \u201cC\u2019\u00e9tait un jour sans. Je suis un peu remont\u00e9 malgr\u00e9 tout au fil des tours mais je n\u2019ai jamais pu trop en remettre, j\u2019ai d\u00fb garder mon rythme\u201d.<\/p>\n<p>L\u2019ancien soci\u00e9taire d\u2019Ark\u00e9a-B&amp;B H\u00f4tels consid\u00e8re \u00e9galement avoir \u00e9t\u00e9 pris dans les bouchons. \u201cJ\u2019\u00e9tais dans un groupe de Belges qui \u00e9taient nuls techniquement. J\u2019\u00e9tais meilleur qu\u2019eux mais je n\u2019arrivais pas \u00e0 les doubler au physique. J\u2019ai d\u00fb attendre qu\u2019ils s\u2019\u00e9crasent un peu pour les doubler sur la fin. Il y en a un qui m\u2019a fait tomber sur la glace en derni\u00e8re partie de course. Je suis quand m\u00eame revenu avec Nathan (Bommenel) et j\u2019ai pu faire un bon dernier tour\u201d. <strong><a href=\"https:\/\/www.directvelo.com\/actualite\/126241\/cc-coupe-du-monde-9-elite-hommes-classements\" target=\"_blank\" rel=\"noopener\">Pour finir, tout juste, dans le Top 25, au c\u0153ur d\u2019un tir group\u00e9 de Fran\u00e7ais.<\/a><\/strong> \u201cSans cette chute et sans avoir \u00e9t\u00e9 g\u00ean\u00e9 par les gars, j\u2019aurais peut-\u00eatre pu faire deux ou trois places de mieux\u201d.<\/p>\n<p>Cette performance inqui\u00e8te-t-elle le coureur de 23 ans \u00e0 une semaine du grand rendez-vous national, \u00e0 Troyes, pour le Championnat de France ? \u201cJe n\u2019ai jamais \u00e9t\u00e9 bien \u00e0 une semaine du Championnat, j\u2019ai toujours \u00e9t\u00e9 mal sur les cross \u00e0 cette date. Je ne me fais pas de soucis pour le week-end prochain\u201d, r\u00e9pond-il avec conviction, assurant que malgr\u00e9 son r\u00e9sultat du jour, il a trouv\u00e9 l\u2019apr\u00e8s-midi ludique sur la neige belge. \u201cC\u2019\u00e9tait particulier mais marrant, \u00e7a change de d\u2019habitude\u201d.<\/p>\n","protected":false},"excerpt":{"rendered":"R\u00e9mi Lelandais ne gardera pas de grands souvenirs de sa premi\u00e8re comp\u00e9tition sous son nouveau maillot de Bourg-en-Bresse&hellip;\n","protected":false},"author":2,"featured_media":642074,"comment_status":"","ping_status":"","sticky":false,"template":"","format":"standard","meta":{"footnotes":""},"categories":[1411],"tags":[834,828,836,829,837,827,83,826,824,823,1154,207,814,817,815,816,822,821,832,211,839,1011,27,820,818,819,835,831,830,833,838,60,212,208,825],"class_list":{"0":"post-642073","1":"post","2":"type-post","3":"status-publish","4":"format-standard","5":"has-post-thumbnail","7":"category-cyclisme","8":"tag-attaque","9":"tag-belgique","10":"tag-braquet","11":"tag-bretagne","12":"tag-chute","13":"tag-competition","14":"tag-coupe-de-france","15":"tag-coureur","16":"tag-course-cyclisme","17":"tag-course-cycliste","18":"tag-cycling","19":"tag-cyclisme","20":"tag-direct","21":"tag-direct-velo","22":"tag-directvelo","23":"tag-directvelo-com","24":"tag-epreuve","25":"tag-epreuve-cycliste","26":"tag-federation-francaise-de-cyclisme","27":"tag-ffc","28":"tag-flandres","29":"tag-fr","30":"tag-france","31":"tag-live","32":"tag-live-course","33":"tag-live-epreuve","34":"tag-peloton","35":"tag-radio-peloton","36":"tag-radio-tour","37":"tag-ravitaillement","38":"tag-relance","39":"tag-sports","40":"tag-uci","41":"tag-velo","42":"tag-velos"},"share_on_mastodon":{"url":"https:\/\/pubeurope.com\/@fr\/115841579455763741","error":""},"_links":{"self":[{"href":"https:\/\/www.europesays.com\/fr\/wp-json\/wp\/v2\/posts\/642073","targetHints":{"allow":["GET"]}}],"collection":[{"href":"https:\/\/www.europesays.com\/fr\/wp-json\/wp\/v2\/posts"}],"about":[{"href":"https:\/\/www.europesays.com\/fr\/wp-json\/wp\/v2\/types\/post"}],"author":[{"embeddable":true,"href":"https:\/\/www.europesays.com\/fr\/wp-json\/wp\/v2\/users\/2"}],"replies":[{"embeddable":true,"href":"https:\/\/www.europesays.com\/fr\/wp-json\/wp\/v2\/comments?post=642073"}],"version-history":[{"count":0,"href":"https:\/\/www.europesays.com\/fr\/wp-json\/wp\/v2\/posts\/642073\/revisions"}],"wp:featuredmedia":[{"embeddable":true,"href":"https:\/\/www.europesays.com\/fr\/wp-json\/wp\/v2\/media\/642074"}],"wp:attachment":[{"href":"https:\/\/www.europesays.com\/fr\/wp-json\/wp\/v2\/media?parent=642073"}],"wp:term":[{"taxonomy":"category","embeddable":true,"href":"https:\/\/www.europesays.com\/fr\/wp-json\/wp\/v2\/categories?post=642073"},{"taxonomy":"post_tag","embeddable":true,"href":"https:\/\/www.europesays.com\/fr\/wp-json\/wp\/v2\/tags?post=642073"}],"curies":[{"name":"wp","href":"https:\/\/api.w.org\/{rel}","templated":true}]}}