{"id":642081,"date":"2026-01-05T08:40:24","date_gmt":"2026-01-05T08:40:24","guid":{"rendered":"https:\/\/www.europesays.com\/fr\/642081\/"},"modified":"2026-01-05T08:40:24","modified_gmt":"2026-01-05T08:40:24","slug":"victor-en-embuscade-bart-vend-son-ame-pour-sauver-le-spoon-demain-nous-appartient-8-janvier-2026-episode-2114-resume-complet-dna","status":"publish","type":"post","link":"https:\/\/www.europesays.com\/fr\/642081\/","title":{"rendered":"Victor en embuscade : Bart vend son \u00e2me pour sauver le Spoon &#8211; Demain nous appartient 8 janvier 2026 (\u00e9pisode 2114 &#8211; r\u00e9sum\u00e9 complet DNA)"},"content":{"rendered":"<p><img fetchpriority=\"high\" decoding=\"async\" aria-describedby=\"caption-attachment-336959\" src=\"https:\/\/www.europesays.com\/fr\/wp-content\/uploads\/2026\/01\/dna-victor-bart.jpg\" alt=\"Victor et Bart DNA\" width=\"1280\" height=\"720\" class=\"size-full wp-image-336959\"  \/><\/p>\n<p id=\"caption-attachment-336959\" class=\"wp-caption-text\">Victor (Farouk Bermouga) sort de l\u2019ombre : Bart (Hector Langevin) signe le contrat du diable<\/p>\n<p>Tout ce qu\u2019il faut savoir sur l\u2019\u00e9pisode 2114 de Demain nous appartient du 8 janvier 2026, tous les <strong>spoilers complets<\/strong> par rapport aux intrigues du jour \u00e0 S\u00e8te.<\/p>\n<p>Demain nous appartient en avance : Soraya se met \u00e0 dos Gabriel<\/p>\n<p>Rapha\u00eblle et Chlo\u00e9 reparlent du cri entendu la veille : elles se demandent si c\u2019est un randonneur qui s\u2019est \u00e9gar\u00e9 pendant l\u2019orage. Basile d\u00e9barque avec du caf\u00e9.<\/p>\n<p><img loading=\"lazy\" decoding=\"async\" aria-describedby=\"caption-attachment-336957\" src=\"data:image\/svg+xml,%3Csvg%20xmlns=\" http:=\"\" alt=\"lou dna \" width=\"1200\" height=\"678\" class=\"size-full wp-image-336957\" data-lazy- data-lazy- data-lazy-src=\"https:\/\/www.europesays.com\/fr\/wp-content\/uploads\/2026\/01\/dna-2114qdsssSsssf.jpg\"\/><\/p>\n<p id=\"caption-attachment-336957\" class=\"wp-caption-text\">Lou a arbitr\u00e9 la signature du contrat<\/p>\n<p>Chlo\u00e9 parle \u00e0 Basile du fameux cri : il dit que c\u2019est Abdel son cousin qui est arriv\u00e9 avant eux. <strong>Il sort tout juste de prison<\/strong> et il n\u2019est pas tr\u00e8s sociable. Basile explique que <strong>son cousin est accro \u00e0 l\u2019alcool<\/strong>, il tente d\u2019arr\u00eater.<\/p>\n<p>Basile dit que <strong>la ligne du fixe est coup\u00e9e<\/strong> \u00e0 cause de l\u2019orage. Rapha\u00eblle et Chlo\u00e9 sont d\u00e9go\u00fbt\u00e9es, elles ne peuvent pas appeler Alex et Martin.<\/p>\n<p>Soraya d\u00e9cide de parler \u00e0 Gabriel au petit matin de <strong>son id\u00e9e de l\u2019adoption<\/strong>. Gabriel pense qu\u2019elle plaisante, Soraya lui dit qu\u2019elle est s\u00e9rieuse. <strong>Gabriel est vex\u00e9<\/strong>, il estime que Soraya pense qu\u2019elle ne va pas y arriver. Gabriel r\u00e9agit mal.<\/p>\n<p><img loading=\"lazy\" decoding=\"async\" aria-describedby=\"caption-attachment-336955\" src=\"data:image\/svg+xml,%3Csvg%20xmlns=\" http:=\"\" alt=\"soraya dna \" width=\"1200\" height=\"613\" class=\"size-full wp-image-336955\" data-lazy- data-lazy- data-lazy-src=\"https:\/\/www.europesays.com\/fr\/wp-content\/uploads\/2026\/01\/dna-2114dssSssssf.jpg\"\/><\/p>\n<p id=\"caption-attachment-336955\" class=\"wp-caption-text\">Soraya s\u2019en mord les doigts d\u2019avoir parl\u00e9 d\u2019adoption<\/p>\n<p>&#13;<br \/>\n<br \/>&#13;<\/p>\n<p>Bart est stress\u00e9, il a peu dormi \u00e0 cause de la signature. <strong>Il a peur que Philippine et Charles lui fassent \u00e0 l\u2019envers<\/strong>. Bart h\u00e9site, il se dit qu\u2019il pourrait revendre le Spoon et ouvrir une nouvelle affaire. Erica pense que ce n\u2019est pas une bonne id\u00e9e.<\/p>\n<p>William continue ses vid\u00e9os \u00ab\u00a0sant\u00e9\u00a0\u00bb pour les r\u00e9seaux sociaux, il fait <strong>une vid\u00e9o pro-vaccin pour les b\u00e9b\u00e9s<\/strong> par rapport \u00e0 l\u2019histoire d\u2019Orso. Aurore avoue \u00e0 William que \u00e7a lui plaisait bien d\u2019avoir un petit-fils.<\/p>\n<p>Aurore dit \u00e0 William de laisser un peu tranquille Sofia car ils l\u2019ont eue au t\u00e9l\u00e9phone la veille. D\u00e8s qu\u2019Aurore va chercher un caf\u00e9, <strong>William n\u2019arrive pas \u00e0 se retenir, il appelle Sofia<\/strong>.<\/p>\n<p><img loading=\"lazy\" decoding=\"async\" aria-describedby=\"caption-attachment-336953\" src=\"data:image\/svg+xml,%3Csvg%20xmlns=\" http:=\"\" alt=\"bart et philippine\" width=\"1200\" height=\"616\" class=\"size-full wp-image-336953\" data-lazy- data-lazy- data-lazy-src=\"https:\/\/www.europesays.com\/fr\/wp-content\/uploads\/2026\/01\/dna-2114dssSsssf.jpg\"\/><\/p>\n<p id=\"caption-attachment-336953\" class=\"wp-caption-text\">Bart ne s\u2019attendait pas au rebondissement Victor Brunet<\/p>\n<p>Judith avoue \u00e0 Chlo\u00e9, Rapha\u00eblle et Maud qu\u2019elle ne le sent pas Basile. Chlo\u00e9 avoue qu\u2019elle aimerait parler au cousin car elle pense que <strong>d\u00e9marrer un sevrage seul, c\u2019est vraiment compliqu\u00e9<\/strong>.<br \/>Philippine explique \u00e0 Victor : \u00ab\u00a0je signe en mon nom et je vous revends la moiti\u00e9 des parts\u00a0\u00bb. <strong>Victor se m\u00e9fie<\/strong>, il a peur qu\u2019elle lui fasse \u00e0 l\u2019envers. Il pr\u00e9f\u00e8re rester prudent. Victor veut \u00eatre pr\u00e9sent \u00e0 la signature. Philippine pense qu\u2019il va tout faire capoter.<br \/><img loading=\"lazy\" decoding=\"async\" aria-describedby=\"caption-attachment-336951\" src=\"data:image\/svg+xml,%3Csvg%20xmlns=\" http:=\"\" alt=\"jordan dna \" width=\"1200\" height=\"739\" class=\"size-full wp-image-336951\" data-lazy- data-lazy- data-lazy-src=\"https:\/\/www.europesays.com\/fr\/wp-content\/uploads\/2026\/01\/dna-2114dssSssf.jpg\"\/><\/p>\n<p id=\"caption-attachment-336951\" class=\"wp-caption-text\">Jordan est inquiet de ne pas avoir de nouvelles de Judith<\/p>\n<p>Erica vient voir Sara au commissariat, elle lui parle des <strong>messages qu\u2019elle re\u00e7oit d\u2019un admirateur secret<\/strong> qui commence \u00e0 la faire flipper. Sara a l\u2019impression que les messages font r\u00e9f\u00e9rence au pass\u00e9.<\/p>\n<p>Jordan vient voir Alex aux Halles : il s\u2019inqui\u00e8te car Judith n\u2019a lu aucun message. Alex le rassure, ils sont en zone blanche. Alex dit qu\u2019il y a un fixe. Jordan est inquiet, car <strong>il y a de gros orages dans les C\u00e9vennes<\/strong>. Alex trouve que \u00e7a sonne bizarre, le r\u00e9pondeur est plein. Alex donne le num\u00e9ro \u00e0 Jordan : le 1er qui arrive \u00e0 joindre les filles.<\/p>\n<p><img loading=\"lazy\" decoding=\"async\" aria-describedby=\"caption-attachment-336949\" src=\"data:image\/svg+xml,%3Csvg%20xmlns=\" http:=\"\" alt=\"alex dna \" width=\"1200\" height=\"664\" class=\"size-full wp-image-336949\" data-lazy- data-lazy- data-lazy-src=\"https:\/\/www.europesays.com\/fr\/wp-content\/uploads\/2026\/01\/dna-2114dssSsf.jpg\"\/><\/p>\n<p id=\"caption-attachment-336949\" class=\"wp-caption-text\">Alex s\u2019inqui\u00e8te, il n\u2019arrive pas \u00e0 joindre Chlo\u00e9<\/p>\n<p>Demain nous appartient 8 janvier 2026 : Chlo\u00e9 fait une d\u00e9couverte choc<\/p>\n<p>Lou re\u00e7oit Philippine, Charles et Bart au Spoon pour <strong>la signature du contrat<\/strong>. Victor d\u00e9barque, il v\u00e9rifie qu\u2019une partie des parts lui reviendra apr\u00e8s la vente. <strong>C\u2019est la douche froide pour Bart<\/strong>, il ne s\u2019attendait pas \u00e0 \u00e7a.<\/p>\n<p>Bart dit \u00e0 Philippine \u00ab\u00a0vous vous foutez de ma gueule depuis le d\u00e9but ?\u00a0\u00bb. <strong>Bart dit qu\u2019il est pr\u00eat \u00e0 perdre son affaire plut\u00f4t que de s\u2019associer avec un c**ard<\/strong>.<\/p>\n<p>Philippine veut que <strong>Bart signe imm\u00e9diatement sinon elle retire l\u2019offre<\/strong>, et il pourra dire \u00e0 la fin du mois \u00e0 ses employ\u00e9s qu\u2019ils ont perdu leur boulot.<\/p>\n<p><img loading=\"lazy\" decoding=\"async\" aria-describedby=\"caption-attachment-336945\" src=\"data:image\/svg+xml,%3Csvg%20xmlns=\" http:=\"\" alt=\"erica et sara dna \" width=\"1200\" height=\"628\" class=\"size-full wp-image-336945\" data-lazy- data-lazy- data-lazy-src=\"https:\/\/www.europesays.com\/fr\/wp-content\/uploads\/2026\/01\/dna-2114dsssf.jpg\"\/><\/p>\n<p id=\"caption-attachment-336945\" class=\"wp-caption-text\">Erica parle \u00e0 Sara des messages suspects qu\u2019elle re\u00e7oit<\/p>\n<p>Gabriel a l\u2019impression que c\u2019est un aveu d\u2019\u00e9chec s\u2019ils passent par l\u2019op\u00e9ration. <strong>Soraya s\u2019\u00e9nerve<\/strong>, elle est saoul\u00e9e qu\u2019il ne veuille rien entendre parce qu\u2019il y a un souci de virilit\u00e9.<br \/>&#13;<br \/>\n<br \/><strong>Bart a sign\u00e9 le contrat<\/strong>. Il pense qu\u2019il va vivre un enfer, il va se retrouver contre les 3.<br \/><img loading=\"lazy\" decoding=\"async\" aria-describedby=\"caption-attachment-336933\" src=\"data:image\/svg+xml,%3Csvg%20xmlns=\" http:=\"\" alt=\"william dna \" width=\"1200\" height=\"622\" class=\"size-full wp-image-336933\" data-lazy- data-lazy- data-lazy-src=\"https:\/\/www.europesays.com\/fr\/wp-content\/uploads\/2026\/01\/dna-2114dcf.jpg\"\/><\/p>\n<p id=\"caption-attachment-336933\" class=\"wp-caption-text\">William a du mal \u00e0 couper le cordon avec Sofia<\/p>\n<p>Sara a demand\u00e9 \u00e0 Damien d\u2019enqu\u00eater sur les SMS d\u2019Erica : il a d\u00e9couvert que le gars utilise un VPN, le sien a buggu\u00e9 dans la nuit d\u2019hier\u2026 <strong>Damien pense que le mec est dans les C\u00e9vennes<\/strong>, et tout a plant\u00e9 \u00e0 cause de l\u2019orage. L\u2019interlocuteur est pr\u00e8s d\u2019Al\u00e8s. Sara offre un cookie \u00e0 Damien pour le remercier.<br \/><img loading=\"lazy\" decoding=\"async\" aria-describedby=\"caption-attachment-336929\" src=\"data:image\/svg+xml,%3Csvg%20xmlns=\" http:=\"\" alt=\"maud dna \" width=\"1200\" height=\"640\" class=\"size-full wp-image-336929\" data-lazy- data-lazy- data-lazy-src=\"https:\/\/www.europesays.com\/fr\/wp-content\/uploads\/2026\/01\/dna-2114bc.jpg\"\/><\/p>\n<p id=\"caption-attachment-336929\" class=\"wp-caption-text\">Chlo\u00e9, Rapha\u00eblle, Maud et Judith se posent beaucoup de questions<\/p>\n<p>Nouvel orage dans la nuit, Chlo\u00e9 se r\u00e9veille\u2026 elle se l\u00e8ve, elle a froid. Et l\u00e0, par la fen\u00eatre, <strong>elle voit Basile qui tra\u00eene un corps dans une housse<\/strong>.<br \/>\n<img loading=\"lazy\" decoding=\"async\" aria-describedby=\"caption-attachment-336925\" src=\"data:image\/svg+xml,%3Csvg%20xmlns=\" http:=\"\" alt=\"chloe dna \" width=\"1200\" height=\"623\" class=\"size-full wp-image-336925\" data-lazy- data-lazy- data-lazy-src=\"https:\/\/www.europesays.com\/fr\/wp-content\/uploads\/2026\/01\/dna-2114a.jpg\"\/><\/p>\n<p id=\"caption-attachment-336925\" class=\"wp-caption-text\">Chlo\u00e9 voit quelque chose qu\u2019elle n\u2019aurait pas du voir<\/p>\n<p>Bart a-t-il eu raison de signer le contrat du Spoon ?<\/p>\n<p>Bart au centre de l&rsquo;\u00e9pisode qui sauve le Spoon mais se retrouve avec 3 associ\u00e9s manipulateurs ! \u00c7a promet \ud83d\ude42 <\/p>\n<ul>\n<li>Oui, il n&rsquo;avait pas le choix pour sauver son affaire<\/li>\n<li>Non, il aurait d\u00fb tout perdre plut\u00f4t que s&rsquo;associer avec Victor et les Julliard<\/li>\n<li>C&rsquo;est un pacte avec le diable qu&rsquo;il va regretter<\/li>\n<\/ul>\n<p> \ud83d\udd1c Restez connect\u00e9s ! Le <strong>r\u00e9sum\u00e9 Demain nous appartient du 9 janvier 2026<\/strong> avec l\u2019\u00e9pisode 2115 arrive tr\u00e8s vite sur Nouveaut\u00e9s T\u00e9l\u00e9.<\/p>\n<p>Que pensez-vous du nouvel \u00e9pisode de Demain nous appartient ? R\u00e9agissez en commentaire ! \ud83d\udcac Commentez les \u00e9pisodes sur <strong><a href=\"https:\/\/www.nouveautes-tele.com\/51124-forum-demain-nous-appartient-tf1.html\" target=\"_blank\" rel=\"noopener\"> le forum de Demain nous appartient<\/a><\/strong> chaque jour.<\/p>\n<p>  &#13;<br \/>\n&#13;<\/p>\n<p> \u00a0 \u00a0\ud83d\udcfa Demain nous appartient &#8211; Intrigue \u00ab\u00a0L&rsquo;escapade\u00a0\u00bb<br \/>\n    &#13;<\/p>\n<tr>&#13;<br \/>\n            \ud83d\udcc5 Date&#13;<br \/>\n            \ud83c\udfac \u00c9pisode&#13;<br \/>\n            \ud83d\udd25 Point Cl\u00e9&#13;<br \/>\n        <\/tr>\n<p>&#13;<br \/>\n      &#13;<\/p>\n<tr>&#13;<br \/>\n \u00a0 \u00a0 \u00a0 \u00a0 \u00a0 \u00a0<\/p>\n<td> 6 janvier 2026<\/td>\n<p>&#13;<\/p>\n<td><a href=\"https:\/\/www.nouveautes-tele.com\/336595-georges-au-fond-du-gouffre-la-reaction-cash-de-mona-face-au-chaos-demain-nous-appartient-6-janvier-2026-episode-2112-resume-complet-dna.html\" target=\"_blank\" rel=\"noopener\"><strong>2112<\/strong><\/a><\/td>\n<p>&#13;<br \/>\n \u00a0 \u00a0 \u00a0 \u00a0 \u00a0 \u00a0<\/p>\n<td>Rapha\u00eblle et Chlo\u00e9 en panne et pas d&rsquo;\u00e9lectricit\u00e9 au g\u00eete<\/td>\n<p>&#13;<br \/>\n        <\/tr>\n<p>&#13;<br \/>\n\t\t&#13;<\/p>\n<tr>&#13;<br \/>\n \u00a0 \u00a0 \u00a0 \u00a0 \u00a0 \u00a0<\/p>\n<td> 7 janvier 2026<\/td>\n<p>&#13;<\/p>\n<td><a href=\"https:\/\/www.nouveautes-tele.com\/336769-raphaelle-et-chloe-traquees-des-cris-et-un-appel-au-secours-dans-la-nuit-demain-nous-appartient-7-janvier-2026-episode-2113-resume-complet-dna.html\" target=\"_blank\" rel=\"noopener\"><strong>2113<\/strong><\/a><\/td>\n<p>&#13;<br \/>\n \u00a0 \u00a0 \u00a0 \u00a0 \u00a0 \u00a0<\/p>\n<td>Un appel \u00e0 l&rsquo;aide au refuge : les filles paniquent<\/td>\n<p>&#13;<br \/>\n        <\/tr>\n<p>&#13;<br \/>\n\t\t&#13;<\/p>\n<tr>&#13;<br \/>\n \u00a0 \u00a0 \u00a0 \u00a0 \u00a0 \u00a0<\/p>\n<td> 8 janvier 2026<\/td>\n<p>&#13;<\/p>\n<td><a href=\"https:\/\/www.nouveautes-tele.com\/336923-victor-en-embuscade-bart-vend-son-ame-pour-sauver-le-spoon-demain-nous-appartient-8-janvier-2026-episode-2114-resume-complet-dna.html\" target=\"_blank\" rel=\"noopener\"><strong>2114<\/strong><\/a><\/td>\n<p>&#13;<br \/>\n \u00a0 \u00a0 \u00a0 \u00a0 \u00a0 \u00a0<\/p>\n<td>Erica harcel\u00e9e par Basile l&rsquo;h\u00f4te du g\u00eete ?<\/td>\n<p>&#13;<br \/>\n        <\/tr>\n<p>&#13;<br \/>\n\t\t&#13;<\/p>\n<p>&#13;<\/p>\n<p>Suivez  les <a href=\"https:\/\/www.nouveautes-tele.com\/61084-audience-demain-nous-appartient-tf1-du-lundi-au-vendredi.html\" target=\"_blank\" rel=\"noopener\"><strong>audiences DNA<\/strong><\/a> du lundi au vendredi. <\/p>\n<p>Fan de Demain nous appartient ? les s\u00e9ries \u00e0 ne pas manquer <\/p>\n<p>Si vous \u00eates accro \u00e0 Demain nous appartient, voici les s\u00e9ries qui vont s\u00fbrement devenir vos prochains coups de c\u0153ur !<\/p>\n<p><a href=\"https:\/\/www.nouveautes-tele.com\/118986-nouveau-feuilleton-sur-tf1.html\" target=\"_blank\" rel=\"noopener\"><strong>Ici tout commence<\/strong><\/a> \u00e0 18h30, l\u2019univers culinaire de TF1 avec Benjamin Baroche. <a href=\"https:\/\/www.nouveautes-tele.com\/86457-grand-soleil-le-guide-complet-du-feuilleton-france-2-rentree-2018.html\" target=\"_blank\" rel=\"noopener\"><strong>Un si grand soleil<\/strong><\/a> avec Yvon Back \u00e0 20h45 juste avant le prime-time sur France 3. <a href=\"https:\/\/www.nouveautes-tele.com\/38439-plus-belle-la-vie-le-guide-des-resumes-et-spoilers.html\" target=\"_blank\" rel=\"noopener\"><strong>Plus belle la vie sur TF1<\/strong><\/a> \u00e0 14h avec St\u00e9phane Henon\u2026 et la vie est encore plus belle !<\/p>\n<p>                          <img loading=\"lazy\" decoding=\"async\" width=\"512\" height=\"512\" src=\"data:image\/svg+xml,%3Csvg%20xmlns=\" http:=\"\" alt=\"Logo de Nouveaut\u00e9 t\u00e9l\u00e9\" data-lazy-src=\"https:\/\/www.europesays.com\/fr\/wp-content\/uploads\/2025\/06\/nt-logo.png\"\/><\/p>\n<p>\t\t\t  Isabelle Corteilles<\/p>\n<p>Titou, fondatrice de Nouveaut\u00e9s T\u00e9l\u00e9 en 2014, passionn\u00e9e de m\u00e9dias et incollable sur l\u2019actualit\u00e9 des s\u00e9ries t\u00e9l\u00e9. De la g\u00e9n\u00e9ration Dawson\u2019s Creek et Sous le Soleil, je navigue aujourd\u2019hui entre le Spoon de DNA, les marais salants d\u2019ITC, le Mistral de PBLV et les Sauvages d\u2019Un Si Grand Soleil, pour ne rien rater des derni\u00e8res intrigues et des indiscr\u00e9tions.<\/p>\n","protected":false},"excerpt":{"rendered":"Victor (Farouk Bermouga) sort de l\u2019ombre : Bart (Hector Langevin) signe le contrat du diable Tout ce qu\u2019il&hellip;\n","protected":false},"author":2,"featured_media":642082,"comment_status":"","ping_status":"","sticky":false,"template":"","format":"standard","meta":{"footnotes":""},"categories":[1356],"tags":[58,59,1011,27,252,1364],"class_list":{"0":"post-642081","1":"post","2":"type-post","3":"status-publish","4":"format-standard","5":"has-post-thumbnail","7":"category-television","8":"tag-divertissement","9":"tag-entertainment","10":"tag-fr","11":"tag-france","12":"tag-television","13":"tag-tv"},"share_on_mastodon":{"url":"https:\/\/pubeurope.com\/@fr\/115841599202007903","error":""},"_links":{"self":[{"href":"https:\/\/www.europesays.com\/fr\/wp-json\/wp\/v2\/posts\/642081","targetHints":{"allow":["GET"]}}],"collection":[{"href":"https:\/\/www.europesays.com\/fr\/wp-json\/wp\/v2\/posts"}],"about":[{"href":"https:\/\/www.europesays.com\/fr\/wp-json\/wp\/v2\/types\/post"}],"author":[{"embeddable":true,"href":"https:\/\/www.europesays.com\/fr\/wp-json\/wp\/v2\/users\/2"}],"replies":[{"embeddable":true,"href":"https:\/\/www.europesays.com\/fr\/wp-json\/wp\/v2\/comments?post=642081"}],"version-history":[{"count":0,"href":"https:\/\/www.europesays.com\/fr\/wp-json\/wp\/v2\/posts\/642081\/revisions"}],"wp:featuredmedia":[{"embeddable":true,"href":"https:\/\/www.europesays.com\/fr\/wp-json\/wp\/v2\/media\/642082"}],"wp:attachment":[{"href":"https:\/\/www.europesays.com\/fr\/wp-json\/wp\/v2\/media?parent=642081"}],"wp:term":[{"taxonomy":"category","embeddable":true,"href":"https:\/\/www.europesays.com\/fr\/wp-json\/wp\/v2\/categories?post=642081"},{"taxonomy":"post_tag","embeddable":true,"href":"https:\/\/www.europesays.com\/fr\/wp-json\/wp\/v2\/tags?post=642081"}],"curies":[{"name":"wp","href":"https:\/\/api.w.org\/{rel}","templated":true}]}}