{"id":642085,"date":"2026-01-05T08:42:26","date_gmt":"2026-01-05T08:42:26","guid":{"rendered":"https:\/\/www.europesays.com\/fr\/642085\/"},"modified":"2026-01-05T08:42:26","modified_gmt":"2026-01-05T08:42:26","slug":"le-cine-tricot-vous-connaissez","status":"publish","type":"post","link":"https:\/\/www.europesays.com\/fr\/642085\/","title":{"rendered":"le cin\u00e9 tricot, vous connaissez ?"},"content":{"rendered":"<p class=\"article__intro\">Le tricot vit une nouvelle jeunesse depuis la p\u00e9riode Covid. Alors, de plus en plus de cin\u00e9ma propose d&rsquo;allier deux activit\u00e9s : regarder un film et tricoter en m\u00eame temps. Voici la recette de cette activit\u00e9 pratiqu\u00e9e dans une salle (presque) obscure.   <\/p>\n<p>\n      La Quotidienne Soci\u00e9t\u00e9\n    <\/p>\n<p>\n      De la vie quotidienne aux grands enjeux, recevez tous les jours les sujets qui font la soci\u00e9t\u00e9 locale, comme la justice, l\u2019\u00e9ducation, la sant\u00e9 et la famille.\n    <\/p>\n<p>    France T\u00e9l\u00e9visions utilise votre adresse e-mail afin de vous envoyer la newsletter \u00ab\u00a0La Quotidienne Soci\u00e9t\u00e9\u00a0\u00bb. Vous pouvez vous d\u00e9sinscrire \u00e0 tout moment via le lien en bas de cette newsletter. <a target=\"_blank\" href=\"https:\/\/www.francetelevisions.fr\/groupe\/confidentialite\/politique-de-confidentialite\/politique-de-confidentialite-de-france-televisions-6503\" rel=\"noopener\">Notre politique de confidentialit\u00e9<\/a><\/p>\n<p>Tricoter tout en \u00e9tant au chaud, bien install\u00e9 dans un fauteuil de cin\u00e9ma, de plus en plus de salles obscures proposent cette formule. Ce jour-l\u00e0, c\u2019est \u00e0 Montmorillon dans la Vienne que les passionn\u00e9es de laine se sont donn\u00e9 rendez-vous au Majestic.<\/p>\n<p><a href=\"https:\/\/cinemajestic-montmorillon.fr\/evenements\/animations.html#\/\" target=\"_blank\" rel=\"noopener noreferrer nofollow\" data-tooltip-url=\"https:\/\/cinemajestic-montmorillon.fr\/evenements\/animations.html#\/\">\u00c0 l\u2019affiche : le gang des Amazones<\/a>. Des boissons chaudes et des macarons de la ville sont aussi servis lors de ce moment convivial. Pour Chantal et Marie, le tricot c&rsquo;est une histoire d\u00e9j\u00e0 ancienne, mais associer sa pratique avec une s\u00e9ance cin\u00e9ma, c&rsquo;est pour elles une nouveaut\u00e9.<\/p>\n<p>\u00ab\u00a0C\u2019est un moment de partage avec une occupation commune qu\u2019est le tricot, explique Marie en tricotant. Cette activit\u00e9 est assez individualiste donc \u00e7a permet de ne pas \u00eatre seule et puis je n\u2019allais pas beaucoup au cin\u00e9ma, donc c\u2019est un bon compromis.\u201d<\/p>\n<p>Avant la projection, le Majestic soigne ses invit\u00e9s. Une commer\u00e7ante est l\u00e0 pour dispenser ses pr\u00e9cieux conseils autour de la qualit\u00e9 de la laine ou encore le choix des couleurs.<\/p>\n<\/p>\n<p>Cette mode du cin\u00e9 tricot est aussi l\u2019occasion d\u2019augmenter la fr\u00e9quentation apr\u00e8s une ann\u00e9e de baisse. \u00ab\u00a0Cette ann\u00e9e n\u2019a pas \u00e9t\u00e9 facile pour le cin\u00e9ma fran\u00e7ais, ni pour notre cin\u00e9ma car nous avons \u00e9t\u00e9 ferm\u00e9s partiellement \u00e0 cause des travaux, confie Marie-Fran\u00e7oise Desbrousses, pr\u00e9sidente de l&rsquo;association l&rsquo;Etoile. Depuis que l\u2019on organise ce genre d\u2019\u00e9v\u00e9nements, on voit des personnes qui ne venaient pas auparavant.\u00a0\u00bb<\/p>\n<p>\u00c0 la diff\u00e9rence d&rsquo;une s\u00e9ance classique, pas de noir complet pour le cin\u00e9 tricot. La lumi\u00e8re est tamis\u00e9e, de quoi entr&rsquo;apercevoir son ouvrage. Mais pour suivre le film, mieux vaut quand m\u00eame ma\u00eetriser la technique. \u00ab\u00a0Je r\u00e9alise un pull simple pour pouvoir suivre le film !\u00a0\u00bb, montre Marie.<\/p>\n<p>\u00c0 Montmorillon, une s\u00e9ance par mois sera propos\u00e9e aux amateurs. La prochaine, le 31 janvier, permettra de d\u00e9couvrir en tricotant La femme de m\u00e9nage.<\/p>\n","protected":false},"excerpt":{"rendered":"Le tricot vit une nouvelle jeunesse depuis la p\u00e9riode Covid. Alors, de plus en plus de cin\u00e9ma propose&hellip;\n","protected":false},"author":2,"featured_media":642086,"comment_status":"","ping_status":"","sticky":false,"template":"","format":"standard","meta":{"footnotes":""},"categories":[1354],"tags":[58,59,1346,1011,27,1360],"class_list":{"0":"post-642085","1":"post","2":"type-post","3":"status-publish","4":"format-standard","5":"has-post-thumbnail","7":"category-films","8":"tag-divertissement","9":"tag-entertainment","10":"tag-films","11":"tag-fr","12":"tag-france","13":"tag-movies"},"share_on_mastodon":{"url":"https:\/\/pubeurope.com\/@fr\/115841606920875302","error":""},"_links":{"self":[{"href":"https:\/\/www.europesays.com\/fr\/wp-json\/wp\/v2\/posts\/642085","targetHints":{"allow":["GET"]}}],"collection":[{"href":"https:\/\/www.europesays.com\/fr\/wp-json\/wp\/v2\/posts"}],"about":[{"href":"https:\/\/www.europesays.com\/fr\/wp-json\/wp\/v2\/types\/post"}],"author":[{"embeddable":true,"href":"https:\/\/www.europesays.com\/fr\/wp-json\/wp\/v2\/users\/2"}],"replies":[{"embeddable":true,"href":"https:\/\/www.europesays.com\/fr\/wp-json\/wp\/v2\/comments?post=642085"}],"version-history":[{"count":0,"href":"https:\/\/www.europesays.com\/fr\/wp-json\/wp\/v2\/posts\/642085\/revisions"}],"wp:featuredmedia":[{"embeddable":true,"href":"https:\/\/www.europesays.com\/fr\/wp-json\/wp\/v2\/media\/642086"}],"wp:attachment":[{"href":"https:\/\/www.europesays.com\/fr\/wp-json\/wp\/v2\/media?parent=642085"}],"wp:term":[{"taxonomy":"category","embeddable":true,"href":"https:\/\/www.europesays.com\/fr\/wp-json\/wp\/v2\/categories?post=642085"},{"taxonomy":"post_tag","embeddable":true,"href":"https:\/\/www.europesays.com\/fr\/wp-json\/wp\/v2\/tags?post=642085"}],"curies":[{"name":"wp","href":"https:\/\/api.w.org\/{rel}","templated":true}]}}