{"id":642087,"date":"2026-01-05T08:43:11","date_gmt":"2026-01-05T08:43:11","guid":{"rendered":"https:\/\/www.europesays.com\/fr\/642087\/"},"modified":"2026-01-05T08:43:11","modified_gmt":"2026-01-05T08:43:11","slug":"cas-de-variole-du-singe-mpox","status":"publish","type":"post","link":"https:\/\/www.europesays.com\/fr\/642087\/","title":{"rendered":"Cas de variole du singe &#8211; Mpox"},"content":{"rendered":"<p class=\"svelte-qfpp5o first-paragraph\">Les autorit\u00e9s sanitaires malgaches sont sur le qui-vive. La variole du singe, aussi appel\u00e9e Mpox, fait son retour. 40 cas suspects ont \u00e9t\u00e9 recens\u00e9s dans la Grande \u00cele, dont 34 \u00e0 Majunga. Le minist\u00e8re de la Sant\u00e9 y confirme d&rsquo;ailleurs cinq cas de contamination, selon Orange Actus Madagascar.<\/p>\n<p class=\"svelte-qfpp5o\">Fi\u00e8vre, maux de t\u00eate, ganglions enfl\u00e9s et \u00e9ruptions cutan\u00e9es sont les principaux sympt\u00f4mes de ce virus tr\u00e8s contagieux. La vigilance est donc de mise pour limiter sa propagation. \u00c0 La R\u00e9union, les voyageurs \u00e0 destination de la Grande \u00cele sont plut\u00f4t sereins.<\/p>\n<p>Peu d&rsquo;inqui\u00e9tude chez les voyageurs<\/p>\n<p class=\"svelte-qfpp5o\">\u00c0 l&rsquo;a\u00e9roport Roland Garros ce dimanche 4 janvier, Patrick attend son tour pour s&rsquo;enregistrer pour Antananarivo. Il part serein \u00e0 Madagascar car dans la capitale, pas de suspicions de variole du singe pour l&rsquo;instant. \u00ab\u00a0On dit que c&rsquo;est une maladie contagieuse, qu&rsquo;elle est assez localis\u00e9e et moi je vais \u00e0 Tana, je reste uniquement \u00e0 Tana pour des raisons professionnelles donc \u00e7a s&rsquo;arr\u00eate l\u00e0\u00a0\u00bb, dit-il.<\/p>\n<p class=\"svelte-qfpp5o\">\u00ab\u00a0C&rsquo;est s\u00fbr que c&rsquo;est inqui\u00e9tant mais il faut rester vigilant, se prot\u00e9ger et se traiter si jamais on voit des sympt\u00f4mes appara\u00eetre\u00a0\u00bb, pense de son c\u00f4t\u00e9 Isma\u00ebl. Il se rend \u00e0 Madagascar pour rendre visite \u00e0 sa famille, il n&rsquo;en avait pas entendu parler, mais rien d&rsquo;inqui\u00e9tant selon lui : \u00ab\u00a0C&rsquo;est quelque chose qui a d\u00e9j\u00e0 exist\u00e9, il faut prendre ses pr\u00e9cautions et \u00e9viter tout contact humain avec des personnes infect\u00e9es et bien se nettoyer. Mais je pense qu&rsquo;on vit malheureusement dans un pays o\u00f9 l&rsquo;hygi\u00e8ne reste quelque chose d&rsquo;assez d\u00e9licat\u00a0\u00bb, assure le voyageur.<\/p>\n<blockquote class=\"quote svelte-15qzpub\">\n<p class=\"text svelte-15qzpub\">\u00ab J&rsquo;\u00e9tais pas du tout au courant, j&rsquo;ai pas suivi les informations l\u00e0-bas, je me renseignerais mieux \u00e0 mon arriv\u00e9e mais \u00e7a ne m&rsquo;\u00e9tonne pas.  \u00bb<\/p>\n<p> Isma\u00ebl, voyageur r\u00e9unionnais \u00e0 destination de Madagascar<\/p><\/blockquote>\n<p class=\"svelte-qfpp5o\">Fran\u00e7ois, lui, promet d&rsquo;\u00eatre vigilant, il doit organiser un gala de boxe la semaine prochaine \u00e0 Antsirabe, dans le centre de l&rsquo;\u00eele. \u00ab\u00a0Moi j&rsquo;en ai entendu parler justement avec mes amis, ils m&rsquo;ont dit que \u00e7a propageait un petit peu partout et normalement, on va voir si on continue \u00e0 organiser le gala ou pas par rapport \u00e0 cette maladie\u00a0\u00bb, raconte-t-il.<\/p>\n<p class=\"svelte-qfpp5o\"><b>\u00c9coutez le reportage de R\u00e9union la 1\u00e8re :<\/b><\/p>\n<\/p>\n<p>Mada sous haute surveillance<\/p>\n<p class=\"svelte-qfpp5o\">L&rsquo;Agence R\u00e9gionale de Sant\u00e9 de La R\u00e9union assure suivre de pr\u00e8s cette situation \u00e9pid\u00e9miologique \u00e0 Madagascar. \u00c0 ce jour, pas de risque pour notre \u00eele, mais chez nos voisins malgaches, les autorit\u00e9s renforcent les mesures de contr\u00f4les sanitaires, notamment au port et \u00e0 l&rsquo;a\u00e9roport de Majunga.<\/p>\n<p class=\"svelte-qfpp5o\">Des contr\u00f4les sont \u00e9galement mis en place au d\u00e9part et \u00e0 l&rsquo;arriv\u00e9e dans les gares routi\u00e8res. Des barrages sanitaires ont par ailleurs \u00e9t\u00e9 install\u00e9s dans plusieurs zones du pays avec une d\u00e9sinfection syst\u00e9matique des v\u00e9hicules en provenance de Majunga et sa r\u00e9gion. Le minist\u00e8re de la Sant\u00e9 indique que des sites d&rsquo;isolement sont d\u00e9j\u00e0 op\u00e9rationnels pour la prise en charge des cas confirm\u00e9s.<\/p>\n<p class=\"svelte-qfpp5o\">Le Minist\u00e8re de l&rsquo;Enseignement sup\u00e9rieur et de la Recherche Scientifique rend obligatoire le port du masque dans l&rsquo;ensemble des \u00e9tablissements relevant de sa tutelle. Sont concern\u00e9s : les universit\u00e9s, les \u00e9coles et instituts, les centres de recherche ainsi que le Centre national de t\u00e9l\u00e9-enseignement de Madagascar, r\u00e9v\u00e8le Orange Actu. <\/p>\n<p class=\"svelte-qfpp5o\"><b>Les pr\u00e9cisions de R\u00e9union la 1\u00e8re :<\/b><\/p>\n<\/p>\n<p class=\"svelte-qfpp5o\"><a class=\"article-link svelte-123pfsg\" href=\"https:\/\/la1ere.franceinfo.fr\/reunion\/variole-du-singe-a-madagascar-les-autorites-confirment-16-cas-de-mpox-a-mahajanga-1657343.html\" target=\"_blank\" rel=\"noopener noreferrer nofollow\">\u00c0 La R\u00e9union, une veille active face au virus est en place depuis 2022<\/a>, mais l&rsquo;inqui\u00e9tude reste l&rsquo;apparition d&rsquo;un nouveau variant plus contagieux qui a d\u00e9j\u00e0 fait plus de 500 morts en Afrique.<\/p>\n","protected":false},"excerpt":{"rendered":"Les autorit\u00e9s sanitaires malgaches sont sur le qui-vive. La variole du singe, aussi appel\u00e9e Mpox, fait son retour.&hellip;\n","protected":false},"author":2,"featured_media":642088,"comment_status":"","ping_status":"","sticky":false,"template":"","format":"standard","meta":{"footnotes":""},"categories":[10],"tags":[1011,27,72,71],"class_list":{"0":"post-642087","1":"post","2":"type-post","3":"status-publish","4":"format-standard","5":"has-post-thumbnail","7":"category-sante","8":"tag-fr","9":"tag-france","10":"tag-health","11":"tag-sante"},"share_on_mastodon":{"url":"https:\/\/pubeurope.com\/@fr\/115841610815074712","error":""},"_links":{"self":[{"href":"https:\/\/www.europesays.com\/fr\/wp-json\/wp\/v2\/posts\/642087","targetHints":{"allow":["GET"]}}],"collection":[{"href":"https:\/\/www.europesays.com\/fr\/wp-json\/wp\/v2\/posts"}],"about":[{"href":"https:\/\/www.europesays.com\/fr\/wp-json\/wp\/v2\/types\/post"}],"author":[{"embeddable":true,"href":"https:\/\/www.europesays.com\/fr\/wp-json\/wp\/v2\/users\/2"}],"replies":[{"embeddable":true,"href":"https:\/\/www.europesays.com\/fr\/wp-json\/wp\/v2\/comments?post=642087"}],"version-history":[{"count":0,"href":"https:\/\/www.europesays.com\/fr\/wp-json\/wp\/v2\/posts\/642087\/revisions"}],"wp:featuredmedia":[{"embeddable":true,"href":"https:\/\/www.europesays.com\/fr\/wp-json\/wp\/v2\/media\/642088"}],"wp:attachment":[{"href":"https:\/\/www.europesays.com\/fr\/wp-json\/wp\/v2\/media?parent=642087"}],"wp:term":[{"taxonomy":"category","embeddable":true,"href":"https:\/\/www.europesays.com\/fr\/wp-json\/wp\/v2\/categories?post=642087"},{"taxonomy":"post_tag","embeddable":true,"href":"https:\/\/www.europesays.com\/fr\/wp-json\/wp\/v2\/tags?post=642087"}],"curies":[{"name":"wp","href":"https:\/\/api.w.org\/{rel}","templated":true}]}}