{"id":642097,"date":"2026-01-05T08:48:17","date_gmt":"2026-01-05T08:48:17","guid":{"rendered":"https:\/\/www.europesays.com\/fr\/642097\/"},"modified":"2026-01-05T08:48:17","modified_gmt":"2026-01-05T08:48:17","slug":"trump-reaffirme-son-souhait-dun-groenland-americain-apres-lobjection-du-danemark-05-01-2026-a-0645","status":"publish","type":"post","link":"https:\/\/www.europesays.com\/fr\/642097\/","title":{"rendered":"Trump r\u00e9affirme son souhait d&rsquo;un Groenland am\u00e9ricain, apr\u00e8s l&rsquo;objection du Danemark &#8211; 05\/01\/2026 \u00e0 06:45"},"content":{"rendered":"<p>        <img decoding=\"async\" src=\"https:\/\/www.europesays.com\/fr\/wp-content\/uploads\/2026\/01\/71e3e33b7dd59244a6579fda4ee3ab52-760x501.jpg\" alt=\"Le pr\u00e9sident am\u00e9ricain Donald Trump salue les journalistes \u00e0 son arriv\u00e9e \u00e0 la Maison Blanche \u00e0 Washington, le 4 janvier 2026 ( AFP \/ ANDREW CABALLERO-REYNOLDS )\" loading=\"eager\" fetchpriority=\"high\" width=\"760\" height=\"501\" style=\"max-width: 100%!important; height: auto;\"\/><\/p>\n<p class=\"c-image-news__legend\">Le pr\u00e9sident am\u00e9ricain Donald Trump salue les journalistes \u00e0 son arriv\u00e9e \u00e0 la Maison Blanche \u00e0 Washington, le 4 janvier 2026 ( AFP \/ ANDREW CABALLERO-REYNOLDS )<\/p>\n<p>\n Donald Trump a r\u00e9affirm\u00e9 dimanche soir son souhait de voir le Groenland passer sous la coupe am\u00e9ricaine, apr\u00e8s que la Premi\u00e8re ministre danoise a exhort\u00e9 les Etats-Unis \u00e0 \u00ab\u00a0cesser leurs menaces\u00a0\u00bb d&rsquo;annexer le territoire ce week-end.\n<\/p>\n<p>\n L&rsquo;intervention militaire am\u00e9ricaine au Venezuela, qui a mis en exergue l&rsquo;int\u00e9r\u00eat de Donald Trump pour les vastes ressources p\u00e9troli\u00e8res du pays, a raviv\u00e9 les craintes pour le Groenland, convoit\u00e9 par le pr\u00e9sident am\u00e9ricain pour ses importantes ressources mini\u00e8res et son emplacement strat\u00e9gique.\n<\/p>\n<p>\n \u00ab\u00a0Nous avons besoin du Groenland du point de vue de la s\u00e9curit\u00e9 nationale, et le Danemark ne sera pas en mesure de s&rsquo;en occuper\u00a0\u00bb, a r\u00e9affirm\u00e9 le pr\u00e9sident am\u00e9ricain aux journalistes \u00e0 bord d&rsquo;Air Force One dimanche soir.\n<\/p>\n<p>\n \u00ab\u00a0Nous nous occuperons du Groenland dans environ deux mois\u2026 parlons du Groenland dans 20 jours\u00a0\u00bb, a-t-il ajout\u00e9.\n<\/p>\n<p>\n Plus t\u00f4t d\u00e9j\u00e0, Donald Trump a pouss\u00e9 la cheffe du gouvernement danois Mette Frederiksen \u00e0 sortir de sa r\u00e9serve.\n<\/p>\n<p>\n Interrog\u00e9 lors d&rsquo;un entretien t\u00e9l\u00e9phonique par The Atlantic sur les implications de l&rsquo;op\u00e9ration militaire au Venezuela pour le Groenland, Trump a d\u00e9clar\u00e9 que c&rsquo;\u00e9tait \u00e0 ses partenaires de les \u00e9valuer, selon le magazine.\n<\/p>\n<p>\n \u00ab\u00a0Ils vont devoir se faire leur propre opinion. Je ne sais vraiment pas\u00a0\u00bb, a d\u00e9clar\u00e9 M. Trump, ajoutant : \u00ab\u00a0Mais nous avons absolument besoin du Groenland. Nous en avons besoin pour notre d\u00e9fense.\u00a0\u00bb\n<\/p>\n<p>        <img decoding=\"async\" src=\"https:\/\/www.europesays.com\/fr\/wp-content\/uploads\/2026\/01\/7abfd5e04922e9e6f3e484f69522afa3-760x509.jpg\" alt=\"La Premi\u00e8re ministre danoise Mette Frederiksen s'exprime lors d'une conf\u00e9rence de presse \u00e0 Bruxelles, en Belgique, le 19 d\u00e9cembre 2025 ( AFP \/ JOHN THYS )\" loading=\"eager\" fetchpriority=\"high\" width=\"760\" height=\"509\" style=\"max-width: 100%!important; height: auto;\"\/><\/p>\n<p class=\"c-image-news__legend\">La Premi\u00e8re ministre danoise Mette Frederiksen s&rsquo;exprime lors d&rsquo;une conf\u00e9rence de presse \u00e0 Bruxelles, en Belgique, le 19 d\u00e9cembre 2025 ( AFP \/ JOHN THYS )<\/p>\n<p>\n La Premi\u00e8re ministre danoise s&rsquo;est \u00e9lev\u00e9e contre la convoitise du pr\u00e9sident am\u00e9ricain: \u00ab\u00a0Je demande instamment aux Etats-Unis de mettre fin \u00e0 leurs menaces contre un alli\u00e9 historique et contre un territoire et un peuple qui ont clairement fait savoir qu&rsquo;ils n&rsquo;\u00e9taient pas \u00e0 vendre\u00a0\u00bb, a \u00e9crit Mme Frederiksen dans un communiqu\u00e9 dimanche soir.\n<\/p>\n<p>\n \u00ab\u00a0Je dois le dire tr\u00e8s clairement aux Etats-Unis: il est tout \u00e0 fait absurde de dire que les \u00c9tats-Unis devraient prendre le contr\u00f4le du Groenland\u00a0\u00bb, a-t-elle ajout\u00e9.\n<\/p>\n<p>\n Samedi, une publication sur X de l&rsquo;\u00e9pouse du directeur de cabinet adjoint de la Maison Blanche, Stephen Miller, avait raviv\u00e9 les craintes danoises. Katie Miller a publi\u00e9 sur son compte X une carte du Groenland color\u00e9e aux couleurs du drapeau am\u00e9ricain, assortie d&rsquo;une courte l\u00e9gende en capitales: \u00ab\u00a0SOON\u00a0\u00bb (\u00ab\u00a0bient\u00f4t\u00a0\u00bb).\n<\/p>\n<p>\n Katie Miller a \u00e9t\u00e9 un temps conseill\u00e8re et porte-parole de la Commission pour l&rsquo;efficacit\u00e9 gouvernementale (Doge), alors dirig\u00e9e par Elon Musk, avant d&rsquo;\u00eatre employ\u00e9e par le milliardaire dans le secteur priv\u00e9.\n<\/p>\n<p> &#8211; \u00ab\u00a0Garantie de s\u00e9curit\u00e9\u00a0\u00bb &#8211;<\/p>\n<p>\n La Premi\u00e8re ministre danoise a rappel\u00e9 que le Royaume du Danemark, qui inclut les \u00eeles F\u00e9ro\u00e9 et le Groenland, \u00ab\u00a0fait partie de l&rsquo;OTAN et b\u00e9n\u00e9ficie ainsi de la garantie de s\u00e9curit\u00e9 de l&rsquo;alliance\u00a0\u00bb.\n<\/p>\n<p>\n Le Danemark est un alli\u00e9 historique et traditionnel des Etats-Unis, se fournissant largement aupr\u00e8s de Washington pour son armement.\n<\/p>\n<p>        <img decoding=\"async\" src=\"https:\/\/www.europesays.com\/fr\/wp-content\/uploads\/2025\/12\/a3f17998980ce30ba298158564c424fa-760x647.jpg\" alt=\"Carte montrant le Groenland, les Etats-Unis et le Danemark ( AFP \/ Guillermo RIVAS PACHECO )\" loading=\"eager\" fetchpriority=\"high\" width=\"760\" height=\"647\" style=\"max-width: 100%!important; height: auto;\"\/><\/p>\n<p class=\"c-image-news__legend\">Carte montrant le Groenland, les Etats-Unis et le Danemark ( AFP \/ Guillermo RIVAS PACHECO )<\/p>\n<p>\n Le Premier ministre du territoire autonome danois avait jug\u00e9 auparavant \u00ab\u00a0irrespectueux\u00a0\u00bb la publication de Mme Miller.\n<\/p>\n<p>\n \u00ab\u00a0Les relations entre les pays et les peuples sont fond\u00e9es sur le respect et le droit international, et non sur des symboles qui ignorent notre statut et nos droits\u00a0\u00bb, a dit Jens-Frederik Nielsen sur Facebook.\n<\/p>\n<p>\n Pour autant, \u00ab\u00a0il n&rsquo;y a aucune raison de paniquer ou de s&rsquo;inqui\u00e9ter\u00a0\u00bb, selon lui.\n<\/p>\n<p>\n L&rsquo;ambassadeur du Danemark aux Etats-Unis, Jesper M\u00f8ller S\u00f8rensen, avait lui r\u00e9pondu au message de Mme Miller en disant \u00ab\u00a0attendre le respect total de l&rsquo;int\u00e9grit\u00e9 territoriale du Royaume du Danemark\u00a0\u00bb.\n<\/p>\n<p>\n L&rsquo;annonce fin d\u00e9cembre par Donald Trump de la nomination d&rsquo;un envoy\u00e9 sp\u00e9cial pour ce vaste territoire autonome danois avait d\u00e9j\u00e0 provoqu\u00e9 un acc\u00e8s de fi\u00e8vre entre les deux pays.\n<\/p>\n<p>\n Le Groenland, immense \u00eele arctique peupl\u00e9e de 57.000 habitants, r\u00e9p\u00e8te ne pas \u00eatre \u00e0 vendre et vouloir d\u00e9cider seul de son avenir.\n<\/p>\n<p>        <img decoding=\"async\" src=\"https:\/\/www.europesays.com\/fr\/wp-content\/uploads\/2025\/12\/5e8423b9f73d65e087d12c6312eebb72-760x478.jpg\" alt=\"Le vice-pr\u00e9sident am\u00e9ricain JD Vance \u00e0 la base a\u00e9rienne am\u00e9ricaine de Pituffik, le 28 mars 2025 au Groenland ( POOL \/ Jim WATSON )\" loading=\"eager\" fetchpriority=\"high\" width=\"760\" height=\"478\" style=\"max-width: 100%!important; height: auto;\"\/><\/p>\n<p class=\"c-image-news__legend\">Le vice-pr\u00e9sident am\u00e9ricain JD Vance \u00e0 la base a\u00e9rienne am\u00e9ricaine de Pituffik, le 28 mars 2025 au Groenland ( POOL \/ Jim WATSON )<\/p>\n<p>\n En janvier 2025, 85% des Groenlandais s&rsquo;\u00e9taient dits oppos\u00e9s \u00e0 une future appartenance aux Etats-Unis, selon un sondage publi\u00e9 dans le quotidien groenlandais Sermitsiaq. Seuls 6% y \u00e9taient favorables.\n<\/p>\n<p>\n Fin mars 2025, le vice-pr\u00e9sident am\u00e9ricain, JD Vance, avait provoqu\u00e9 un toll\u00e9 en pr\u00e9voyant de se rendre sur le territoire sans y avoir \u00e9t\u00e9 invit\u00e9. Il y avait finalement renonc\u00e9 pour se contenter de visiter la seule base militaire am\u00e9ricaine du territoire.\n<\/p>\n<p>\n Fin ao\u00fbt, la t\u00e9l\u00e9vision danoise avait r\u00e9v\u00e9l\u00e9 qu&rsquo;au moins trois Am\u00e9ricains li\u00e9s \u00e0 Donald Trump avaient r\u00e9alis\u00e9 des op\u00e9rations d&rsquo;influence dans ce territoire polaire.<\/p>\n","protected":false},"excerpt":{"rendered":"Le pr\u00e9sident am\u00e9ricain Donald Trump salue les journalistes \u00e0 son arriv\u00e9e \u00e0 la Maison Blanche \u00e0 Washington, le&hellip;\n","protected":false},"author":2,"featured_media":642098,"comment_status":"","ping_status":"","sticky":false,"template":"","format":"standard","meta":{"footnotes":""},"categories":[5],"tags":[400,11,398,408,405,1011,27,403,14,402,399,404,12,401,406,407,28],"class_list":{"0":"post-642097","1":"post","2":"type-post","3":"status-publish","4":"format-standard","5":"has-post-thumbnail","7":"category-international","8":"tag-action-cac-40","9":"tag-actualites","10":"tag-bourse-de-paris","11":"tag-boursorama","12":"tag-cotations","13":"tag-fr","14":"tag-france","15":"tag-indices-devises","16":"tag-international","17":"tag-investir","18":"tag-investissement","19":"tag-marche-boursier","20":"tag-news","21":"tag-sicav","22":"tag-trackers","23":"tag-warrants","24":"tag-world"},"share_on_mastodon":{"url":"https:\/\/pubeurope.com\/@fr\/115841630677655924","error":""},"_links":{"self":[{"href":"https:\/\/www.europesays.com\/fr\/wp-json\/wp\/v2\/posts\/642097","targetHints":{"allow":["GET"]}}],"collection":[{"href":"https:\/\/www.europesays.com\/fr\/wp-json\/wp\/v2\/posts"}],"about":[{"href":"https:\/\/www.europesays.com\/fr\/wp-json\/wp\/v2\/types\/post"}],"author":[{"embeddable":true,"href":"https:\/\/www.europesays.com\/fr\/wp-json\/wp\/v2\/users\/2"}],"replies":[{"embeddable":true,"href":"https:\/\/www.europesays.com\/fr\/wp-json\/wp\/v2\/comments?post=642097"}],"version-history":[{"count":0,"href":"https:\/\/www.europesays.com\/fr\/wp-json\/wp\/v2\/posts\/642097\/revisions"}],"wp:featuredmedia":[{"embeddable":true,"href":"https:\/\/www.europesays.com\/fr\/wp-json\/wp\/v2\/media\/642098"}],"wp:attachment":[{"href":"https:\/\/www.europesays.com\/fr\/wp-json\/wp\/v2\/media?parent=642097"}],"wp:term":[{"taxonomy":"category","embeddable":true,"href":"https:\/\/www.europesays.com\/fr\/wp-json\/wp\/v2\/categories?post=642097"},{"taxonomy":"post_tag","embeddable":true,"href":"https:\/\/www.europesays.com\/fr\/wp-json\/wp\/v2\/tags?post=642097"}],"curies":[{"name":"wp","href":"https:\/\/api.w.org\/{rel}","templated":true}]}}