{"id":642111,"date":"2026-01-05T08:55:10","date_gmt":"2026-01-05T08:55:10","guid":{"rendered":"https:\/\/www.europesays.com\/fr\/642111\/"},"modified":"2026-01-05T08:55:10","modified_gmt":"2026-01-05T08:55:10","slug":"a-la-valette-le-maire-sortant-thierry-albertini-brigue-un-nouveau-mandat","status":"publish","type":"post","link":"https:\/\/www.europesays.com\/fr\/642111\/","title":{"rendered":"\u00e0 La Valette, le maire sortant Thierry Albertini brigue un nouveau mandat"},"content":{"rendered":"<p class=\"fs-5 \">C\u2019est sur le petit march\u00e9 de La Valette, samedi matin, qu\u2019on croise Thierry Albertini.<\/p>\n<p class=\"fs-5 \">Il sollicite un nouveau mandat \u00e0 la t\u00eate de la ville pour \u00ab poursuivre tout ce qui a d\u00e9j\u00e0 \u00e9t\u00e9 r\u00e9alis\u00e9 et continuer \u00e0 faire de La Valette une ville dynamique, s\u00fbre, respectueuse de son environnement et fid\u00e8le \u00e0 son identit\u00e9 \u00bb.<\/p>\n<p class=\"fs-5 \">Mais nouveau mandat ne veut pas dire m\u00eame \u00e9quipe : \u00ab Il s\u2019agit d\u2019une \u00e9quipe remani\u00e9e avec des gens tr\u00e8s diff\u00e9rents : actifs, retrait\u00e9s, jeunes, nouveaux Valettois et Valettois plus anciens, pr\u00e9vient-il. Tous rassembl\u00e9s autour d\u2019un m\u00eame esprit de responsabilit\u00e9 et d\u2019un projet clair. Son nom : Ensemble pour les Valettoises et les Valettois. \u00bb<\/p>\n<p>                                                                                \u00ab Contrairement \u00e0 mes opposants, je suis ancr\u00e9 dans ma ville \u00bb<\/p>\n<p class=\"fs-5 \">Soutenu par Les R\u00e9publicains, l\u2019UDI (Union des d\u00e9mocrates et ind\u00e9pendants), l\u2019\u00c9cologie au centre, Nouvelle \u00e9nergie et le Nouveau centre, Thierry Albertini inaugurera sa permanence le 17 janvier \u00e0 11 h (au 26, avenue du Char Verdun) et la pr\u00e9sentation de sa liste se fera le 5 f\u00e9vrier \u00e0 la salle Val\u00e9rie-Garnier.<\/p>\n<p class=\"fs-5 \">\u00ab D\u00e8s cette semaine, j\u2019adresse une lettre \u00e0 tous les Valettois o\u00f9 j\u2019explique ma candidature. Pour moi, le mot essentiel de cette ann\u00e9e est : la responsabilit\u00e9. On repr\u00e9sente 24.000 habitants, on g\u00e8re cette ville pour eux. J\u2019ai envie de poursuivre car des projets sont en cours et d\u2019autres sont \u00e0 venir \u00bb, explique-t-il.<\/p>\n<p class=\"fs-5 \">\u00ab Face \u00e0 moi, je n\u2019ai pas d\u2019ennemi et pas d\u2019adversaire principal. Mais, contrairement \u00e0 mes opposants, moi, je suis ancr\u00e9 dans ma ville. Ma famille compte cinq g\u00e9n\u00e9rations de Valettois ! \u00bb<\/p>\n<p class=\"fs-5 \">Et la plainte qui a \u00e9t\u00e9 d\u00e9pos\u00e9e contre lui par l\u2019un de ses opposants ? \u00ab Vous savez, quand on n\u2019a pas les moyens de gagner par des voies d\u00e9mocratiques, on utilise la plainte. C\u2019est d\u00e9plorable je trouve. \u00bb<\/p>\n<p>                                                                                \u00ab Une \u00e9lection se gagne sur le terrain. Pas sur les r\u00e9seaux ! \u00bb<\/p>\n<p class=\"fs-5 \">Thierry Albertini tient plut\u00f4t \u00e0 mettre en avant son \u00ab exp\u00e9rience d\u2019\u00e9lu \u00bb et son bilan : \u00ab Six \u00e9coles reconstruites sur les onze que compte la ville, l\u2019\u00e9glise refaite, une cr\u00e8che nouvelle pour les tout-petits, la maison du patrimoine et des associations r\u00e9habilit\u00e9e\u2026 La proximit\u00e9 sera \u00e9galement un th\u00e8me important : je suis l\u00e0 tous les jours, je suis accessible, et j\u2019organise des op\u00e9rations cadre de vie tous les mois. On a cr\u00e9\u00e9 un march\u00e9 le samedi, on a reverdi la ville avec 2.000 arbres plant\u00e9s : un par \u00e9colier de notre cit\u00e9 ! Enfin, La Valette compte 10 km de pistes cyclables. \u00bb<\/p>\n<p class=\"fs-5 \">Le maire sortant se targue \u00e9galement d\u2019avoir doubl\u00e9 le nombre de policiers municipaux et de disposer, en ville, de 100 cam\u00e9ras de vid\u00e9oprotection. <\/p>\n<p class=\"fs-5 \">\u00ab Et, malgr\u00e9 la proximit\u00e9 de l\u2019Avenue 83, deux cents commerces vivent en centre-ville. \u00bb<\/p>\n<p class=\"fs-5 \">Et maintenant ? \u00ab Une nouvelle cr\u00e8che va \u00eatre cr\u00e9\u00e9e sur notre territoire. Nous allons poursuivre la r\u00e9novation des \u00e9coles et assurer une pr\u00e9sence de la police municipale nuit et jour, toute l\u2019ann\u00e9e, dans nos rues. Une \u00e9lection, \u00e7a se gagne sur le terrain. Pas sur les r\u00e9seaux sociaux ! \u00bb Ses opposants appr\u00e9cieront\u2026<\/p>\n","protected":false},"excerpt":{"rendered":"C\u2019est sur le petit march\u00e9 de La Valette, samedi matin, qu\u2019on croise Thierry Albertini. Il sollicite un nouveau&hellip;\n","protected":false},"author":2,"featured_media":642112,"comment_status":"","ping_status":"","sticky":false,"template":"","format":"standard","meta":{"footnotes":""},"categories":[9619],"tags":[1111,11,1777,674,1011,27,3434,12,882,25,2310],"class_list":{"0":"post-642111","1":"post","2":"type-post","3":"status-publish","4":"format-standard","5":"has-post-thumbnail","7":"category-toulon","8":"tag-actu","9":"tag-actualites","10":"tag-eu","11":"tag-europe","12":"tag-fr","13":"tag-france","14":"tag-municipales-2026","15":"tag-news","16":"tag-provence-alpes-cote-dazur","17":"tag-republique-francaise","18":"tag-toulon"},"share_on_mastodon":{"url":"https:\/\/pubeurope.com\/@fr\/115841658032546982","error":""},"_links":{"self":[{"href":"https:\/\/www.europesays.com\/fr\/wp-json\/wp\/v2\/posts\/642111","targetHints":{"allow":["GET"]}}],"collection":[{"href":"https:\/\/www.europesays.com\/fr\/wp-json\/wp\/v2\/posts"}],"about":[{"href":"https:\/\/www.europesays.com\/fr\/wp-json\/wp\/v2\/types\/post"}],"author":[{"embeddable":true,"href":"https:\/\/www.europesays.com\/fr\/wp-json\/wp\/v2\/users\/2"}],"replies":[{"embeddable":true,"href":"https:\/\/www.europesays.com\/fr\/wp-json\/wp\/v2\/comments?post=642111"}],"version-history":[{"count":0,"href":"https:\/\/www.europesays.com\/fr\/wp-json\/wp\/v2\/posts\/642111\/revisions"}],"wp:featuredmedia":[{"embeddable":true,"href":"https:\/\/www.europesays.com\/fr\/wp-json\/wp\/v2\/media\/642112"}],"wp:attachment":[{"href":"https:\/\/www.europesays.com\/fr\/wp-json\/wp\/v2\/media?parent=642111"}],"wp:term":[{"taxonomy":"category","embeddable":true,"href":"https:\/\/www.europesays.com\/fr\/wp-json\/wp\/v2\/categories?post=642111"},{"taxonomy":"post_tag","embeddable":true,"href":"https:\/\/www.europesays.com\/fr\/wp-json\/wp\/v2\/tags?post=642111"}],"curies":[{"name":"wp","href":"https:\/\/api.w.org\/{rel}","templated":true}]}}