{"id":642113,"date":"2026-01-05T08:56:11","date_gmt":"2026-01-05T08:56:11","guid":{"rendered":"https:\/\/www.europesays.com\/fr\/642113\/"},"modified":"2026-01-05T08:56:11","modified_gmt":"2026-01-05T08:56:11","slug":"top-14-nos-jeunes-nont-pas-le-droit-de-se-former-pierre-mignoni-toulon-defend-et-assume-son-choix-a-la-rochelle","status":"publish","type":"post","link":"https:\/\/www.europesays.com\/fr\/642113\/","title":{"rendered":"Top 14 &#8211; \u00ab\u00a0Nos jeunes n&rsquo;ont pas le droit de se former ?\u00a0\u00bb : Pierre Mignoni (Toulon) d\u00e9fend et assume son choix \u00e0 La Rochelle"},"content":{"rendered":"<p>\n                Confront\u00e9 \u00e0 de nombreuses absences pour le d\u00e9placement \u00e0 La Rochelle, un match \u00e0 l\u2019ext\u00e9rieur perdu 66-0 hier soir en cl\u00f4ture de la 14e journ\u00e9e de Top 14, le manager de Toulon Pierre Mignoni a d\u00e9fendu son choix d\u2019envoyer une \u00e9quipe (tr\u00e8s) rajeunie \u00e0 Marcel-Deflandre. Qu\u2019importe les \u00e9ventuels reproches ext\u00e9rieurs.<br class=\"Apple-interchange-newline\"\/><br \/>\n\u00a0\n            <\/p>\n<p><strong>Quel est votre <a href=\"https:\/\/www.rugbyrama.fr\/2026\/01\/04\/top-14-la-rochelle-simpose-sans-trembler-contre-un-toulon-rajeuni-et-se-relance-dans-la-course-au-top-6-13143606.php\" target=\"_self\" rel=\"noopener\">premier sentiment \u00e0 l\u2019issue de ce match<\/a> ?<\/strong><\/p>\n<p>Bien s\u00fbr d\u00e9\u00e7u, d\u00e9\u00e7u pour les joueurs parce qu&rsquo;on savait que \u00e7a allait \u00eatre difficile. On avait peu de chances de gagner, il faut \u00eatre honn\u00eate, on l&rsquo;avait dit avant le match. Mais on avait \u00e0 c\u0153ur aussi d&rsquo;acqu\u00e9rir de l&rsquo;exp\u00e9rience pour pas mal de joueurs. Ce qui est difficile, c&rsquo;est de pas marquer un essai. La Rochelle nous a maintenus sous pression pendant 80 minutes, bravo. Forc\u00e9ment c&rsquo;est tr\u00e8s difficile ce soir, mais il faut passer par des matchs comme \u00e7a pour grandir et apprendre.<\/p>\n<p><strong>Vous attendiez-vous \u00e0 ce que ce soit si difficile ?<\/strong><\/p>\n<p>Oui, je m&rsquo;attendais \u00e0 ce que ce soit dur bien s\u00fbr. Je connais le niveau de la Rochelle, je connais notre niveau du moment. Je savais que \u00e7a allait \u00eatre dur. Mais honn\u00eatement, les joueurs se sont battus. Oui, on a pris 60 points, mais je crois qu&rsquo;on n&rsquo;est pas la premi\u00e8re \u00e9quipe \u00e0 prendre 60 points. Il y en a d&rsquo;autres qui en ont pris ce week-end et d&rsquo;autres week-end. Il faut passer par l\u00e0 pour que les jeunes apprennent aussi ce que c&rsquo;est le tr\u00e8s haut niveau. C&rsquo;est assez formateur aussi.<\/p>\n<p><strong>Diriez-vous que c\u2019est un apprentissage acc\u00e9l\u00e9r\u00e9 pour vos jeunes ?<\/strong><\/p>\n<p>C&rsquo;est tr\u00e8s acc\u00e9l\u00e9r\u00e9, oui. On les pr\u00e9pare, mais ils ne sont pas encore pr\u00eats \u00e0 jouer ces matchs-l\u00e0. Mais aujourd&rsquo;hui, on a fait ce choix-l\u00e0 parce que, sans se justifier, on a 19 absents entre les blessures et les cong\u00e9s obligatoires, \u00e7a fait quand m\u00eame beaucoup. Et on a quatre matchs derri\u00e8re tr\u00e8s importants. On \u00e9tait oblig\u00e9s de faire des choix. On en a fait, je les assume. Mais comme j&rsquo;ai dit aux jeunes joueurs, s&rsquo;ils sont l\u00e0, c&rsquo;est qu&rsquo;on les choisit, qu&rsquo;on mise sur eux. Aujourd&rsquo;hui, c&rsquo;\u00e9tait difficile, mais ils vont progresser, ils vont revenir. Ils ont r\u00e9pondu pr\u00e9sent sur l\u2019\u00e9tat d\u2019esprit.<\/p>\n<p><strong>C\u2019est une d\u00e9faite sans cons\u00e9quence sur la globalit\u00e9 du groupe \u00e0 l&rsquo;approche de Coupe d&rsquo;Europe ?<\/strong><\/p>\n<p>\u00c7a ne fait jamais plaisir de prendre 60 points. Mais on ne va pas se mettre la t\u00eate au fond du seau. Contrairement \u00e0 certains qui vont dire que c&rsquo;est une catastrophe. Il y a d&rsquo;autres \u00e9quipes qui ont pris 60 points, je le r\u00e9p\u00e8te. Il faut rebondir. On savait nos forces du moment. Les joueurs ont donn\u00e9 le maximum de ce qu&rsquo;ils pouvaient. C\u2019est compliqu\u00e9, quand tu loupes un plaquage face \u00e0 La Rochelle ce soir, tu prends un essai. \u00c7a co\u00fbte 7 points \u00e0 chaque fois. C&rsquo;est dur, mais c&rsquo;est le haut niveau, c&rsquo;est comme \u00e7a.<\/p>\n<p><strong>Certains vont dire aussi que c&rsquo;est un dimanche de plus avec un score fleuve, qui ne sert pas vraiment<a href=\"https:\/\/www.rugbyrama.fr\/rugby-a-xv\/top-14\/\" target=\"_self\" rel=\"noopener\"> les int\u00e9r\u00eats du Top 14<\/a>\u2026<\/strong><\/p>\n<p>Et pourquoi ? Nos jeunes n&rsquo;ont pas le droit de se former ? On nous r\u00e9duit sur le salary cap, on nous r\u00e9duit sur les jokers, on nous presse comme des citrons. Vous voulez qu&rsquo;on fasse comment ? Quand tu es \u00e0 19 absents, tu ne peux pas faire jouer Pierre-Paul-Jacques. Tu fais jouer tes ressources au club, et c&rsquo;est les jeunes. Qu&rsquo;est-ce que vous voulez que je vous dise ? Le Top 14, c&rsquo;est tr\u00e8s long, c&rsquo;est tr\u00e8s dur, on le sait. On ne va pas revenir dessus. On a un calendrier infernal. On n&rsquo;est pas trop une \u00e9quipe qui l\u00e2che des matchs \u00e0 l\u2019ext\u00e9rieur. Donc, oui, on va me le reprocher. Je l&rsquo;assume. Encore une fois, je ne peux pas faire autrement. Quand il manque 19 joueurs, \u00e0 part me mettre moi sur la feuille de match\u2026 Moi, c&rsquo;est fini, j&rsquo;en ai fait des matchs. Par contre, les jeunes, ils n&rsquo;en ont pas fait. Et l\u00e0, c&rsquo;est leur premier match pour certains. C&rsquo;est une bonne chose. Si \u00e7a ne pla\u00eet pas, c&rsquo;est pareil [\u2026] On n&rsquo;est pas des robots. Je parle pour Toulon, mais je parle pour toutes les autres \u00e9quipes. \u00c0 un moment donn\u00e9, on nous demande de jouer onze mois par saison. Enfin, Je ne vais pas pleurer sur le calendrier, \u00e7a fait 15 ans que j&rsquo;entra\u00eene, j&rsquo;ai jou\u00e9 17 ans, je connais. Ce que je dis, c\u2019est que je ne peux pas faire autrement. Donc si \u00e7a ne pla\u00eet pas, qu&rsquo;on me donne du salary cap, qu&rsquo;on me donne des moyens pour avoir trois \u00e9quipes. Pour l&rsquo;instant, on ne les a pas. Ni Toulon, ni d&rsquo;autres clubs.<\/p>\n<p><strong>Pas de casse suppl\u00e9mentaire \u00e0 d\u00e9plorer \u00e0 l\u2019issue de ce match ?<\/strong><\/p>\n<p>Pour l&rsquo;instant, non. \u00c7a, c&rsquo;est la tr\u00e8s bonne nouvelle de la soir\u00e9e. Parce que l\u00e0, je commence un peu \u00e0 serrer les fesses. Et il va falloir serrer les fesses, il faut passer entre les gouttes. La Coupe d&rsquo;Europe revient la semaine prochaine. Il y a deux matches de Coupe d&rsquo;Europe et deux matchs de championnat avant, enfin, une coupure. En essayant, j&rsquo;esp\u00e8re, de r\u00e9cup\u00e9rer au moins deux, trois joueurs dans ce mois qui arrive, sur les 14 ou 15 bless\u00e9s.<\/p>\n","protected":false},"excerpt":{"rendered":"Confront\u00e9 \u00e0 de nombreuses absences pour le d\u00e9placement \u00e0 La Rochelle, un match \u00e0 l\u2019ext\u00e9rieur perdu 66-0 hier&hellip;\n","protected":false},"author":2,"featured_media":642114,"comment_status":"","ping_status":"","sticky":false,"template":"","format":"standard","meta":{"footnotes":""},"categories":[9619],"tags":[1111,11,1777,674,1011,27,12,16226,882,25,68796,478,2310],"class_list":{"0":"post-642113","1":"post","2":"type-post","3":"status-publish","4":"format-standard","5":"has-post-thumbnail","7":"category-toulon","8":"tag-actu","9":"tag-actualites","10":"tag-eu","11":"tag-europe","12":"tag-fr","13":"tag-france","14":"tag-news","15":"tag-pierre-mignoni","16":"tag-provence-alpes-cote-dazur","17":"tag-republique-francaise","18":"tag-rugby-u00e0-xv","19":"tag-top-14","20":"tag-toulon"},"share_on_mastodon":{"url":"https:\/\/pubeurope.com\/@fr\/115841661919688991","error":""},"_links":{"self":[{"href":"https:\/\/www.europesays.com\/fr\/wp-json\/wp\/v2\/posts\/642113","targetHints":{"allow":["GET"]}}],"collection":[{"href":"https:\/\/www.europesays.com\/fr\/wp-json\/wp\/v2\/posts"}],"about":[{"href":"https:\/\/www.europesays.com\/fr\/wp-json\/wp\/v2\/types\/post"}],"author":[{"embeddable":true,"href":"https:\/\/www.europesays.com\/fr\/wp-json\/wp\/v2\/users\/2"}],"replies":[{"embeddable":true,"href":"https:\/\/www.europesays.com\/fr\/wp-json\/wp\/v2\/comments?post=642113"}],"version-history":[{"count":0,"href":"https:\/\/www.europesays.com\/fr\/wp-json\/wp\/v2\/posts\/642113\/revisions"}],"wp:featuredmedia":[{"embeddable":true,"href":"https:\/\/www.europesays.com\/fr\/wp-json\/wp\/v2\/media\/642114"}],"wp:attachment":[{"href":"https:\/\/www.europesays.com\/fr\/wp-json\/wp\/v2\/media?parent=642113"}],"wp:term":[{"taxonomy":"category","embeddable":true,"href":"https:\/\/www.europesays.com\/fr\/wp-json\/wp\/v2\/categories?post=642113"},{"taxonomy":"post_tag","embeddable":true,"href":"https:\/\/www.europesays.com\/fr\/wp-json\/wp\/v2\/tags?post=642113"}],"curies":[{"name":"wp","href":"https:\/\/api.w.org\/{rel}","templated":true}]}}