{"id":642123,"date":"2026-01-05T09:02:20","date_gmt":"2026-01-05T09:02:20","guid":{"rendered":"https:\/\/www.europesays.com\/fr\/642123\/"},"modified":"2026-01-05T09:02:20","modified_gmt":"2026-01-05T09:02:20","slug":"la-majorite-municipale-a-cree-plus-dun-millier-de-postes-supplementaires-en-12-ans","status":"publish","type":"post","link":"https:\/\/www.europesays.com\/fr\/642123\/","title":{"rendered":"LA MAJORIT\u00c9 MUNICIPALE A CR\u00c9\u00c9 PLUS D&rsquo;UN MILLIER DE POSTES SUPPL\u00c9MENTAIRES EN 12 ANS !"},"content":{"rendered":"<p>Posted On 5 janvier 2026 <\/p>\n<p style=\"text-align: justify;\">L&rsquo;une des explications principales de l&rsquo;explosion des d\u00e9penses, de la hausse des imp\u00f4ts de 2023 et de <a href=\"https:\/\/grenoble-le-changement.fr\/2025\/12\/27\/metropole-derriere-le-mirage-financier-la-hausse-dimpots-qui-se-profile\/\" target=\"_blank\" rel=\"noopener\">la hausse programm\u00e9e des imp\u00f4ts en 2026<\/a>, si la majorit\u00e9 \u00e9tait reconduite, est l&rsquo;incroyable gabegie de fonctionnement dans laquelle les \u00e9lus Rouge\/Verts se sont jet\u00e9s.\u00a0<\/p>\n<p style=\"text-align: justify;\">Vous n&rsquo;entendrez<a href=\"https:\/\/grenoble-le-changement.fr\/2025\/12\/18\/finances-la-liste-ruffin-poursuivrait-dans-laugmentation-dimpots\/\" target=\"_blank\" rel=\"noopener\"> \u00e9videmment pas Laurence Ruffin,<\/a> qui batifole sur les couleurs des rues, \u00e9voquer ce dossier qui d\u00e9termine tous les autres, ni les candidats qui font tous des surench\u00e8res \u00e0 la gratuit\u00e9 et aux d\u00e9penses sans dire qui paiera.\u00a0<\/p>\n<p style=\"text-align: justify;\">Seul le collectif \u00ab\u00a0R\u00e9concilier Grenoble\u00a0\u00bb anim\u00e9 par Cl\u00e9ment Chappet, qui b\u00e9n\u00e9ficie de l&rsquo;exp\u00e9rience d&rsquo;Alain Carignon a analys\u00e9 la situation et indiqu\u00e9 les mesures urgentes qu&rsquo;il prendrait d\u00e8s mars 2026 pour <a href=\"https:\/\/grenoble-le-changement.fr\/2025\/10\/10\/crise-financiere-les-propositions-alain-carignon-pour-eviter-la-hausse-dimpots\/\" target=\"_blank\" rel=\"noopener\">stopper la nouvelle hausse de la taxe fonci\u00e8re programm\u00e9e.<\/a><\/p>\n<p><a href=\"https:\/\/grenoble-le-changement.fr\/wp-content\/uploads\/2026\/01\/Capture-de\u0301cran-2026-01-03-a\u0300-16.00.30.png\" rel=\"lightbox[87033] noopener\" target=\"_blank\"><img decoding=\"async\" data-id=\"87034\" src=\"https:\/\/grenoble-le-changement.fr\/wp-content\/uploads\/2026\/01\/Capture-de\u0301cran-2026-01-03-a\u0300-16.00.30-1024x306.png\" alt=\"\" class=\"wp-image-87034 jetpack-lazy-image\" data-lazy-src=\"https:\/\/www.europesays.com\/fr\/wp-content\/uploads\/2026\/01\/Capture-de\u0301cran-2026-01-03-a\u0300-16.00.30-1024x306.png\" \/><\/a><\/p>\n<p><a href=\"https:\/\/grenoble-le-changement.fr\/wp-content\/uploads\/2026\/01\/Capture-de\u0301cran-2026-01-03-a\u0300-16.01.38.png\" rel=\"lightbox[87033] noopener\" target=\"_blank\"><img decoding=\"async\" data-id=\"87035\" src=\"https:\/\/grenoble-le-changement.fr\/wp-content\/uploads\/2026\/01\/Capture-de\u0301cran-2026-01-03-a\u0300-16.01.38.png\" alt=\"\" class=\"wp-image-87035 jetpack-lazy-image\" data-lazy-src=\"https:\/\/www.europesays.com\/fr\/wp-content\/uploads\/2026\/01\/Capture-de\u0301cran-2026-01-03-a\u0300-16.01.38.png\" \/><\/a><\/p>\n<p><strong>\u00c0 l&rsquo;ARRIV\u00c9E DE PIOLLE EN 2014 : 3397 AGENTS \u00c0 LA VILLE &#8230;<\/strong><\/p>\n<p style=\"text-align: justify;\">\u00c0 l&rsquo;arriv\u00e9e de Piolle au 31\/12\/2014, le nombre d\u2019agents en \u00ab emplois permanents \u00bb (\u00e9quivalents temps-plein) \u00e9tait <strong>2 883,4 ETP<\/strong> (2900). Auxquels s&rsquo;ajoutaient 477 non permanents. Soit un total de 3 397 employ\u00e9s municipaux \u00e0 la ville de Grenoble.\u00a0<\/p>\n<p style=\"text-align: justify;\">Depuis cette date, et d\u00e8s 2014,\u00a0 la ville a transf\u00e9r\u00e9 193 postes \u00e0 la M\u00e9tropole et ensuite entre 2015 et 2018, selon la Chambre R\u00e9gionale des Comptes \u00ab\u00a0667 postes ont \u00e9t\u00e9 transf\u00e9r\u00e9s des communes vers la M\u00e9tropole dont plus de la moiti\u00e9 de ses agents venaient de la commune de Grenoble\u00a0\u00bb ce qui nous donne un plancher de 334 postes qui ont quitt\u00e9 les effectifs de la ville.\u00a0<\/p>\n<p style=\"text-align: justify;\"><strong>&#8230; 334 POSTES \u00c0 MINIMA ONT ETE TRANSF\u00c9R\u00c9S \u00c0 LA M\u00c9TROPOLE<\/strong><\/p>\n<p style=\"text-align: justify;\">De 2019 \u00e0 aujourd&rsquo;hui l&rsquo;opacit\u00e9 est totale sur les transferts de postes car les \u00e9lus ne veulent pas que les citoyens puissent juger de leur gestion.<\/p>\n<p style=\"text-align: justify;\">Mais les Grenoblois peuvent constater qu&rsquo;\u00e0 minima <strong>au moins 346 agents<\/strong> appartenant \u00e0 la mairie de Grenoble ont \u00e9t\u00e9 transf\u00e9r\u00e9s \u00e0 la M\u00e9tropole entre 2014\u00a0 et 2018.\u00a0<\/p>\n<p style=\"text-align: justify;\">Si on soustrait ces 346 agents des effectifs de 2014 (3397) qui ont quitt\u00e9 la ville, on obtient 3051 qui devrait \u00eatre l&rsquo;effectif actuel de Grenoble \u00e0 services constants.\u00a0<\/p>\n<p><img decoding=\"async\" data-id=\"64822\" src=\"https:\/\/grenoble-le-changement.fr\/wp-content\/uploads\/2023\/07\/PiolleSingapour--rotated.jpg\" alt=\"\" class=\"wp-image-64822 jetpack-lazy-image\" data-lazy-src=\"https:\/\/www.europesays.com\/fr\/wp-content\/uploads\/2026\/01\/PiolleSingapour--rotated.jpg\" \/><\/p>\n<p><img decoding=\"async\" data-id=\"85646\" src=\"https:\/\/grenoble-le-changement.fr\/wp-content\/uploads\/2025\/10\/Ruffin-embarras-majorite\u0301-.png\" alt=\"\" class=\"wp-image-85646 jetpack-lazy-image\" data-lazy-src=\"https:\/\/www.europesays.com\/fr\/wp-content\/uploads\/2026\/01\/Ruffin-embarras-majorite\u0301-.png\" \/><br \/>\n\u00c0 Singapour o\u00f9 l&rsquo;actionnaire Piolle avait transf\u00e9r\u00e9 le si\u00e8ge de sa soci\u00e9t\u00e9 et o\u00f9 Laurence Ruffin compte aussi une filiale, la gestion de leur argent est certainement plus s\u00e9rieuse que l&rsquo;argent des contribuables&#8230;. <\/p>\n<p><strong>EN 2025, LA VILLE COMPTE 4340 AGENTS\u00a0<\/strong><\/p>\n<p style=\"text-align: justify;\">Et bien en 2025 les documents administratifs de la ville \u00e9tablissent que Grenoble compte &#8230;. 3984 postes \u00e9quivalents temps plein contre 2900 en 2014 ! S&rsquo;y ajoutent 356 non permanents (en 2024, dernier chiffre accessible) soit un total de 4340 agents !\u00a0<\/p>\n<p style=\"text-align: justify;\"><strong>PIERRE M\u00c9RIAUX LE PLUS SECTAIRE ET INCOMP\u00c9TENT DES ADJOINTS AU MAIRE<\/strong><\/p>\n<p style=\"text-align: justify;\">Ainsi nos cadors de la gestion municipale ont cr\u00e9\u00e9 un millier de postes suppl\u00e9mentaires. Si on ajoute les 346 agents transf\u00e9r\u00e9s \u00e0 la m\u00e9tro on arrive au chiffre faramineux de pr\u00e8s de 1350 agents suppl\u00e9mentaires. Une folie g\u00e9r\u00e9e ces 6 derni\u00e8res ann\u00e9es par le plus sectaire et incomp\u00e9tent des adjoints au Maire : Pierre M\u00e9riaux (Verts\/LFI). Le tout avec un service de plus en plus d\u00e9grad\u00e9 pour les Grenoblois.<\/p>\n<p style=\"text-align: justify;\"><strong>LA MUNICIPALITE A D\u00c9VOR\u00c9 LA HAUSSE D&rsquo;IMP\u00d4TS EN FONCTIONNEMENT<\/strong><\/p>\n<p style=\"text-align: justify;\">Les d\u00e9penses de fonctionnement sont en forte hausse (+11% chaque ann\u00e9e en moyenne), ce qui fragilise durablement l\u2019\u00e9quilibre budg\u00e9taire : pr\u00e8s de 1\u202f700\u202f\u20ac par habitant, soit 40% de plus que dans les villes similaires. <a href=\"https:\/\/grenoble-le-changement.fr\/2024\/07\/13\/la-hausse-dimpots-na-servi-a-rien\/\" target=\"_blank\" rel=\"noopener\">La municipalit\u00e9 a d\u00e9vor\u00e9 la hausse d&rsquo;imp\u00f4ts<\/a> rapportant 44 millions d&rsquo;euros par an en d\u00e9penses de fonctionnement. Elle les a augment\u00e9 de 41 millions d&rsquo;euros en deux ans recrutant 200 postes suppl\u00e9mentaires, mais aucun sur le terrain de la vie quotidienne des Grenoblois.<\/p>\n<p style=\"text-align: justify;\"><strong>H. SABRI (Ex adjoint Verts\/Ades) : \u00ab\u00a0LA GESTION DU QUOTIDIEN NE VOUS INT\u00c9RESSE PAS\u00a0\u00bb<\/strong><\/p>\n<p style=\"text-align: justify;\">M\u00eame l&rsquo;ex adjoint aux finances, le fid\u00e8le<a href=\"https:\/\/grenoble-le-changement.fr\/2023\/10\/08\/h-sabri-ex-adjoint-aux-finances-verts-ades-denonce-le-systeme-piolle\/\" target=\"_blank\" rel=\"noopener\"> Hakim Sabri (Verts\/Ades)<\/a> qui avait <a href=\"https:\/\/grenoble-le-changement.fr\/2023\/09\/03\/impots-le-courrier-mensonger-deric-piolle-aux-grenoblois\/\" target=\"_blank\" rel=\"noopener\">seulement touss\u00e9 sur la hausse d&rsquo;imp\u00f4ts<\/a> et avait \u00e9t\u00e9 vid\u00e9, avait lanc\u00e9 \u00e0 Eric Piolle en juin dernier au Conseil Municipal : \u00ab\u00a0la gestion du quotidien de la ville ne vous int\u00e9resse pas\u00a0\u00bb.\u00a0<\/p>\n<p style=\"text-align: justify;\"><strong>ENCORE 3 AGENTS POUR PERMETTRE \u00c0 A. BACK (Verts\/LFI) DE FAIRE JOUJOU<\/strong><\/p>\n<p style=\"text-align: justify;\">Car l&rsquo;essentiel de ces postes sont affect\u00e9es aux lubies et aux dogmes de la majorit\u00e9 municipale. Le dernier Conseil Municipal recrutait 3 agents pour satisfaire au projet <a href=\"https:\/\/grenoble-le-changement.fr\/2024\/02\/06\/securite-sociale-alimentaire-la-nouvelle-fumisterie-made-in-grenoble\/\" target=\"_blank\" rel=\"noopener\">de \u00ab\u00a0s\u00e9curit\u00e9 sociale alimentaire\u00a0\u00bb<\/a> port\u00e9 par Antoine Back (Verts\/LFI) qui fait joujou avec l&rsquo;argent des grenoblois et sert ses amis, une association install\u00e9e en Savoie&#8230;<\/p>\n<p><img decoding=\"async\" data-id=\"85344\" src=\"https:\/\/grenoble-le-changement.fr\/wp-content\/uploads\/2025\/10\/trajectoire-financire-ville-2024.jpg\" alt=\"\" class=\"wp-image-85344 jetpack-lazy-image\" data-lazy-src=\"https:\/\/www.europesays.com\/fr\/wp-content\/uploads\/2026\/01\/trajectoire-financire-ville-2024.jpg\" \/><br \/>\nLes m\u00eames causes vont conduire aux m\u00eames effets : une nouvelle hausse massive d&rsquo;imp\u00f4ts en 2026<\/p>\n<p><strong>\u00a0A. CARIGNON : \u00ab\u00a056 % DES D\u00c9PENSES DE FONCTIONNEMENT POUR LE PERSONNEL\u00a0\u00bb<\/strong><\/p>\n<p style=\"text-align: justify;\">\u00ab\u00a0Vous annoncez une hausse des d\u00e9penses de personnel de +6,2 millions d\u2019euros en une seule ann\u00e9e, portant la masse salariale \u00e0 168,6 millions d\u2019euros. C\u2019est vertigineux. Cela repr\u00e9sente d\u00e9sormais 56% des d\u00e9penses de fonctionnement\u00a0\u00bb a lanc\u00e9 aussi Alain Carignon au dernier Conseil Municipal.<\/p>\n<p style=\"text-align: justify;\"><strong>LES AUTRES CANDIDATS AUX MUNICIPALES N&rsquo;ONT AUCUNE NOTION DU PROBL\u00c8ME<\/strong><\/p>\n<p style=\"text-align: justify;\">Sur ce dossier, comme sur les autres, le collectif \u00ab\u00a0R\u00e9concilier Grenoble\u00a0\u00bb anim\u00e9 par Cl\u00e9ment Chappet a un temps d&rsquo;avance, appuy\u00e9 sur le travail du groupe d&rsquo;opposition au Conseil Municipal pendant 6 ans. Tout ce que d\u00e9couvrent des candidats n\u00e9ophytes, qui ne savent pas par quel bout prendre le probl\u00e8me, ajoutent des d\u00e9penses, esp\u00e9rant jouer sur la cr\u00e9dulit\u00e9 des \u00e9lecteurs.<\/p>\n<p style=\"text-align: justify;\"><strong>L&rsquo;\u00c9NORME \u00c9CHEC DE LA M\u00c9TROPOLISATION\u00a0<\/strong><\/p>\n<p style=\"text-align: justify;\">\u00c0 chaque Conseil Municipal le groupe d&rsquo;Alain Carignon a appel\u00e9 \u00e0 la mutualisation ville\/m\u00e9tro afin de gagner en efficacit\u00e9 et de r\u00e9aliser des \u00e9conomies. La m\u00e9tropolisation engag\u00e9e en 2014 entre Eric Piolle et Christophe Ferrari est un \u00e9norme \u00e9chec puisqu&rsquo;elle n&rsquo;a pas \u00e9t\u00e9 con\u00e7ue pour am\u00e9liorer l&rsquo;efficacit\u00e9 et \u00e9conomiser l&rsquo;argent public. Il s&rsquo;est agi de faire plaisir \u00e0 tout le monde dans la majorit\u00e9 sans jamais organiser les synergies de services rendus.\u00a0<\/p>\n<p><a href=\"https:\/\/grenoble-le-changement.fr\/wp-content\/uploads\/2026\/01\/Capture-de\u0301cran-2026-01-04-a\u0300-13.16.10.png\" rel=\"lightbox[87033] noopener\" target=\"_blank\"><img decoding=\"async\" data-id=\"87037\" src=\"https:\/\/grenoble-le-changement.fr\/wp-content\/uploads\/2026\/01\/Capture-de\u0301cran-2026-01-04-a\u0300-13.16.10-1024x832.png\" alt=\"\" class=\"wp-image-87037 jetpack-lazy-image\" data-lazy-src=\"https:\/\/www.europesays.com\/fr\/wp-content\/uploads\/2026\/01\/Capture-de\u0301cran-2026-01-04-a\u0300-13.16.10-1024x832.png\" \/><\/a><br \/>\nAlain Carignon avec Daniel Huillier, le dernier r\u00e9sistant du Vercors, enterr\u00e9 samedi \u00e0 Villard de Lans : il \u00e9tait encore venu soutenir le lancement de la liste \u00ab\u00a0R\u00e9concilier Grenoble\u00a0\u00bb le 19 septembre dernier apportant le souffle de la r\u00e9sistance, de l&rsquo;histoire de la ville Compagnon de la Lib\u00e9ration au changement dont elle a besoin. On reconnait notamment Dominique Spini, Ch\u00e9rif Boutafa, Brigitte Boer, St\u00e9phane Robin, Patrick Goffi et en partie cach\u00e9, Richard Cazenave <\/p>\n<p><strong>LES CANDIDATS BAUDRUCHE VONT SE D\u00c9GONFLER<\/strong><\/p>\n<p style=\"text-align: justify;\">Dimanche matin Laurence Ruffin s&rsquo;est enfin montr\u00e9e un moment march\u00e9 de l&rsquo;estacade, pas le plus d\u00e9favorable pour elle sociologiquement . C&rsquo;est peu dire que l&rsquo;accueil a \u00e9t\u00e9 tr\u00e8s mitig\u00e9. Plus on avance plus les baudruches vont de d\u00e9gonfler. Qu&rsquo;il s&rsquo;agisse des candidats dont le Nirvana serait d&rsquo;atteindre les 10 % pour pouvoir exister au second tour et cherchent donc le buzz par tous les moyens.\u00a0<\/p>\n<p style=\"text-align: justify;\">Qu&rsquo;il <a href=\"https:\/\/grenoble-le-changement.fr\/2026\/01\/03\/quand-guizmaths-ridiculise-laurence-ruffin\/\" target=\"_blank\" rel=\"noopener\">s&rsquo;agisse de Laurence Ruffin<\/a> qui n&rsquo;apporte aucune r\u00e9ponse \u00e0 la probl\u00e9matique mortif\u00e8re des d\u00e9penses de fonctionnement ville\/m\u00e9tropole. Et pour cause. Elle veut continuer.\u00a0<\/p>\n<p style=\"text-align: justify;\"><strong>D. HUILLIER : SOUTIEN D&rsquo;ALAIN CARIGNON JUSQU&rsquo;AU BOUT DE SA VIE<\/strong><\/p>\n<p style=\"text-align: justify;\">Les \u00e9mouvantes obs\u00e8ques samedi de Daniel Huillier, Pr\u00e9sident des Pionniers du Vercors, dernier r\u00e9sistant du Plateau demeur\u00e9 vivant, ont ouvert tristement et solennellement l&rsquo;ann\u00e9e 2026. Que ce porte drapeau \u00e9clatant de la r\u00e9sistance, engag\u00e9 \u00e0 16 ans, se soit manifest\u00e9 jusqu&rsquo;au bout de sa vie pour soutenir Alain Carignon et le changement \u00e0 Grenoble, t\u00e9moigne de la profondeur de l&rsquo;enracinement du projet de \u00ab\u00a0R\u00e9concilier Grenoble\u00a0\u00bb.\u00a0<\/p>\n<p style=\"text-align: justify;\"><strong>\u00ab\u00a0ALAIN CARIGNON EST L\u00c0 POUR FAIRE QUELQUE CHOSE, PAS POUR \u00caTRE QUELQU&rsquo;UN\u00a0\u00bb<\/strong><\/p>\n<p style=\"text-align: justify;\">L&rsquo;esprit de la r\u00e9sistance c&rsquo;est aussi en effet s&rsquo;attaquer \u00e0 la racine des probl\u00e8mes, le refus de la facilit\u00e9 et du plaisir des bons mots pour exister. Pour Daniel Huillier, \u00ab\u00a0Alain Carignon est l\u00e0 pour faire quelque chose, pas pour \u00eatre quelqu&rsquo;un\u00a0\u00bb .\u00a0<\/p>\n<p style=\"text-align: justify;\">Face \u00e0 la montagne des d\u00e9fis s\u00e9curitaire, financier, \u00e9cologique et sociaux de Grenoble, la ville a en effet besoin d&rsquo;un homme et d&rsquo;une \u00e9quipe rassembl\u00e9s sur la seule passion \u00ab\u00a0de faire quelque chose\u00a0\u00bb pour la ville.\u00a0<\/p>\n","protected":false},"excerpt":{"rendered":"Posted On 5 janvier 2026 L&rsquo;une des explications principales de l&rsquo;explosion des d\u00e9penses, de la hausse des imp\u00f4ts&hellip;\n","protected":false},"author":2,"featured_media":642124,"comment_status":"","ping_status":"","sticky":false,"template":"","format":"standard","meta":{"footnotes":""},"categories":[9566],"tags":[1111,11,10127,9601,10129,2430,15172,23441,53811,42730,9607,1777,674,1011,27,2731,26489,10136,12,40953,16650,25,74883,22044],"class_list":{"0":"post-642123","1":"post","2":"type-post","3":"status-publish","4":"format-standard","5":"has-post-thumbnail","7":"category-grenoble","8":"tag-actu","9":"tag-actualites","10":"tag-ades","11":"tag-alain-carignon","12":"tag-antoine-back","13":"tag-auvergne-rhone-alpes","14":"tag-brigitte-boer","15":"tag-cherif-boutafa","16":"tag-daniel-huillier","17":"tag-dominique-spini","18":"tag-eric-piolle","19":"tag-eu","20":"tag-europe","21":"tag-fr","22":"tag-france","23":"tag-grenoble","24":"tag-hakim-sabri","25":"tag-laurence-ruffin","26":"tag-news","27":"tag-patrick-goffi","28":"tag-pierre-meriaux","29":"tag-republique-francaise","30":"tag-richard-cazenave","31":"tag-stephane-robin"},"share_on_mastodon":{"url":"https:\/\/pubeurope.com\/@fr\/115841685780649910","error":""},"_links":{"self":[{"href":"https:\/\/www.europesays.com\/fr\/wp-json\/wp\/v2\/posts\/642123","targetHints":{"allow":["GET"]}}],"collection":[{"href":"https:\/\/www.europesays.com\/fr\/wp-json\/wp\/v2\/posts"}],"about":[{"href":"https:\/\/www.europesays.com\/fr\/wp-json\/wp\/v2\/types\/post"}],"author":[{"embeddable":true,"href":"https:\/\/www.europesays.com\/fr\/wp-json\/wp\/v2\/users\/2"}],"replies":[{"embeddable":true,"href":"https:\/\/www.europesays.com\/fr\/wp-json\/wp\/v2\/comments?post=642123"}],"version-history":[{"count":0,"href":"https:\/\/www.europesays.com\/fr\/wp-json\/wp\/v2\/posts\/642123\/revisions"}],"wp:featuredmedia":[{"embeddable":true,"href":"https:\/\/www.europesays.com\/fr\/wp-json\/wp\/v2\/media\/642124"}],"wp:attachment":[{"href":"https:\/\/www.europesays.com\/fr\/wp-json\/wp\/v2\/media?parent=642123"}],"wp:term":[{"taxonomy":"category","embeddable":true,"href":"https:\/\/www.europesays.com\/fr\/wp-json\/wp\/v2\/categories?post=642123"},{"taxonomy":"post_tag","embeddable":true,"href":"https:\/\/www.europesays.com\/fr\/wp-json\/wp\/v2\/tags?post=642123"}],"curies":[{"name":"wp","href":"https:\/\/api.w.org\/{rel}","templated":true}]}}