{"id":642131,"date":"2026-01-05T09:06:18","date_gmt":"2026-01-05T09:06:18","guid":{"rendered":"https:\/\/www.europesays.com\/fr\/642131\/"},"modified":"2026-01-05T09:06:18","modified_gmt":"2026-01-05T09:06:18","slug":"a-strasbourg-la-terrasse-iconique-du-barrage-vauban-fermee-jusqua-lete-2026","status":"publish","type":"post","link":"https:\/\/www.europesays.com\/fr\/642131\/","title":{"rendered":"\u00c0 Strasbourg, la terrasse iconique du barrage Vauban ferm\u00e9e jusqu\u2019\u00e0 l\u2019\u00e9t\u00e9 2026 !"},"content":{"rendered":"<p>    <img loading=\"lazy\" width=\"1800\" height=\"900\" src=\"https:\/\/www.europesays.com\/fr\/wp-content\/uploads\/2025\/11\/jeanne-callthepolice.jpg\" class=\"attachment-full size-full\" alt=\"\" id=\"imageLove\" decoding=\"async\"  \/><\/p>\n<p id=\"breadcrumbs\"><a href=\"https:\/\/pokaa.fr\/\" target=\"_blank\" rel=\"noopener\">Accueil<\/a> \/ <a href=\"https:\/\/pokaa.fr\/categories\/actu\/\" target=\"_blank\" rel=\"noopener\">Info locale<\/a> \/ \u00c0 Strasbourg, la terrasse iconique du barrage Vauban ferm\u00e9e jusqu\u2019\u00e0 l\u2019\u00e9t\u00e9 2026 !<\/p>\n<p>                    Info locale<\/p>\n<p><strong>Du 5 au 9 janvier, le barrage <\/strong><strong>Vauban sera inaccessible pour les Strasbourgeois(es) \u00e0 la Petite France, pour cause de travaux. La Ville va r\u00e9nover la v\u00e9g\u00e9talisation de la toiture du barrage, pour augmenter son \u00e9paisseur. Par ailleurs, la terrasse panoramique sera ferm\u00e9e jusqu\u2019\u00e0 l\u2019\u00e9t\u00e9 2026.\u00a0<\/strong><\/p>\n<p>Les Strasbourgeois(es) et les touristes ont pu \u00eatre surpris(es) ce lundi 5 janvier en arrivant sur les ponts couverts, dans le quartier de la Petite France. <strong>Car depuis ce matin, le barrage Vauban affiche portes closes<\/strong>.<\/p>\n<p>La raison ? La Ville va mener des travaux sur la toiture de l\u2019ouvrage strasbourgeois embl\u00e9matique, afin de r\u00e9nover sa v\u00e9g\u00e9talisation, en augmentant son \u00e9paisseur. <strong>Le chantier va ainsi durer quelques jours, jusqu\u2019au 9 janvier inclus<\/strong>. D\u2019ici l\u00e0, le barrage Vauban sera inaccessible.<\/p>\n<p>    <img width=\"800\" height=\"471\" src=\"https:\/\/www.europesays.com\/fr\/wp-content\/uploads\/2026\/01\/strasbourg-barrage-vauban-apres-restauration-2012-01-800x471.jpg\" class=\"attachment-image-size-L size-image-size-L\" alt=\"Barrage Vauban\" decoding=\"async\" loading=\"lazy\"  \/>         \u00a9 Wikimedia Commons \/ Photo d&rsquo;illustration <\/p>\n<p>La terrasse panoramique inaccessible jusqu&rsquo;\u00e0 l&rsquo;\u00e9t\u00e9<\/p>\n<p>Mais ce chantier a une autre cons\u00e9quence, et non la moindre : <strong>la terrasse panoramique du barrage Vauban ne sera pas accessible avant l\u2019\u00e9t\u00e9<\/strong>. Fini le spot num\u00e9ro 1 pour les photos pour les n\u00e9o-Strasbourgeois(es) et les touristes.<\/p>\n<p><strong>Il faudra donc attendre le retour des (tr\u00e8s) beaux jours, pour \u00e0 nouveau prendre de la hauteur sur Strasbourg.<\/strong><\/p>\n<p>    <img width=\"800\" height=\"457\" src=\"https:\/\/www.europesays.com\/fr\/wp-content\/uploads\/2026\/01\/a11-800x457.png\" class=\"attachment-image-size-L size-image-size-L\" alt=\"strasbourg cath\u00e9drale Petite France\" decoding=\"async\" loading=\"lazy\"  \/>         La vue depuis la terrasse en novembre. \u00a9 Anthony Jilli \/ Pokaa <\/p>\n","protected":false},"excerpt":{"rendered":"Accueil \/ Info locale \/ \u00c0 Strasbourg, la terrasse iconique du barrage Vauban ferm\u00e9e jusqu\u2019\u00e0 l\u2019\u00e9t\u00e9 2026 !&hellip;\n","protected":false},"author":2,"featured_media":642132,"comment_status":"","ping_status":"","sticky":false,"template":"","format":"standard","meta":{"footnotes":""},"categories":[2820],"tags":[1111,917,11,74884,1777,674,1011,27,775,12,25,640],"class_list":{"0":"post-642131","1":"post","2":"type-post","3":"status-publish","4":"format-standard","5":"has-post-thumbnail","7":"category-strasbourg","8":"tag-actu","9":"tag-actu-locale","10":"tag-actualites","11":"tag-barrage-vauban","12":"tag-eu","13":"tag-europe","14":"tag-fr","15":"tag-france","16":"tag-grand-est","17":"tag-news","18":"tag-republique-francaise","19":"tag-strasbourg"},"share_on_mastodon":{"url":"https:\/\/pubeurope.com\/@fr\/115841701344261390","error":""},"_links":{"self":[{"href":"https:\/\/www.europesays.com\/fr\/wp-json\/wp\/v2\/posts\/642131","targetHints":{"allow":["GET"]}}],"collection":[{"href":"https:\/\/www.europesays.com\/fr\/wp-json\/wp\/v2\/posts"}],"about":[{"href":"https:\/\/www.europesays.com\/fr\/wp-json\/wp\/v2\/types\/post"}],"author":[{"embeddable":true,"href":"https:\/\/www.europesays.com\/fr\/wp-json\/wp\/v2\/users\/2"}],"replies":[{"embeddable":true,"href":"https:\/\/www.europesays.com\/fr\/wp-json\/wp\/v2\/comments?post=642131"}],"version-history":[{"count":0,"href":"https:\/\/www.europesays.com\/fr\/wp-json\/wp\/v2\/posts\/642131\/revisions"}],"wp:featuredmedia":[{"embeddable":true,"href":"https:\/\/www.europesays.com\/fr\/wp-json\/wp\/v2\/media\/642132"}],"wp:attachment":[{"href":"https:\/\/www.europesays.com\/fr\/wp-json\/wp\/v2\/media?parent=642131"}],"wp:term":[{"taxonomy":"category","embeddable":true,"href":"https:\/\/www.europesays.com\/fr\/wp-json\/wp\/v2\/categories?post=642131"},{"taxonomy":"post_tag","embeddable":true,"href":"https:\/\/www.europesays.com\/fr\/wp-json\/wp\/v2\/tags?post=642131"}],"curies":[{"name":"wp","href":"https:\/\/api.w.org\/{rel}","templated":true}]}}