{"id":642133,"date":"2026-01-05T09:07:10","date_gmt":"2026-01-05T09:07:10","guid":{"rendered":"https:\/\/www.europesays.com\/fr\/642133\/"},"modified":"2026-01-05T09:07:10","modified_gmt":"2026-01-05T09:07:10","slug":"avec-20c-nice-et-la-cote-dazur-vivaient-le-coup-de-froid-du-siecle-il-y-a-70-ans","status":"publish","type":"post","link":"https:\/\/www.europesays.com\/fr\/642133\/","title":{"rendered":"avec -20\u00b0C, Nice et la C\u00f4te d\u2019Azur vivaient le \u00ab\u00a0coup de froid du si\u00e8cle\u00a0\u00bb il y a 70\u00a0ans"},"content":{"rendered":"<p class=\"fs-5 \">Il fait froid, ces jours-ci, \u00e0 <strong>Nice<\/strong> et sur la <strong>C\u00f4te d\u2019Azur<\/strong>. Il pourrait m\u00eame geler ces prochaines nuits sur le littoral, ce qui n\u2019arrive tout de m\u00eame pas tous les ans.<\/p>\n<p class=\"fs-5 \">Des temp\u00e9ratures basses mais loin d\u2019\u00eatre exceptionnelles. Et, surtout, tr\u00e8s loin du \u00ab\u00a0coup de froid du si\u00e8cle\u00a0\u00bb, il y a exactement 70 ans\u2026<\/p>\n<p class=\"fs-5 \">C\u2019\u00e9tait en 1956. Hiver m\u00e9morable durant lequel on enregistre en France les temp\u00e9ratures les plus basses du si\u00e8cle.<\/p>\n<p class=\"fs-5 \">Apr\u00e8s des mois de novembre, d\u00e9cembre et janvier \u00e9tonnamment doux, un froid glacial s\u2019abat subitement sur la France. \u00c0 Nice comme dans toute la r\u00e9gion, tout commence le 2 f\u00e9vrier.<\/p>\n<p class=\"fs-5 \">\u00ab\u00a0C\u2019est arriv\u00e9 d\u2019un coup. Le matin m\u00eame, on \u00e9tait encore bras nus. Dans l\u2019apr\u00e8s-midi, le froid est arriv\u00e9 brusquement\u2026, racontent les anciens.<\/p>\n<p class=\"fs-5 \">La temp\u00e9rature a chut\u00e9 tr\u00e8s vite. Durant la nuit, il a fait jusqu\u2019\u00e0 -20 \u00b0C\u2026 \u00c0 l\u2019abri dans les maisons, on entendait \u00e9clater les oliviers, gorg\u00e9s de s\u00e8ve \u00e0 cause de l\u2019hiver tr\u00e8s doux qu\u2019on avait eu jusque-l\u00e0. Les jours suivants, il a fallu tous les couper\u00a0; la plupart avaient plusieurs centaines d\u2019ann\u00e9es\u2026 \u00a0\u00bb<\/p>\n<p class=\"fs-5 \">Durant ce mois de f\u00e9vrier, plusieurs \u00e9pisodes de vent violent sont recens\u00e9s, le mistral atteignant 180 km\/h. Il g\u00e8le quasiment toutes les nuits.<\/p>\n<p class=\"fs-5 \">La mer, plus chaude que l\u2019atmosph\u00e8re ambiante, semble en permanence \u00ab\u00a0fumer\u00a0\u00bb\u2026 Sans compter la neige, qui s\u2019invite plusieurs fois sur le bord de mer. Et elle tient\u00a0! Sur la promenade des Anglais, ils sont quelques-uns \u00e0 chausser les skis.<\/p>\n<p class=\"fs-5 \">Du littoral \u00e0 l\u2019arri\u00e8re-pays, le froid ravage tout\u00a0: les arbres, les cultures, les paysages\u2026<\/p>\n<p class=\"fs-5 \">Au total, <strong>4 millions d\u2019oliviers seront d\u00e9truits dans la r\u00e9gion<\/strong>, acc\u00e9l\u00e9rant le d\u00e9clin de l\u2019ol\u00e9iculture.<\/p>\n<p class=\"fs-5 \">Pour l\u2019anecdote, les arbres sont remplac\u00e9s par la vigne &#8211; et une nouvelle \u00e9conomie se d\u00e9veloppe. Sans cette vague de froid, que serait aujourd\u2019hui le fameux <strong>ros\u00e9 de Provence<\/strong>\u00a0?<\/p>\n<p class=\"fs-5 \">Apr\u00e8s un mois sib\u00e9rien, le redoux arrive finalement d\u00e9but mars \u00e0 Nice. Mais les paysages resteront durablement marqu\u00e9s par ce mois de f\u00e9vrier comme on n\u2019en connut jamais plus.<\/p>\n<p class=\"fs-5 \">La population aussi\u00a0: neuf mois plus tard, on assistait \u00e0 un\u2026 boom des naissances.<\/p>\n<p class=\"fs-5 \"><strong>L\u2019histoire vous a plu\u00a0? Retrouvez chaque jeudi \u00e0 20 heures une anecdote sur l\u2019histoire de Nice dans notre newsletter gratuite \u00ab\u00a0Ficanice\u00a0\u00bb. Pour la recevoir\u00a0: <a href=\"http:\/\/www.nicematin.com\/a\/875107\" target=\"_blank\" rel=\"noopener\">www.nicematin.com\/a\/875107<\/a><\/strong><\/p>\n","protected":false},"excerpt":{"rendered":"Il fait froid, ces jours-ci, \u00e0 Nice et sur la C\u00f4te d\u2019Azur. Il pourrait m\u00eame geler ces prochaines&hellip;\n","protected":false},"author":2,"featured_media":642134,"comment_status":"","ping_status":"","sticky":false,"template":"","format":"standard","meta":{"footnotes":""},"categories":[2819],"tags":[1111,11,1777,674,1011,27,12,2401,882,25],"class_list":{"0":"post-642133","1":"post","2":"type-post","3":"status-publish","4":"format-standard","5":"has-post-thumbnail","7":"category-nice","8":"tag-actu","9":"tag-actualites","10":"tag-eu","11":"tag-europe","12":"tag-fr","13":"tag-france","14":"tag-news","15":"tag-nice","16":"tag-provence-alpes-cote-dazur","17":"tag-republique-francaise"},"share_on_mastodon":{"url":"https:\/\/pubeurope.com\/@fr\/115841705206685912","error":""},"_links":{"self":[{"href":"https:\/\/www.europesays.com\/fr\/wp-json\/wp\/v2\/posts\/642133","targetHints":{"allow":["GET"]}}],"collection":[{"href":"https:\/\/www.europesays.com\/fr\/wp-json\/wp\/v2\/posts"}],"about":[{"href":"https:\/\/www.europesays.com\/fr\/wp-json\/wp\/v2\/types\/post"}],"author":[{"embeddable":true,"href":"https:\/\/www.europesays.com\/fr\/wp-json\/wp\/v2\/users\/2"}],"replies":[{"embeddable":true,"href":"https:\/\/www.europesays.com\/fr\/wp-json\/wp\/v2\/comments?post=642133"}],"version-history":[{"count":0,"href":"https:\/\/www.europesays.com\/fr\/wp-json\/wp\/v2\/posts\/642133\/revisions"}],"wp:featuredmedia":[{"embeddable":true,"href":"https:\/\/www.europesays.com\/fr\/wp-json\/wp\/v2\/media\/642134"}],"wp:attachment":[{"href":"https:\/\/www.europesays.com\/fr\/wp-json\/wp\/v2\/media?parent=642133"}],"wp:term":[{"taxonomy":"category","embeddable":true,"href":"https:\/\/www.europesays.com\/fr\/wp-json\/wp\/v2\/categories?post=642133"},{"taxonomy":"post_tag","embeddable":true,"href":"https:\/\/www.europesays.com\/fr\/wp-json\/wp\/v2\/tags?post=642133"}],"curies":[{"name":"wp","href":"https:\/\/api.w.org\/{rel}","templated":true}]}}