{"id":642137,"date":"2026-01-05T09:09:16","date_gmt":"2026-01-05T09:09:16","guid":{"rendered":"https:\/\/www.europesays.com\/fr\/642137\/"},"modified":"2026-01-05T09:09:16","modified_gmt":"2026-01-05T09:09:16","slug":"17-pompiers-mobilises-pour-un-feu-de-cheminee","status":"publish","type":"post","link":"https:\/\/www.europesays.com\/fr\/642137\/","title":{"rendered":"17 pompiers mobilis\u00e9s pour un feu de chemin\u00e9e"},"content":{"rendered":"<p>                    Par<br \/>\n        <strong><br \/>\n            <a href=\"https:\/\/actu.fr\/auteur\/thomas-bernard\" title=\"Consulter tous les articles de Thomas Bernard\" target=\"_blank\" rel=\"noopener\">Thomas Bernard<\/a><br \/>\n                    <\/strong><\/p>\n<p>        Publi\u00e9 le<\/p>\n<p>            5 janv. 2026 \u00e0 7h44        <\/p>\n<p>Ce dimanche 4 janvier 2026, aux environs de 22 h 30, les pompiers sont mobilis\u00e9s au 54 boulevard des Anglais, \u00e0 Nantes. Selon le centre op\u00e9rationnel d\u00e9partemental d\u2019incendie et de secours de Loire-Atlantique (CODIS), <b>un feu de chemin\u00e9e est en cours avec propagation entre l\u2019isolant de deux maisons<\/b>.\u00a0<\/p>\n<p>    <a href=\"https:\/\/www.google.com\/maps\/embed?pb=!1m18!1m12!1m3!1d9002.521159076938!2d-1.5923156383564563!3d47.227387957217886!2m3!1f0!2f0!3f0!3m2!1i1024!2i768!4f13.1!3m3!1m2!1s0x4805ec38d762135b%3A0x79f5c691d3295970!2s54%20Bd%20des%20Anglais%2C%2044100%20Nantes!5e1!3m2!1sfr!2sfr!4v1767595153610!5m2!1sfr!2sfr\" title=\"Ouvrie le lien\" target=\"_blank\" rel=\"noopener\">Cliquez ici pour visualiser le contenu<\/a><\/p>\n<p>17 pompiers mobilis\u00e9s<\/p>\n<p class=\" wall-content\">Les soldats du feu sont mobilis\u00e9s sur place depuis hier soir. D\u2019apr\u00e8s le CODIS, 17 sapeurs-pompiers, <b>dont une \u00e9quipe en risque b\u00e2timentaire<\/b>, sont encore en intervention sur le terrain, ce lundi matin \u00e0 7 h 30.<\/p>\n<p class=\" wall-content\">Personnalisez votre actualit\u00e9 en ajoutant vos villes et m\u00e9dias en favori avec <a href=\"https:\/\/moncompte.actu.fr\" title=\"D\u00e9couvez Mon Actu\" rel=\"nofollow noopener\" data-trk=\"{&quot;cta&quot;:{&quot;action&quot;:&quot;https:\\\/\\\/moncompte.actu.fr&quot;,&quot;category&quot;:&quot;mon compte&quot;,&quot;from&quot;:&quot;article footer&quot;,&quot;name&quot;:&quot;Mon actu&quot;,&quot;type&quot;:&quot;cta&quot;}}\" target=\"_blank\">Mon Actu<\/a>.<\/p>\n","protected":false},"excerpt":{"rendered":"Par Thomas Bernard Publi\u00e9 le 5 janv. 2026 \u00e0 7h44 Ce dimanche 4 janvier 2026, aux environs de&hellip;\n","protected":false},"author":2,"featured_media":642138,"comment_status":"","ping_status":"","sticky":false,"template":"","format":"standard","meta":{"footnotes":""},"categories":[2818],"tags":[1111,11,1777,674,118,1011,27,1310,766,12,2636,1311,25],"class_list":{"0":"post-642137","1":"post","2":"type-post","3":"status-publish","4":"format-standard","5":"has-post-thumbnail","7":"category-nantes","8":"tag-actu","9":"tag-actualites","10":"tag-eu","11":"tag-europe","12":"tag-faits-divers","13":"tag-fr","14":"tag-france","15":"tag-incendie","16":"tag-nantes","17":"tag-news","18":"tag-pays-de-la-loire","19":"tag-pompiers","20":"tag-republique-francaise"},"share_on_mastodon":{"url":"https:\/\/pubeurope.com\/@fr\/115841713065088616","error":""},"_links":{"self":[{"href":"https:\/\/www.europesays.com\/fr\/wp-json\/wp\/v2\/posts\/642137","targetHints":{"allow":["GET"]}}],"collection":[{"href":"https:\/\/www.europesays.com\/fr\/wp-json\/wp\/v2\/posts"}],"about":[{"href":"https:\/\/www.europesays.com\/fr\/wp-json\/wp\/v2\/types\/post"}],"author":[{"embeddable":true,"href":"https:\/\/www.europesays.com\/fr\/wp-json\/wp\/v2\/users\/2"}],"replies":[{"embeddable":true,"href":"https:\/\/www.europesays.com\/fr\/wp-json\/wp\/v2\/comments?post=642137"}],"version-history":[{"count":0,"href":"https:\/\/www.europesays.com\/fr\/wp-json\/wp\/v2\/posts\/642137\/revisions"}],"wp:featuredmedia":[{"embeddable":true,"href":"https:\/\/www.europesays.com\/fr\/wp-json\/wp\/v2\/media\/642138"}],"wp:attachment":[{"href":"https:\/\/www.europesays.com\/fr\/wp-json\/wp\/v2\/media?parent=642137"}],"wp:term":[{"taxonomy":"category","embeddable":true,"href":"https:\/\/www.europesays.com\/fr\/wp-json\/wp\/v2\/categories?post=642137"},{"taxonomy":"post_tag","embeddable":true,"href":"https:\/\/www.europesays.com\/fr\/wp-json\/wp\/v2\/tags?post=642137"}],"curies":[{"name":"wp","href":"https:\/\/api.w.org\/{rel}","templated":true}]}}