{"id":642155,"date":"2026-01-05T09:18:16","date_gmt":"2026-01-05T09:18:16","guid":{"rendered":"https:\/\/www.europesays.com\/fr\/642155\/"},"modified":"2026-01-05T09:18:16","modified_gmt":"2026-01-05T09:18:16","slug":"pres-de-marseille-des-travaux-lances-sur-cette-autoroute-elle-doit-fermer-voici-quand","status":"publish","type":"post","link":"https:\/\/www.europesays.com\/fr\/642155\/","title":{"rendered":"Pr\u00e8s de Marseille. Des travaux lanc\u00e9s sur cette autoroute, elle doit fermer : voici quand"},"content":{"rendered":"<p>                    Par<br \/>\n        <strong><br \/>\n            <a href=\"https:\/\/actu.fr\/auteur\/fabien-binacchi\" title=\"Consulter tous les articles de Fabien Binacchi\" target=\"_blank\" rel=\"noopener\">Fabien Binacchi<\/a><br \/>\n                    <\/strong><\/p>\n<p>        Publi\u00e9 le<\/p>\n<p>            5 janv. 2026 \u00e0 8h41        <\/p>\n<p>Avis \u00e0 tous les automobilistes. Ce lundi 5 janvier 2026, <strong>un chantier de grande ampleur<\/strong> d\u00e9bute sur le pont qui permet \u00e0 l\u2019autoroute A8 de franchir le canal de <a href=\"https:\/\/actu.fr\/marseille\/\" target=\"_blank\" rel=\"noopener\">Marseille<\/a>, \u00e0 <a href=\"https:\/\/actu.fr\/provence-alpes-cote-d-azur\/ventabren_13114\" target=\"_blank\" rel=\"noopener\">Ventabren<\/a> (<a href=\"https:\/\/actu.fr\/provence-alpes-cote-d-azur\/bouches-du-rhone_13\" target=\"_blank\" rel=\"noopener\">Bouches-du-Rh\u00f4ne<\/a>). Des interruptions totales du trafic sont programm\u00e9es, notamment cette nuit prochaine.<\/p>\n<p class=\" wall-content\">Voici ce qu\u2019il faut savoir.<\/p>\n<p>Des fermetures de nuit et des bouchons \u00e0 pr\u00e9voir<\/p>\n<p class=\" wall-content\">Relever le tablier, changer des parties enti\u00e8res de l\u2019ouvrage et r\u00e9nover les enrob\u00e9s. Des travaux d\u2019envergure d\u00e9marrent <strong>pour quatre semaines :<\/strong> au niveau de la commune de Ventabren, le pont de l\u2019A8 qui enjambe le canal de Marseille, la principale source d\u2019approvisionnement en eau potable de la cit\u00e9 phoc\u00e9enne, doit \u00eatre r\u00e9nov\u00e9 en profondeur.<\/p>\n<p>    <img   decoding=\"async\" loading=\"lazy\" src=\"https:\/\/www.europesays.com\/fr\/wp-content\/uploads\/2026\/01\/pont-a8-canal-de-marseille-960x640.jpg\" alt=\"pont A8 canal de Marseille\" width=\"960\" height=\"640\"\/><br \/>\n    Le pont en question enjambe le canal de Marseille, qui serpente de la Durance \u00e0 la cit\u00e9 phoc\u00e9enne sur plus de 80km. (\u00a9Google Maps)<\/p>\n<p class=\" wall-content\">S\u2019il faut s\u2019attendre \u00e0 des ralentissements pendant toute la dur\u00e9e du chantier, la circulation \u00e9tant bascul\u00e9e <strong>sur un seul et unique sens,<\/strong> sur deux voies et \u00e0 une vitesse limit\u00e9e \u00e0 80 km\/h, deux p\u00e9riodes de fermetures totales sont aussi obligatoires, selon Vinci autoroutes.<\/p>\n<p class=\" wall-content\">La premi\u00e8re est programm\u00e9e dans la nuit de ce lundi \u00e0 mardi, <strong>d\u00e8s 21h et jusqu\u2019\u00e0 6h du matin.<\/strong> La seconde doit pour le moment avoir lieu aux m\u00eame horaires du 29 au 30 janvier, mais reste \u00e0 confirmer en fonction des conditions m\u00e9t\u00e9orologiques.<\/p>\n<p>Des d\u00e9viations mises en place<\/p>\n<p class=\" wall-content\">Pendant ces deux p\u00e9riodes de coupure, des d\u00e9viations sont mises \u00e0 place. Voici ce qui est pr\u00e9vu pour les conducteurs en provenance de Marseille et de Lyon :<\/p>\n<p>Votre r\u00e9gion, votre actu !<\/p>\n<p>Recevez chaque jour les infos qui comptent pour vous.<\/p>\n<p>\t<a href=\"https:\/\/actu.fr\/newsletter\" class=\"ac-btn ac-btn--corner ac-btn--medium ac-btn--blue800\" target=\"_blank\" rel=\"noopener\">S&rsquo;incrire<\/a><\/p>\n<ul class=\" wall-content\">\n<li>Fermeture de l\u2019autoroute A8 au niveau de la bifurcation A7\/A8 en provenance de Lyon : en provenance de Lyon via l\u2019A7, ils devront suivre la direction de Marseille \u00e0 la bifurcation A7\/A8 puis l\u2019A51 en direction d\u2019Aix-en-Provence,<\/li>\n<li>Fermeture de l\u2019autoroute A8 au niveau de la Bifurcation A7\/A8 en provenance de Marseille : les conducteurs devront suivre la direction d\u2019Aix-en-Provence via l\u2019A51,<\/li>\n<li>Fermeture de la bretelle d\u2019entr\u00e9e de l\u2019\u00e9changeur de Coudoux \u2013 La Fare (n\u00b028) en direction <br \/>d\u2019Aix-en-Provence : pour emprunter l\u2019A8 depuis la D10, il faudra poursuivre sur la d\u00e9partementale en direction d\u2019Aix-en-Provence puis suivre la D64 afin de rejoindre l\u2019A51 en direction de Nice.<\/li>\n<\/ul>\n<p class=\" wall-content\">Et pour ceux qui viennent d\u2019Aix-en-Provence et Nice :<\/p>\n<ul class=\" wall-content\">\n<li>Fermeture de l\u2019autoroute A8 au niveau de l\u2019\u00e9changeur A8\/A51<\/li>\n<\/ul>\n<p class=\" wall-content\">\u2013 Les conducteurs en direction de Lyon devront, \u00e0 la bifurcation A8\/A51, suivre la direction Gap par la N296 puis la D7n en direction d\u2019Avignon\/Salon-de-Provence jusqu\u2019\u00e0 S\u00e9nas pour rejoindre l\u2019A7 en direction de Lyon au niveau de l\u2019\u00e9changeur de S\u00e9nas (n\u00b026) ;<\/p>\n<p class=\" wall-content\">\u2013 En direction d\u2019Arles par l\u2019A54, ils devront, \u00e0 la bifurcation A8\/A51, suivre la direction Marseille puis, au niveau de la bifurcation A7\/A51 prendre l\u2019A7 en direction de Lyon. Cet itin\u00e9raire peut \u00e9galement \u00eatre utilis\u00e9 par les usagers se rendant sur Lyon depuis le secteur d\u2019Aix-en-Provence.<\/p>\n<p class=\" wall-content\">\u2013 A la bifurcation A7\/A51, \u00e0 hauteur de Sept\u00e8mes-les-Vallons, prendre l\u2019A7 en direction de Lyon.<\/p>\n<ul class=\" wall-content\">\n<li>Fermeture de la bretelle d\u2019entr\u00e9e de l\u2019\u00e9changeur Jas-de-Bouffan (n\u00b029)<\/li>\n<\/ul>\n<p class=\" wall-content\">\u2013 En direction de Lyon, les conducteurs devront emprunter la D64 en direction d\u2019Aix-Centre puis l\u2019A51 en direction de Marseille ou la N296 puis la D7n en direction d\u2019Avignon\/Salon-de-Provence pour reprendre l\u2019autoroute \u00e0 S\u00e9nas (n\u00b026).<\/p>\n<ul class=\" wall-content\">\n<li>Fermeture de la bretelle A51 en provenance de Gap et en direction de Lyon\/Marseille<\/li>\n<\/ul>\n<p class=\" wall-content\">\u2013 En direction de Lyon ou de Marseille, les conducteurs devront emprunter l\u2019A51 en direction de Marseille puis l\u2019A7 en direction de Lyon au niveau du n\u0153ud A51\/A7, \u00e0 hauteur de Sept\u00e8mes-lesVallons.<\/p>\n<p class=\" wall-content\">A noter \u00e9galement que du 6 au 29 janvier, la bretelle de l\u2019\u00e9changeur de Coudoux \u2013 La Fare (n\u00b026) en direction d\u2019Aix-en-Provence sera ferm\u00e9e <strong>de 7h30 \u00e0 9h30 tous les matins.<\/strong><\/p>\n<p class=\" wall-content\">Personnalisez votre actualit\u00e9 en ajoutant vos villes et m\u00e9dias en favori avec <a href=\"https:\/\/moncompte.actu.fr\" title=\"D\u00e9couvez Mon Actu\" rel=\"nofollow noopener\" data-trk=\"{&quot;cta&quot;:{&quot;action&quot;:&quot;https:\\\/\\\/moncompte.actu.fr&quot;,&quot;category&quot;:&quot;mon compte&quot;,&quot;from&quot;:&quot;article footer&quot;,&quot;name&quot;:&quot;Mon actu&quot;,&quot;type&quot;:&quot;cta&quot;}}\" target=\"_blank\">Mon Actu<\/a>.<\/p>\n","protected":false},"excerpt":{"rendered":"Par Fabien Binacchi Publi\u00e9 le 5 janv. 2026 \u00e0 8h41 Avis \u00e0 tous les automobilistes. Ce lundi 5&hellip;\n","protected":false},"author":2,"featured_media":642156,"comment_status":"","ping_status":"","sticky":false,"template":"","format":"standard","meta":{"footnotes":""},"categories":[2814],"tags":[1111,11,5397,3542,1777,674,1011,27,884,12,882,25,104,2086],"class_list":{"0":"post-642155","1":"post","2":"type-post","3":"status-publish","4":"format-standard","5":"has-post-thumbnail","7":"category-marseille","8":"tag-actu","9":"tag-actualites","10":"tag-autoroute-8-a8","11":"tag-circulation","12":"tag-eu","13":"tag-europe","14":"tag-fr","15":"tag-france","16":"tag-marseille","17":"tag-news","18":"tag-provence-alpes-cote-dazur","19":"tag-republique-francaise","20":"tag-societe","21":"tag-travaux"},"share_on_mastodon":{"url":"https:\/\/pubeurope.com\/@fr\/115841748630382374","error":""},"_links":{"self":[{"href":"https:\/\/www.europesays.com\/fr\/wp-json\/wp\/v2\/posts\/642155","targetHints":{"allow":["GET"]}}],"collection":[{"href":"https:\/\/www.europesays.com\/fr\/wp-json\/wp\/v2\/posts"}],"about":[{"href":"https:\/\/www.europesays.com\/fr\/wp-json\/wp\/v2\/types\/post"}],"author":[{"embeddable":true,"href":"https:\/\/www.europesays.com\/fr\/wp-json\/wp\/v2\/users\/2"}],"replies":[{"embeddable":true,"href":"https:\/\/www.europesays.com\/fr\/wp-json\/wp\/v2\/comments?post=642155"}],"version-history":[{"count":0,"href":"https:\/\/www.europesays.com\/fr\/wp-json\/wp\/v2\/posts\/642155\/revisions"}],"wp:featuredmedia":[{"embeddable":true,"href":"https:\/\/www.europesays.com\/fr\/wp-json\/wp\/v2\/media\/642156"}],"wp:attachment":[{"href":"https:\/\/www.europesays.com\/fr\/wp-json\/wp\/v2\/media?parent=642155"}],"wp:term":[{"taxonomy":"category","embeddable":true,"href":"https:\/\/www.europesays.com\/fr\/wp-json\/wp\/v2\/categories?post=642155"},{"taxonomy":"post_tag","embeddable":true,"href":"https:\/\/www.europesays.com\/fr\/wp-json\/wp\/v2\/tags?post=642155"}],"curies":[{"name":"wp","href":"https:\/\/api.w.org\/{rel}","templated":true}]}}