{"id":642157,"date":"2026-01-05T09:19:13","date_gmt":"2026-01-05T09:19:13","guid":{"rendered":"https:\/\/www.europesays.com\/fr\/642157\/"},"modified":"2026-01-05T09:19:13","modified_gmt":"2026-01-05T09:19:13","slug":"toute-lactualite-de-ce-lundi-5-janvier-2026-a-lyon","status":"publish","type":"post","link":"https:\/\/www.europesays.com\/fr\/642157\/","title":{"rendered":"Toute l&rsquo;actualit\u00e9 de ce lundi 5 janvier 2026 \u00e0 Lyon"},"content":{"rendered":"<p>A la une de l\u2019info \u00e0 Lyon : les agriculteurs en col\u00e8re, Elkem : reprise du travail deux semaines apr\u00e8s l\u2019explosion mortelle, manifestation contre l\u2019agression am\u00e9ricaine au V\u00e9n\u00e9zuela, 3 bless\u00e9s de Crans-Montana accueillis \u00e0 l\u2019h\u00f4pital Edouard Herriot, une subvention pour l\u2019ONG \u00c9lectriciens sans Fronti\u00e8res et son action en Ukraine, l\u2019avenir des 70 enfants h\u00e9berg\u00e9s dans des \u00e9coles lyonnaises, la lutte contre le sans-abrisme, les points de collecte pour les sapins de No\u00ebl\u2026<\/p>\n<p>ECOUTEZ LE 1\/4H LYONNAIS\u2026 Toute l\u2019actualit\u00e9 de ce lundi 5 janvier 2026<\/p>\n<p>LE 1\/4H LYONNAIS | lundi 5 janvier 2025<\/p>\n<p>Le mouvement de <strong>protestation agricole<\/strong> reprend ce lundi. Notamment dans le Rh\u00f4ne et plus particuli\u00e8rement dans le sud de l\u2019agglom\u00e9ration lyonnaise.<\/p>\n<p>Apr\u00e8s l\u2019explosion qui a co\u00fbt\u00e9 la vie \u00e0 deux salari\u00e9s de l\u2019entreprise <strong>Elkem<\/strong> et bless\u00e9 deux autres personnes, le 22 d\u00e9cembre dernier, le travail reprend aujourd\u2019dui dans l\u2019entreprise.<\/p>\n<p>Une centaine de personnes r\u00e9unies dans le calme samedi apres-midi place Bellecour\u2026 Pour exprimer leur \u00ab\u00a0plein <strong><a href=\"https:\/\/www.franceameriquelatine.org\/\" target=\"_blank\" rel=\"noreferrer noopener\">soutien au peuple v\u00e9n\u00e9zu\u00e9lien<\/a><\/strong> face \u00e0 l\u2019agression militaire ill\u00e9gale men\u00e9e par l\u2019administration de Donald Trump\u00a0\u00bb<\/p>\n<p>Trois victimes du <strong>drame de Crans-Montana<\/strong> transport\u00e9es \u00e0 Lyon, \u00e0 l\u2019h\u00f4pital Edouard-Herriot\u2026 Au Pavillon I, centre Pierre-Colson, l\u2019un des plus grands services de grands brul\u00e9s d\u2019Europe,<\/p>\n<p>La Ville de Lyon attribue une subvention de 15 000 euros \u00e0 l\u2019ONG <strong><a href=\"https:\/\/www.electriciens-sans-frontieres.org\/\" target=\"_blank\" rel=\"noreferrer noopener\">\u00c9lectriciens sans Fronti\u00e8res<\/a><\/strong> pour soutenir la population de Lviv, durement touch\u00e9e par les coupures d\u2019\u00e9lectricit\u00e9, en Ukraine.<\/p>\n<blockquote class=\"instagram-media\" data-instgrm-captioned=\"\" data-instgrm-permalink=\"https:\/\/www.instagram.com\/p\/DSSPzlOCCxG\/?utm_source=ig_embed&amp;utm_campaign=loading\" data-instgrm-version=\"14\" style=\" background:#FFF; border:0; border-radius:3px; box-shadow:0 0 1px 0 rgba(0,0,0,0.5),0 1px 10px 0 rgba(0,0,0,0.15); margin: 1px; max-width:540px; min-width:326px; padding:0; width:99.375%; width:-webkit-calc(100% - 2px); width:calc(100% - 2px);\"\/>\n<p>Rentr\u00e9e des classes apres deux semaines de vacances : quid des <strong>70 enfants h\u00e9berg\u00e9s dans des \u00e9coles lyonnaises<\/strong>, en pleine vague de froid ? Le collectif <strong><a href=\"https:\/\/www.facebook.com\/jamaissanstoit69\" target=\"_blank\" rel=\"noreferrer noopener\">Jamais Sans Toit<\/a><\/strong> se mobilise<\/p>\n<p>Ecoutez aussi : <a href=\"https:\/\/www.lyondemain.fr\/quatorze-architectes-hebergement-inclusif\/\" target=\"_blank\" rel=\"noreferrer noopener\">Quatorze : inventer des lieux inclusifs et exp\u00e9rimentaux<\/a><\/p>\n<p>Egalement dans l\u2019actualit\u00e9 de ce lundi 5 janvier<\/p>\n<p>Mobilis\u00e9e depuis 16 ans pour organiser des maraudes, l\u2019association <strong>Donner la Main Don de Soi<\/strong> esp\u00e8re une nouvelle fois se faire entendre aupr\u00e8s d\u2019Emmanuel Macron en 2026. Jean-Marc Roffat, son pr\u00e9sident, pr\u00e9conise <strong>22 mesures concr\u00e8tes<\/strong> qui permettraient de tendre vers le <strong>z\u00e9ro sans-abri<\/strong><\/p>\n<p><strong>Jean-Marc Roffat<\/strong>, pr\u00e9sident de <strong>Donner la Main Don de Soi<\/strong> est notre invit\u00e9<\/p>\n<p>M\u00e9tropole de Lyon : <strong>189 points de collecte pour les sapins<\/strong>, et ce, jusqu\u2019au 17 janvier. Pour recycler les arbres utilis\u00e9s pendant les f\u00eates de fin d\u2019ann\u00e9e.<\/p>\n<p>L\u2019OL r\u00e9ussit une tr\u00e8s belle op\u00e9ration en s\u2019imposant \u00e0 Monaco<\/p>\n<p>Corentin Tolisso suspendu pour OL \u2013 Brest<\/p>\n<p>Basket \/ Ligue f\u00e9minine : d\u00e9faite de l\u2019ASVEL face \u00e0 Charnay<\/p>\n<p>Rugby \/ Top 14 : le LOU domine Pau<\/p>\n<p>Ecoutez aussi : <a href=\"https:\/\/www.lyondemain.fr\/bte-banque-epargne-transition-energetique\/\" target=\"_blank\" rel=\"noreferrer noopener\">BTE : et l\u2019\u00e9pargne devient le moteur de la transition \u00e9nerg\u00e9tique\u2026<\/a><\/p>\n<p><img fetchpriority=\"high\" decoding=\"async\" width=\"1200\" height=\"675\" src=\"https:\/\/www.europesays.com\/fr\/wp-content\/uploads\/2026\/01\/actualite-de-ce-lundi-5-janvier-2025.jpg\" alt=\"actualit\u00e9 de ce lundi 5 janvier 2025 info \u00e0 Lyon\" class=\"wp-image-252942\"  \/>Retrouvez aussi le Quart d\u2019Heure Lyonnais de Lyon Demain sur les antennes de Radio Pluriel (Lyon). Radio Salam (Lyon, Saint-Etienne et Bourg) et Radio Arm\u00e9nie (Lyon et Vienne)<br \/>\nJ\u2019aime \u00e7a\u00a0:<\/p>\n<p>J\u2019aime chargement\u2026<\/p>\n<p><a class=\"sd-link-color\"\/><\/p>\n<p>\n\tArticles similaires\n<\/p>\n<p>\t\t\t\t<img decoding=\"async\" src=\"https:\/\/www.europesays.com\/fr\/wp-content\/uploads\/2026\/01\/1767604753_78_7866158698e17e8ed633c05e8f8e7fe5d9e057ad78661c4dc34e413abb6b9f19.jpeg\" alt=\"G\u00e9rald Bouchon\"\/><\/p>\n<p>Pionnier des radios libres, passionn\u00e9 de radio, journaliste et dirigeant de m\u00e9dias \u00e9co-responsables..<\/p>\n<p>\t\t\t<script async src=\"\/\/www.instagram.com\/embed.js\"><\/script><\/p>\n","protected":false},"excerpt":{"rendered":"A la une de l\u2019info \u00e0 Lyon : les agriculteurs en col\u00e8re, Elkem : reprise du travail deux&hellip;\n","protected":false},"author":2,"featured_media":642158,"comment_status":"","ping_status":"","sticky":false,"template":"","format":"standard","meta":{"footnotes":""},"categories":[1889],"tags":[1111,11,2572,44051,2430,74886,43885,75,74887,74888,74889,74890,1777,674,1011,27,50132,74891,20842,12589,2428,10510,12,978,25,74892,15317,73492,220,337],"class_list":{"0":"post-642157","1":"post","2":"type-post","3":"status-publish","4":"format-standard","5":"has-post-thumbnail","7":"category-lyon","8":"tag-actu","9":"tag-actualites","10":"tag-agriculteurs","11":"tag-asvel-feminin","12":"tag-auvergne-rhone-alpes","13":"tag-collecte-de-sapins","14":"tag-crans-montana","15":"tag-donald-trump","16":"tag-donner-la-main","17":"tag-electriciens-sans-frontieres","18":"tag-elkem-silicones","19":"tag-enfants-a-la-rue","20":"tag-eu","21":"tag-europe","22":"tag-fr","23":"tag-france","24":"tag-grands-brules","25":"tag-hopital-edouard-herriot","26":"tag-jamais-sans-toit","27":"tag-lou-rugby","28":"tag-lyon","29":"tag-metropole-de-lyon","30":"tag-news","31":"tag-olympique-lyonnais","32":"tag-republique-francaise","33":"tag-roffat","34":"tag-sans-abri","35":"tag-sapins","36":"tag-ukraine","37":"tag-venezuela"},"share_on_mastodon":{"url":"https:\/\/pubeurope.com\/@fr\/115841752529648235","error":""},"_links":{"self":[{"href":"https:\/\/www.europesays.com\/fr\/wp-json\/wp\/v2\/posts\/642157","targetHints":{"allow":["GET"]}}],"collection":[{"href":"https:\/\/www.europesays.com\/fr\/wp-json\/wp\/v2\/posts"}],"about":[{"href":"https:\/\/www.europesays.com\/fr\/wp-json\/wp\/v2\/types\/post"}],"author":[{"embeddable":true,"href":"https:\/\/www.europesays.com\/fr\/wp-json\/wp\/v2\/users\/2"}],"replies":[{"embeddable":true,"href":"https:\/\/www.europesays.com\/fr\/wp-json\/wp\/v2\/comments?post=642157"}],"version-history":[{"count":0,"href":"https:\/\/www.europesays.com\/fr\/wp-json\/wp\/v2\/posts\/642157\/revisions"}],"wp:featuredmedia":[{"embeddable":true,"href":"https:\/\/www.europesays.com\/fr\/wp-json\/wp\/v2\/media\/642158"}],"wp:attachment":[{"href":"https:\/\/www.europesays.com\/fr\/wp-json\/wp\/v2\/media?parent=642157"}],"wp:term":[{"taxonomy":"category","embeddable":true,"href":"https:\/\/www.europesays.com\/fr\/wp-json\/wp\/v2\/categories?post=642157"},{"taxonomy":"post_tag","embeddable":true,"href":"https:\/\/www.europesays.com\/fr\/wp-json\/wp\/v2\/tags?post=642157"}],"curies":[{"name":"wp","href":"https:\/\/api.w.org\/{rel}","templated":true}]}}