{"id":64216,"date":"2025-04-30T11:09:08","date_gmt":"2025-04-30T11:09:08","guid":{"rendered":"https:\/\/www.europesays.com\/fr\/64216\/"},"modified":"2025-04-30T11:09:08","modified_gmt":"2025-04-30T11:09:08","slug":"une-bacterie-pourrait-etre-a-lorigine-de-laugmentation-des-cas-chez-les-moins-de-50-ans","status":"publish","type":"post","link":"https:\/\/www.europesays.com\/fr\/64216\/","title":{"rendered":"Une bact\u00e9rie pourrait \u00eatre \u00e0 l\u2019origine de l\u2019augmentation des cas chez les moins de 50 ans"},"content":{"rendered":"<p>Le taux de <a href=\"https:\/\/www.20minutes.fr\/dossier\/cancer_colorectal\" class=\"color-ultramarine c-link\" target=\"_blank\" rel=\"noopener\">cancers colorectaux<\/a> chez les moins de 50 ans est en augmentation partout dans le monde depuis plusieurs d\u00e9cennies, avec des hausses particuli\u00e8rement marqu\u00e9es en Angleterre, en Nouvelle-Z\u00e9lande, \u00e0 Porto Rico et au Chili. Il pourrait ainsi devenir la principale cause de <a href=\"https:\/\/www.20minutes.fr\/dossier\/deces\" class=\"color-ultramarine c-link\" target=\"_blank\" rel=\"noopener\">d\u00e9c\u00e8s<\/a> par cancer chez les moins de 50 ans d\u2019ici\u00a02030. Si les explications habituelles de ce ph\u00e9nom\u00e8ne sont l\u2019explosion de l\u2019ob\u00e9sit\u00e9, de la malbouffe et de l\u2019inactivit\u00e9 physique, une nouvelle <a href=\"https:\/\/www.20minutes.fr\/dossier\/etude\" class=\"color-ultramarine c-link\" target=\"_blank\" rel=\"noopener\">\u00e9tude<\/a> publi\u00e9e le 23\u00a0avril dans <a href=\"https:\/\/www.nature.com\/articles\/s41586-025-09025-8\" target=\"_blank\" class=\"color-ultramarine c-link\" rel=\"noopener\">Nature<\/a> sugg\u00e8rent l\u2019influence d\u2019une toxine\u00a0: la colibactine, rapporte <a href=\"https:\/\/www.theguardian.com\/society\/2025\/apr\/23\/childhood-toxin-exposure-may-be-factor-in-bowel-cancer-rise-in-under-50s\" target=\"_blank\" class=\"color-ultramarine c-link\" rel=\"noopener\">The Guardian<\/a>.<\/p>\n<p>Une\u00a0toxine particuli\u00e8rement fr\u00e9quente<\/p>\n<p>\u00ab\u00a0De nombreux <a href=\"https:\/\/www.20minutes.fr\/dossier\/patients\" class=\"color-ultramarine c-link\" target=\"_blank\" rel=\"noopener\">patients<\/a> atteints d\u2019un cancer colorectal pr\u00e9coce semblent avoir \u00e9t\u00e9 expos\u00e9s \u00e0 une toxine, appel\u00e9e colibactine, produite par certaines souches de la <a href=\"https:\/\/www.20minutes.fr\/dossier\/bacterie_e_coli\" class=\"color-ultramarine c-link\" target=\"_blank\" rel=\"noopener\">bact\u00e9rie E. coli<\/a> au d\u00e9but de leur vie\u00a0\u00bb, explique le Dr David Scott, directeur de Cancer Grand Challenges \u00e0 Cancer Research UK. Pour rappel, la colibactine est une toxine s\u00e9cr\u00e9t\u00e9e par certaines souches nocives d\u2019E. coli vivant dans le colon et le rectum.<\/p>\n<p>Pour identifier ce potentiel lien, cette \u00e9quipe internationale dirig\u00e9e par l\u2019universit\u00e9 de Californie \u00e0 <a href=\"https:\/\/www.20minutes.fr\/dossier\/san-diego\" class=\"color-ultramarine c-link\" target=\"_blank\" rel=\"noopener\">San Diego<\/a> (Etats-Unis), et financ\u00e9e par Cancer Research UK, a analys\u00e9 l\u2019ADN de 981 tumeurs colorectales provenant de patients de 11 pays d\u2019Am\u00e9rique du Nord, d\u2019Am\u00e9rique du Sud, d\u2019Asie et d\u2019Europe. Parmi elles, 132 \u00e9taient des cellules provenant de cancers pr\u00e9coces. Or, il est apparu que les mutations g\u00e9n\u00e9tiques caract\u00e9ristiques caus\u00e9es par la colibactine \u00e9taient 3,3 fois plus fr\u00e9quentes chez les tumeurs des patients de moins de 40 ans que chez celles des patients de plus de 70 ans. De m\u00eame, un lien entre ces mutations et les pays aux plus hauts taux de cancers colorectaux pr\u00e9coces a \u00e9t\u00e9 identifi\u00e9.<\/p>\n<p>Un lien \u00e0 explorer<\/p>\n<p>A la suite de ces r\u00e9sultats, les <a href=\"https:\/\/www.20minutes.fr\/dossier\/chercheurs\" class=\"color-ultramarine c-link\" target=\"_blank\" rel=\"noopener\">chercheurs<\/a> ont estim\u00e9 que ces mutations g\u00e9n\u00e9tiques potentiellement li\u00e9es \u00e0 ces cancers colorectaux pr\u00e9coces arrivent surtout lorsque les enfants sont expos\u00e9s \u00e0 la colibactine avant l\u2019\u00e2ge de 10 ans. \u00ab\u00a0On ne comprend pas bien comment l\u2019exposition se fait, mais nous pensons qu\u2019une combinaison de facteurs \u2013 dont le r\u00e9gime alimentaire \u2013 se forme durant une phase cruciale du d\u00e9veloppement du microbiote intestinal\u00a0\u00bb, a indiqu\u00e9 le Dr David Scott au\u00a0<a href=\"https:\/\/www.thetimes.com\/uk\/healthcare\/article\/ecoli-toxin-childhood-bowel-cancer-rates-young-people-wfvp2hnfc\" target=\"_blank\" class=\"color-ultramarine c-link\" rel=\"noopener\">Times<\/a>.<\/p>\n<\/p>\n<p>Reste que cette \u00e9tude \u00e0 elle seule n\u2019est pas suffisante pour \u00e9tablir un lien d\u00e9finitif entre la colibactine et un risque accru de cancer colorectal pr\u00e9coce. D\u2019autres \u00e9quipes du Cancer Grand Challenges m\u00e8nent d\u2019ores et d\u00e9j\u00e0 des <a href=\"https:\/\/www.20minutes.fr\/dossier\/recherches\" class=\"color-ultramarine c-link\" target=\"_blank\" rel=\"noopener\">recherches<\/a> suppl\u00e9mentaires sur le sujet. Elles doivent notamment identifier quel serait, v\u00e9ritablement, le r\u00f4le d\u00e9l\u00e9t\u00e8re de la colibactine. S\u2019ils sont confirm\u00e9s, ces r\u00e9sultats pourraient mener au d\u00e9veloppement de nouvelles mesures pr\u00e9ventives li\u00e9es \u00e0 cette toxine ou \u00e0 des bact\u00e9ries qui la produisent.<\/p>\n","protected":false},"excerpt":{"rendered":"Le taux de cancers colorectaux chez les moins de 50 ans est en augmentation partout dans le monde&hellip;\n","protected":false},"author":2,"featured_media":64217,"comment_status":"","ping_status":"","sticky":false,"template":"","format":"standard","meta":{"footnotes":""},"categories":[10],"tags":[47,16302,101,14845,7079,7078,1011,27,72,959,71],"class_list":{"0":"post-64216","1":"post","2":"type-post","3":"status-publish","4":"format-standard","5":"has-post-thumbnail","7":"category-sante","8":"tag-actualite","9":"tag-bacterie","10":"tag-cancer","11":"tag-cancer-colorectal","12":"tag-chercheurs","13":"tag-etude","14":"tag-fr","15":"tag-france","16":"tag-health","17":"tag-recherche","18":"tag-sante"},"share_on_mastodon":{"url":"https:\/\/pubeurope.com\/@fr\/114426607296308626","error":""},"_links":{"self":[{"href":"https:\/\/www.europesays.com\/fr\/wp-json\/wp\/v2\/posts\/64216","targetHints":{"allow":["GET"]}}],"collection":[{"href":"https:\/\/www.europesays.com\/fr\/wp-json\/wp\/v2\/posts"}],"about":[{"href":"https:\/\/www.europesays.com\/fr\/wp-json\/wp\/v2\/types\/post"}],"author":[{"embeddable":true,"href":"https:\/\/www.europesays.com\/fr\/wp-json\/wp\/v2\/users\/2"}],"replies":[{"embeddable":true,"href":"https:\/\/www.europesays.com\/fr\/wp-json\/wp\/v2\/comments?post=64216"}],"version-history":[{"count":0,"href":"https:\/\/www.europesays.com\/fr\/wp-json\/wp\/v2\/posts\/64216\/revisions"}],"wp:featuredmedia":[{"embeddable":true,"href":"https:\/\/www.europesays.com\/fr\/wp-json\/wp\/v2\/media\/64217"}],"wp:attachment":[{"href":"https:\/\/www.europesays.com\/fr\/wp-json\/wp\/v2\/media?parent=64216"}],"wp:term":[{"taxonomy":"category","embeddable":true,"href":"https:\/\/www.europesays.com\/fr\/wp-json\/wp\/v2\/categories?post=64216"},{"taxonomy":"post_tag","embeddable":true,"href":"https:\/\/www.europesays.com\/fr\/wp-json\/wp\/v2\/tags?post=64216"}],"curies":[{"name":"wp","href":"https:\/\/api.w.org\/{rel}","templated":true}]}}