{"id":642160,"date":"2026-01-05T09:22:10","date_gmt":"2026-01-05T09:22:10","guid":{"rendered":"https:\/\/www.europesays.com\/fr\/642160\/"},"modified":"2026-01-05T09:22:10","modified_gmt":"2026-01-05T09:22:10","slug":"meteo-paris-et-lile-de-france-en-vigilance-orange-neige-verglas-des-perturbations-attendues-sur-les-routes","status":"publish","type":"post","link":"https:\/\/www.europesays.com\/fr\/642160\/","title":{"rendered":"M\u00e9t\u00e9o. Paris et l&rsquo;\u00cele-de-France en vigilance orange neige-verglas, des perturbations attendues sur les routes"},"content":{"rendered":"<p>                    Par<br \/>\n        <strong><br \/>\n            <a href=\"https:\/\/actu.fr\/auteur\/redaction-paris\" title=\"Consulter tous les articles de R\u00e9daction Paris\" target=\"_blank\" rel=\"noopener\">R\u00e9daction Paris<\/a><br \/>\n                    <\/strong><\/p>\n<p>        Publi\u00e9 le<\/p>\n<p>            5 janv. 2026 \u00e0 8h47        <\/p>\n<p>Simple <a href=\"https:\/\/actu.fr\/meteo\/vigilance-orange-meteo-neige-verglas-paris-et-l-ile-de-france-apres-la-bretagne-et-la-normandie_63649172.html\" target=\"_blank\" rel=\"noopener\">hypoth\u00e8se hier soir<\/a>, c\u2019est d\u00e9sormais une certitude : Paris et l\u2019\u00cele-de-France sont plac\u00e9s en <strong>vigilance orange<\/strong> <a href=\"https:\/\/actu.fr\/tag\/neige\" target=\"_blank\" rel=\"noopener\">neige<\/a>-verglas depuis 6 heures ce lundi 5 janvier 2026, a annonc\u00e9 <a href=\"https:\/\/actu.fr\/tag\/meteo-france\" target=\"_blank\" rel=\"noopener\">M\u00e9t\u00e9o-France<\/a>. Les premiers flocons sont attendus pour le d\u00e9but d\u2019apr\u00e8s-midi.<\/p>\n<p>Jusqu\u2019\u00e0 5 centim\u00e8tres de neige<\/p>\n<p class=\" wall-content\">\u00ab Une perturbation neigeuse traverse la r\u00e9gion parisienne du nord-ouest au sud-est en cours d\u2019apr\u00e8s-midi et d\u00e9but de soir\u00e9e \u00bb, d\u00e9taille l\u2019institut de m\u00e9t\u00e9orologie qui pr\u00e9voit \u00ab une faible couche neigeuse \u00bb de 1 \u00e0 3 centim\u00e8tres, voire<strong> 4 \u00e0 5 centim\u00e8tres<\/strong> \u00ab en grande banlieue \u00bb.<\/p>\n<p class=\" wall-content\">\n<p class=\" wall-content\">Les automobilistes sont invit\u00e9s \u00e0 faire preuve de <strong>prudence sur les routes<\/strong>, notamment en raison des fortes gel\u00e9es attendues dans la nuit de lundi 5 \u00e0 mardi 6 janvier 2026 qui contribueront \u00e0 un regel de cette neige et de l\u2019humidit\u00e9 des chauss\u00e9es.<\/p>\n<p class=\" wall-content\">En plus de la vigilance orange, une vigilance jaune grand froid a \u00e9t\u00e9 activ\u00e9e ce lundi. Il fera 2\u00b0C au plus chaud de la journ\u00e9e et de <strong>-4\u00b0C \u00e0 -5\u00b0C<\/strong> au plus <a href=\"https:\/\/actu.fr\/tag\/froid\" target=\"_blank\" rel=\"noopener\">froid<\/a>.\u00a0Les deux alertes sont en cours jusqu\u2019\u00e0 mardi 6 janvier 2026 \u00e0 minuit.\u00a0<\/p>\n<p class=\" wall-content\">Personnalisez votre actualit\u00e9 en ajoutant vos villes et m\u00e9dias en favori avec <a href=\"https:\/\/moncompte.actu.fr\" title=\"D\u00e9couvez Mon Actu\" rel=\"nofollow noopener\" data-trk=\"{&quot;cta&quot;:{&quot;action&quot;:&quot;https:\\\/\\\/moncompte.actu.fr&quot;,&quot;category&quot;:&quot;mon compte&quot;,&quot;from&quot;:&quot;article footer&quot;,&quot;name&quot;:&quot;Mon actu&quot;,&quot;type&quot;:&quot;cta&quot;}}\" target=\"_blank\">Mon Actu<\/a>.<\/p>\n","protected":false},"excerpt":{"rendered":"Par R\u00e9daction Paris Publi\u00e9 le 5 janv. 2026 \u00e0 8h47 Simple hypoth\u00e8se hier soir, c\u2019est d\u00e9sormais une certitude&hellip;\n","protected":false},"author":2,"featured_media":615652,"comment_status":"","ping_status":"","sticky":false,"template":"","format":"standard","meta":{"footnotes":""},"categories":[1592],"tags":[1111,11,1777,674,1011,27,3447,662,2487,2357,10584,12,626,25],"class_list":{"0":"post-642160","1":"post","2":"type-post","3":"status-publish","4":"format-standard","5":"has-post-thumbnail","7":"category-ile-de-france","8":"tag-actu","9":"tag-actualites","10":"tag-eu","11":"tag-europe","12":"tag-fr","13":"tag-france","14":"tag-froid","15":"tag-ile-de-france","16":"tag-meteo","17":"tag-meteo-france","18":"tag-neige","19":"tag-news","20":"tag-paris","21":"tag-republique-francaise"},"share_on_mastodon":{"url":"https:\/\/pubeurope.com\/@fr\/115841764380833149","error":""},"_links":{"self":[{"href":"https:\/\/www.europesays.com\/fr\/wp-json\/wp\/v2\/posts\/642160","targetHints":{"allow":["GET"]}}],"collection":[{"href":"https:\/\/www.europesays.com\/fr\/wp-json\/wp\/v2\/posts"}],"about":[{"href":"https:\/\/www.europesays.com\/fr\/wp-json\/wp\/v2\/types\/post"}],"author":[{"embeddable":true,"href":"https:\/\/www.europesays.com\/fr\/wp-json\/wp\/v2\/users\/2"}],"replies":[{"embeddable":true,"href":"https:\/\/www.europesays.com\/fr\/wp-json\/wp\/v2\/comments?post=642160"}],"version-history":[{"count":0,"href":"https:\/\/www.europesays.com\/fr\/wp-json\/wp\/v2\/posts\/642160\/revisions"}],"wp:featuredmedia":[{"embeddable":true,"href":"https:\/\/www.europesays.com\/fr\/wp-json\/wp\/v2\/media\/615652"}],"wp:attachment":[{"href":"https:\/\/www.europesays.com\/fr\/wp-json\/wp\/v2\/media?parent=642160"}],"wp:term":[{"taxonomy":"category","embeddable":true,"href":"https:\/\/www.europesays.com\/fr\/wp-json\/wp\/v2\/categories?post=642160"},{"taxonomy":"post_tag","embeddable":true,"href":"https:\/\/www.europesays.com\/fr\/wp-json\/wp\/v2\/tags?post=642160"}],"curies":[{"name":"wp","href":"https:\/\/api.w.org\/{rel}","templated":true}]}}