{"id":642168,"date":"2026-01-05T09:27:27","date_gmt":"2026-01-05T09:27:27","guid":{"rendered":"https:\/\/www.europesays.com\/fr\/642168\/"},"modified":"2026-01-05T09:27:27","modified_gmt":"2026-01-05T09:27:27","slug":"en-direct-guerre-en-ukraine-deux-morts-a-kiev-et-dans-sa-peripherie-dans-des-bombardements-russes","status":"publish","type":"post","link":"https:\/\/www.europesays.com\/fr\/642168\/","title":{"rendered":"EN DIRECT &#8211; Guerre en Ukraine : deux morts \u00e0 Kiev et dans sa p\u00e9riph\u00e9rie dans des bombardements russes"},"content":{"rendered":"<ul class=\"jsx-862013697 ArticleChapo__List\">\n<li class=\"jsx-862013697 ArticleChapo__List_Item flex\">Des bombardements russes visant l&rsquo;Ukraine ont fait au moins deux morts dans la capitale et sa p\u00e9riph\u00e9rie, rapportent les autorit\u00e9s locales ce lundi.<\/li>\n<li class=\"jsx-862013697 ArticleChapo__List_Item flex\">Une r\u00e9union des alli\u00e9s de Kiev est pr\u00e9vue mardi pour tenter de relancer les efforts diplomatiques de r\u00e8glement du conflit.<\/li>\n<li class=\"jsx-862013697 ArticleChapo__List_Item flex\">Suivez les derni\u00e8res informations.<\/li>\n<\/ul>\n<p>Minute par minuteLES V\u00c9RIFICATEURS07:02<\/p>\n<p>Une attaque ukrainienne a-t-elle vraiment vis\u00e9 une r\u00e9sidence de Vladimir Poutine ? Alors que Donald Trump semble finalement douter de sa r\u00e9alit\u00e9, retour sur les all\u00e9gations russes avec cette enqu\u00eate des V\u00e9rificateurs de TF1-LCI. \u2b07\ufe0f<\/p>\n<p>International<\/p>\n<p>V\u00c9RIF<\/p>\n<p><img decoding=\"async\" src=\"https:\/\/www.europesays.com\/fr\/wp-content\/uploads\/2026\/01\/verif-accusation-attaque-russie-decembre-2025-566f92-0@1x.jpeg\" alt=\"Le minist\u00e8re de la D\u00e9fense russe pr\u00e9tend que ce drone ukrainien visait la r\u00e9sidence de Vladimir Poutine \u00e0 Valda\u00ef\" loading=\"lazy\" importance=\"low\" fetchpriority=\"low\" class=\"\" aria-hidden=\"true\"\/><\/p>\n<p>Publi\u00e9 hier \u00e0 10h33<\/p>\n<p>BOMBARDEMENTS SUR KIEV06:59<\/p>\n<p>Des bombardements russes visant l&rsquo;Ukraine ont fait au moins deux morts \u00e0 Kiev et dans sa p\u00e9riph\u00e9rie, ont rapport\u00e9 les autorit\u00e9s locales ce lundi, \u00e0 la veille d&rsquo;une r\u00e9union des alli\u00e9s de Kiev pour tenter de relancer les efforts diplomatiques de r\u00e8glement du conflit.<\/p>\n<p>Des alertes antia\u00e9riennes ont r\u00e9sonn\u00e9 sur tout le territoire national au cours de la nuit et l&rsquo;arm\u00e9e a averti de nombreux mouvements de missiles et drones russes. A Kiev, une clinique priv\u00e9e a \u00e9t\u00e9 touch\u00e9e, provoquant un incendie et faisant un mort et trois bless\u00e9s, selon les services de secours qui ont diffus\u00e9 des images d&rsquo;un immeuble avec une fa\u00e7ade \u00e9ventr\u00e9e et d&rsquo;\u00e9vacuations de patients sur des brancards.<\/p>\n<p>Dans la p\u00e9riph\u00e9rie, les bombardements ont touch\u00e9 plusieurs habitations et \u00ab\u00a0infrastructures critiques\u00a0\u00bb, tuant un homme n\u00e9 en 1951 dans la localit\u00e9 de Fastiv, selon le responsable de l&rsquo;administration militaire r\u00e9gionale Mykola Kalachnyk sur Telegram.<\/p>\n<p>DONALD TRUMP06:58<\/p>\n<p>Donald Trump a indiqu\u00e9 ce dimanche ne pas croire les affirmations de Moscou selon lesquelles l&rsquo;Ukraine aurait attaqu\u00e9 avec des drones une r\u00e9sidence du pr\u00e9sident russe Vladimir Poutine. \u00ab\u00a0Je ne pense pas que cette frappe ait eu lieu\u00a0\u00bb, a d\u00e9clar\u00e9 le pr\u00e9sident am\u00e9ricain \u00e0 bord d&rsquo;Air Force One, notant que \u00ab\u00a0personne ne savait pour l&rsquo;heure\u00a0\u00bb si les all\u00e9gations russes, r\u00e9fut\u00e9es par Kiev, \u00e9taient vraies.<\/p>\n<p>Moscou a accus\u00e9 Kiev d&rsquo;avoir vis\u00e9 avec 91 drones, dans la nuit du 28 au 29 d\u00e9cembre, une r\u00e9sidence de Vladimir Poutine situ\u00e9e \u00e0 Valda\u00ef, entre Moscou et Saint-P\u00e9tersbourg, et hautement s\u00e9curis\u00e9e. Kiev a qualifi\u00e9 cette accusation de \u00ab\u00a0mensonge\u00a0\u00bb et estim\u00e9 qu&rsquo;elle visait \u00e0 servir de pr\u00e9texte pour de nouvelles frappes contre Kiev et \u00e0 saper les pourparlers diplomatiques.<\/p>\n<p>Les Europ\u00e9ens ont exprim\u00e9 leurs doutes quant \u00e0 la v\u00e9racit\u00e9 des all\u00e9gations russes, faute de preuve pour les appuyer, mais Donald Trump avait sembl\u00e9 dans un premier temps se contenter de la parole de Vladimir Poutine.<\/p>\n<p>BONJOUR06:53<\/p>\n<p>Bienvenue dans ce direct consacr\u00e9 \u00e0 l&rsquo;actualit\u00e9 de la guerre en Ukraine, d\u00e9but\u00e9e il y a bient\u00f4t quatre ans, apr\u00e8s l&rsquo;invasion des troupes russes de Vladimir Poutine. Retrouvez ici, tout au long de la journ\u00e9e, les derni\u00e8res informations, mais aussi les \u00e9clairages de nos experts et envoy\u00e9s sp\u00e9ciaux.<\/p>\n<p data-module=\"article-paragraph\" class=\"jsx-157965717 Paragraph Paragraph__End\">Les autorit\u00e9s russes ont affirm\u00e9 dimanche avoir abattu au moins 25 drones ukrainiens se dirigeant vers Moscou, rarement prise pour cible, et qui ont entra\u00een\u00e9 des perturbations du trafic a\u00e9rien dans les a\u00e9roports de la capitale. Le maire de Moscou Sergue\u00ef Sobianine a annonc\u00e9 l&rsquo;interception d&rsquo;appareils ukrainiens se dirigeant vers Moscou au cours de la nuit et de la journ\u00e9e de dimanche, au moins 25 selon un d\u00e9compte en milieu d&rsquo;apr\u00e8s-midi, sans faire \u00e9tat de victimes.<\/p>\n<p data-module=\"article-paragraph\" class=\"jsx-157965717 Paragraph Paragraph__End\">Le trafic a\u00e9rien a en revanche \u00e9t\u00e9 perturb\u00e9 dans trois des quatre a\u00e9roports moscovites: Vnoukovo, Domodedovo et Zhukovsky, avec des restrictions temporaires sur les arriv\u00e9es et d\u00e9parts. Des dizaines de vols ont \u00e9t\u00e9 retard\u00e9s et certains annul\u00e9s, pouvait-on voir sur les sites de ces a\u00e9roports. \u00ab\u00a0Les restrictions sont n\u00e9cessaires pour garantir la s\u00e9curit\u00e9 des vols\u00a0\u00bb, a affirm\u00e9 sur Telegram Artem Korenyako, repr\u00e9sentant de l&rsquo;agence nationale de l&rsquo;aviation Rossaviatsia.<\/p>\n<p data-module=\"article-paragraph\" class=\"jsx-157965717 Paragraph Paragraph__End\">D\u00e9but d\u00e9cembre, la Russie avait d\u00e9clar\u00e9 avoir repouss\u00e9 une attaque massive de plus de 300 drones ukrainiens, dont une quarantaine se dirigeant vers Moscou et causant d&rsquo;importants retards et annulations de vols dans les quatre a\u00e9roports de la capitale. L&rsquo;Ukraine subit des bombardements russes quasi-quotidiens qui touchent l&rsquo;ensemble de son territoire depuis le d\u00e9but de l&rsquo;offensive russe lanc\u00e9e en f\u00e9vrier 2022, et ses a\u00e9roports restent ferm\u00e9s depuis bient\u00f4t quatre ans.<\/p>\n<p><a href=\"https:\/\/www.tf1info.fr\/international\/video-20h-tf1-verif-guerre-en-ukraine-quelles-sont-les-preuves-d-une-attaque-de-drones-contre-la-residence-de-vladimir-poutine-2416089.html\" rel=\"noopener\" class=\"jsx-3308031228 Link flex\" target=\"_blank\"><img decoding=\"async\" src=\"https:\/\/www.europesays.com\/fr\/wp-content\/uploads\/2026\/01\/verif-accusation-attaque-russie-decembre-2025-bc09e1-0@1x.jpeg\" alt=\"Le minist\u00e8re de la D\u00e9fense russe pr\u00e9tend que ce drone ukrainien visait la r\u00e9sidence de Vladimir Poutine \u00e0 Valda\u00ef\" loading=\"lazy\" importance=\"low\" fetchpriority=\"low\" class=\"\" aria-hidden=\"true\"\/><\/p>\n<p class=\"jsx-3657663356 ReadMoreArticle__Title\">Lire aussi<\/p>\n<p class=\"jsx-3657663356\">V\u00c9RIF&rsquo; &#8211; Guerre en Ukraine : quelles sont les \u00ab\u00a0preuves\u00a0\u00bb d&rsquo;une attaque de drones contre la r\u00e9sidence de Vladimir Poutine ?<\/p>\n<p><\/a><\/p>\n<p data-module=\"article-paragraph\" class=\"jsx-157965717 Paragraph Paragraph__End\">Kiev de son c\u00f4t\u00e9 m\u00e8ne r\u00e9guli\u00e8rement des frappes de drones contre la Russie, affirmant viser des infrastructures et cibles militaires. Une personne est morte et deux ont \u00e9t\u00e9 bless\u00e9es dans une frappe de drone ukrainien dans la r\u00e9gion frontali\u00e8re de Belgorod, a annonc\u00e9 t\u00f4t dimanche matin le gouverneur local Viatcheslav Gladkov sur Telegram.<\/p>\n<p>La r\u00e9daction de TF1info<\/p>\n","protected":false},"excerpt":{"rendered":"Des bombardements russes visant l&rsquo;Ukraine ont fait au moins deux morts dans la capitale et sa p\u00e9riph\u00e9rie, rapportent&hellip;\n","protected":false},"author":2,"featured_media":5029,"comment_status":"","ping_status":"","sticky":false,"template":"","format":"standard","meta":{"footnotes":""},"categories":[1591],"tags":[1111,11,1921,1887,1922,74270,1916,12,1885,1886,132,220,73921,133,1920],"class_list":{"0":"post-642168","1":"post","2":"type-post","3":"status-publish","4":"format-standard","5":"has-post-thumbnail","7":"category-russie","8":"tag-actu","9":"tag-actualites","10":"tag-article-video","11":"tag-federation-de-russie","12":"tag-info","13":"tag-les-attaques-russes-continuent","14":"tag-moscou","15":"tag-news","16":"tag-russia","17":"tag-russian-federation","18":"tag-russie","19":"tag-ukraine","20":"tag-ukraine-russie-en-marge-des-negociations","21":"tag-video","22":"tag-video-international"},"share_on_mastodon":{"url":"https:\/\/pubeurope.com\/@fr\/115841783920346402","error":""},"_links":{"self":[{"href":"https:\/\/www.europesays.com\/fr\/wp-json\/wp\/v2\/posts\/642168","targetHints":{"allow":["GET"]}}],"collection":[{"href":"https:\/\/www.europesays.com\/fr\/wp-json\/wp\/v2\/posts"}],"about":[{"href":"https:\/\/www.europesays.com\/fr\/wp-json\/wp\/v2\/types\/post"}],"author":[{"embeddable":true,"href":"https:\/\/www.europesays.com\/fr\/wp-json\/wp\/v2\/users\/2"}],"replies":[{"embeddable":true,"href":"https:\/\/www.europesays.com\/fr\/wp-json\/wp\/v2\/comments?post=642168"}],"version-history":[{"count":0,"href":"https:\/\/www.europesays.com\/fr\/wp-json\/wp\/v2\/posts\/642168\/revisions"}],"wp:featuredmedia":[{"embeddable":true,"href":"https:\/\/www.europesays.com\/fr\/wp-json\/wp\/v2\/media\/5029"}],"wp:attachment":[{"href":"https:\/\/www.europesays.com\/fr\/wp-json\/wp\/v2\/media?parent=642168"}],"wp:term":[{"taxonomy":"category","embeddable":true,"href":"https:\/\/www.europesays.com\/fr\/wp-json\/wp\/v2\/categories?post=642168"},{"taxonomy":"post_tag","embeddable":true,"href":"https:\/\/www.europesays.com\/fr\/wp-json\/wp\/v2\/tags?post=642168"}],"curies":[{"name":"wp","href":"https:\/\/api.w.org\/{rel}","templated":true}]}}