{"id":642169,"date":"2026-01-05T09:28:27","date_gmt":"2026-01-05T09:28:27","guid":{"rendered":"https:\/\/www.europesays.com\/fr\/642169\/"},"modified":"2026-01-05T09:28:27","modified_gmt":"2026-01-05T09:28:27","slug":"trump-lukraine-na-pas-vise-la-residence-de-poutine-comme-le-pretend-le-kremlin","status":"publish","type":"post","link":"https:\/\/www.europesays.com\/fr\/642169\/","title":{"rendered":"Trump : l&rsquo;Ukraine n&rsquo;a pas vis\u00e9 la r\u00e9sidence de Poutine comme le pr\u00e9tend le Kremlin"},"content":{"rendered":"<p>\n         Publi\u00e9 le<br \/>\n            05\/01\/2026 &#8211; 7:28 UTC+1\n            <\/p>\n<p>Donald Trump a d\u00e9clar\u00e9 aux journalistes \u00e0 bord d&rsquo;Air Force One que les responsables am\u00e9ricains avaient d\u00e9termin\u00e9 que l&rsquo;Ukraine n&rsquo;avait pas cibl\u00e9 une r\u00e9sidence appartenant au pr\u00e9sident russe Vladimir Poutine lors d&rsquo;une attaque de drone la semaine derni\u00e8re, contestant les affirmations russes que le pr\u00e9sident am\u00e9ricain avait d&rsquo;abord qualifi\u00e9es de \u00ab\u00a0profond\u00e9ment pr\u00e9occupantes\u00a0\u00bb.<\/p>\n<p>Le ministre russe des affaires \u00e9trang\u00e8res, Sergue\u00ef Lavrov, a accus\u00e9 la semaine derni\u00e8re Kyiv d&rsquo;avoir lanc\u00e9 une vague de drones sur la r\u00e9sidence d&rsquo;\u00c9tat de Poutine dans la r\u00e9gion de Novgorod, au nord-ouest du pays, que les syst\u00e8mes de d\u00e9fense a\u00e9rienne russes ont pu intercepter et contrecarrer.<\/p>\n<p>Lavrov a \u00e9galement reproch\u00e9 \u00e0 l&rsquo;Ukraine d&rsquo;avoir lanc\u00e9 cette attaque \u00e0 un moment o\u00f9 les efforts mondiaux visant \u00e0 mettre fin aux combats par la diplomatie \u00e9taient amplifi\u00e9s.<\/p>\n<p>Cette all\u00e9gation est survenue juste un jour apr\u00e8s que le pr\u00e9sident ukrainien Volodymyr Zelensky s&rsquo;est rendu en Floride pour rencontrer Donald Trump dans sa propri\u00e9t\u00e9 de Mar-a-Lago \u00e0 Palm Beach et discuter du plan de paix am\u00e9ricain en 20 points, toujours en cours d&rsquo;\u00e9laboration, pour son pays en proie aux difficult\u00e9s.<\/p>\n<p>Zelensky a rapidement d\u00e9menti les all\u00e9gations formul\u00e9es \u00e0 l&rsquo;encontre de Kyiv. Dimanche, Trump a indiqu\u00e9 qu&rsquo;apr\u00e8s une enqu\u00eate approfondie sur ces all\u00e9gations, Washington n&rsquo;avait pas conclu que l&rsquo;Ukraine avait pris pour cible la r\u00e9sidence de Poutine, tout en reconnaissant qu&rsquo;il s&rsquo;\u00e9tait pass\u00e9 \u00ab\u00a0quelque chose\u00a0\u00bb dans cette zone.<\/p>\n<p>Selon Trump, \u00ab\u00a0quelque chose s&rsquo;est pass\u00e9 \u00e0 proximit\u00e9\u00a0\u00bb de la r\u00e9sidence du pr\u00e9sident russe, mais que les autorit\u00e9s am\u00e9ricaines n&rsquo;ont pas trouv\u00e9 que le complexe \u00e9tait vis\u00e9.<\/p>\n<p>\u00ab\u00a0Je ne crois pas que cette attaque ait eu lieu\u00a0\u00bb, a d\u00e9clar\u00e9 Trump aux journalistes alors qu&rsquo;il rentrait \u00e0 Washington dimanche apr\u00e8s avoir pass\u00e9 deux semaines dans sa r\u00e9sidence de Floride. \u00ab\u00a0Nous ne croyons pas que cela se soit produit, maintenant que nous avons pu v\u00e9rifier\u00a0\u00bb.<\/p>\n<p>Trump a fait part de la d\u00e9termination des \u00c9tats-Unis apr\u00e8s que des responsables europ\u00e9ens eurent affirm\u00e9 que l&rsquo;affirmation russe n&rsquo;\u00e9tait rien d&rsquo;autre qu&rsquo;une tentative de Moscou de saper l&rsquo;effort de paix. Mais le locataire de la Maison-Blanche, du moins dans un premier temps, avait sembl\u00e9 prendre les all\u00e9gations russes au pied de la lettre.<\/p>\n<p>La semaine derni\u00e8re, lundi, il a d\u00e9clar\u00e9 aux journalistes que son homologue russe avait \u00e9galement soulev\u00e9 la question lors d&rsquo;un appel t\u00e9l\u00e9phonique qu&rsquo;il avait eu avec le dirigeant russe plus t\u00f4t dans la journ\u00e9e. Trump s&rsquo;est dit \u00ab\u00a0tr\u00e8s en col\u00e8re\u00a0\u00bb face \u00e0 ces accusations.<\/p>\n<p>Mercredi, le pr\u00e9sident am\u00e9ricain a sembl\u00e9 minimiser l&rsquo;importance de l&rsquo;accusation russe. Il a publi\u00e9 sur sa plateforme de m\u00e9dias sociaux un lien vers un \u00e9ditorial du New York Post qui mettait en doute l&rsquo;all\u00e9gation russe.<\/p>\n<p>L&rsquo;\u00e9ditorial reproche \u00e0 Poutine d&rsquo;avoir choisi \u00ab\u00a0le mensonge, la haine et la mort\u00a0\u00bb \u00e0 un moment o\u00f9 son homologue am\u00e9ricain affirme \u00eatre \u00ab\u00a0plus proche que jamais\u00a0\u00bb d&rsquo;un accord entre les deux parties pour mettre fin \u00e0 la guerre.<\/p>\n<p>Le pr\u00e9sident am\u00e9ricain a eu du mal \u00e0 tenir sa promesse de mettre rapidement fin \u00e0 la guerre en Ukraine, qu&rsquo;il s&rsquo;\u00e9tait engag\u00e9 \u00e0 tenir dans les 24 heures suivant son entr\u00e9e en fonction, et il s&rsquo;est montr\u00e9 irrit\u00e9 \u00e0 la fois par Volodymyr Zelensky et par Poutine alors qu&rsquo;il tentait de jouer le r\u00f4le de m\u00e9diateur pour mettre fin aux combats.<\/p>\n<p>La semaine derni\u00e8re, les pr\u00e9sidents am\u00e9ricain et ukrainien ont tous deux d\u00e9clar\u00e9 avoir fait des progr\u00e8s lors de leurs entretiens dans la station baln\u00e9aire de Trump en Floride.<\/p>\n<p>Mais Poutine n&rsquo;a gu\u00e8re manifest\u00e9 d&rsquo;int\u00e9r\u00eat pour la fin de la guerre tant que toutes les exigences maximalistes de la Russie n&rsquo;auront pas \u00e9t\u00e9 satisfaites, notamment le maintien du contr\u00f4le de l&rsquo;ensemble du territoire ukrainien dans la r\u00e9gion cl\u00e9 du Donbas, \u00e0 l&rsquo;est, et l&rsquo;imposition de restrictions s\u00e9v\u00e8res sur la taille des capacit\u00e9s militaires et de d\u00e9fense de l&rsquo;Ukraine d&rsquo;apr\u00e8s-guerre.<\/p>\n<p>Sources additionnelles<strong> \u2022 AP<\/strong><\/p>\n","protected":false},"excerpt":{"rendered":"Publi\u00e9 le 05\/01\/2026 &#8211; 7:28 UTC+1 Donald Trump a d\u00e9clar\u00e9 aux journalistes \u00e0 bord d&rsquo;Air Force One que&hellip;\n","protected":false},"author":2,"featured_media":642170,"comment_status":"","ping_status":"","sticky":false,"template":"","format":"standard","meta":{"footnotes":""},"categories":[1590],"tags":[11,1866,1777,674,131,2025,12,132,220,135],"class_list":{"0":"post-642169","1":"post","2":"type-post","3":"status-publish","4":"format-standard","5":"has-post-thumbnail","7":"category-ukraine","8":"tag-actualites","9":"tag-etats-unis-damerique","10":"tag-eu","11":"tag-europe","12":"tag-guerre-en-ukraine","13":"tag-invasion-de-la-russie-en-ukraine","14":"tag-news","15":"tag-russie","16":"tag-ukraine","17":"tag-vladimir-poutine"},"share_on_mastodon":{"url":"https:\/\/pubeurope.com\/@fr\/115841787756258102","error":""},"_links":{"self":[{"href":"https:\/\/www.europesays.com\/fr\/wp-json\/wp\/v2\/posts\/642169","targetHints":{"allow":["GET"]}}],"collection":[{"href":"https:\/\/www.europesays.com\/fr\/wp-json\/wp\/v2\/posts"}],"about":[{"href":"https:\/\/www.europesays.com\/fr\/wp-json\/wp\/v2\/types\/post"}],"author":[{"embeddable":true,"href":"https:\/\/www.europesays.com\/fr\/wp-json\/wp\/v2\/users\/2"}],"replies":[{"embeddable":true,"href":"https:\/\/www.europesays.com\/fr\/wp-json\/wp\/v2\/comments?post=642169"}],"version-history":[{"count":0,"href":"https:\/\/www.europesays.com\/fr\/wp-json\/wp\/v2\/posts\/642169\/revisions"}],"wp:featuredmedia":[{"embeddable":true,"href":"https:\/\/www.europesays.com\/fr\/wp-json\/wp\/v2\/media\/642170"}],"wp:attachment":[{"href":"https:\/\/www.europesays.com\/fr\/wp-json\/wp\/v2\/media?parent=642169"}],"wp:term":[{"taxonomy":"category","embeddable":true,"href":"https:\/\/www.europesays.com\/fr\/wp-json\/wp\/v2\/categories?post=642169"},{"taxonomy":"post_tag","embeddable":true,"href":"https:\/\/www.europesays.com\/fr\/wp-json\/wp\/v2\/tags?post=642169"}],"curies":[{"name":"wp","href":"https:\/\/api.w.org\/{rel}","templated":true}]}}