{"id":642171,"date":"2026-01-05T09:29:15","date_gmt":"2026-01-05T09:29:15","guid":{"rendered":"https:\/\/www.europesays.com\/fr\/642171\/"},"modified":"2026-01-05T09:29:15","modified_gmt":"2026-01-05T09:29:15","slug":"en-direct-attaque-americaine-au-venezuela-les-etats-unis-sont-aux-commandes-du-pays-selon-donald-trump","status":"publish","type":"post","link":"https:\/\/www.europesays.com\/fr\/642171\/","title":{"rendered":"EN DIRECT Attaque am\u00e9ricaine au Venezuela\u00a0: les \u00c9tats-Unis sont \u00ab\u00a0aux commandes\u00a0\u00bb du pays selon Donald Trump"},"content":{"rendered":"<p>09h44.La r\u00e9action du pr\u00e9sident colombien<\/p>\n<p class=\"live-post__amorce\">Le pr\u00e9sident colombien Gustavo Petro, critique de Donald Trump, a d\u00e9nonc\u00e9 dimanche un enl\u00e8vement  \u00ab\u00a0sans base l\u00e9gale\u00a0\u00bb  du pr\u00e9sident v\u00e9n\u00e9zu\u00e9lien Nicolas Maduro, captur\u00e9 par les Etats-Unis qui veulent le juger pour trafic de drogue.<\/p>\n<p class=\"live-post__amorce\"> \u00ab\u00a0Sans base l\u00e9gale pour mener une action contre la souverainet\u00e9 du Venezuela, l&rsquo;arrestation devient un enl\u00e8vement\u00a0\u00bb , a \u00e9crit M. Petro sur le r\u00e9seau social X.<\/p>\n<p>09h39.De nombreux Cubains morts et un pays \u00ab\u00a0pr\u00eat \u00e0 tomber\u00a0\u00bb<\/p>\n<p class=\"live-post__amorce\">Donald Trump a aussi affirm\u00e9 qu&rsquo;un grand nombre de membres du personnel de s\u00e9curit\u00e9 cubain de Nicolas Maduro avaient \u00e9t\u00e9 tu\u00e9s lors de la capture du dirigeant v\u00e9n\u00e9zu\u00e9lien.<\/p>\n<p class=\"live-post__amorce\"> \u00ab\u00a0Vous savez, beaucoup de Cubains ont \u00e9t\u00e9 tu\u00e9s hier\u00a0\u00bb , a d\u00e9clar\u00e9 M. Trump aux journalistes \u00e0 bord d&rsquo;Air Force One, ajoutant qu&rsquo;il y avait  \u00ab\u00a0malheureusement beaucoup de morts dans l&rsquo;autre camp\u00a0\u00bb. <\/p>\n<p class=\"live-post__amorce\">Il a \u00e9galement d\u00e9clar\u00e9 que Cuba \u00e9tait  \u00ab\u00a0pr\u00eat \u00e0 tomber\u00a0\u00bb  apr\u00e8s la capture du pr\u00e9sident v\u00e9n\u00e9zu\u00e9lien, mais a minimis\u00e9 la n\u00e9cessit\u00e9 d&rsquo;une intervention militaire am\u00e9ricaine sur l&rsquo;\u00eele.<\/p>\n<p class=\"live-post__amorce\"> \u00ab\u00a0Cuba est pr\u00eat \u00e0 tomber\u00a0\u00bb , a-t-il d\u00e9clar\u00e9 aux journalistes \u00e0 bord d&rsquo;Air Force One, estimant qu&rsquo;il serait difficile pour ce pays de  \u00ab\u00a0tenir le coup\u00a0\u00bb  sans les revenus issus du p\u00e9trole v\u00e9n\u00e9zu\u00e9lien.<\/p>\n<p class=\"live-post__amorce\"> \u00ab\u00a0Je ne pense pas que nous ayons besoin d&rsquo;agir. Il semble que tout s&rsquo;\u00e9croule\u00a0\u00bb , a-t-il ajout\u00e9.E<\/p>\n<p>09h38.Les USA \u00ab\u00a0aux commandes\u00a0\u00bb du Venezuela selon Trump<\/p>\n<p class=\"live-post__amorce\">Donald Trump a r\u00e9affirm\u00e9 dimanche que les Etats-Unis \u00e9taient d\u00e9sormais  \u00ab\u00a0aux commandes\u00a0\u00bb  au Venezuela \u00e0 la suite de la capture du pr\u00e9sident Nicolas Maduro.<\/p>\n<p class=\"live-post__amorce\"> \u00ab\u00a0On a affaire \u00e0 des gens qui viennent d\u2019\u00eatre investis. Ne me demandez pas qui est aux commandes, car je vous donnerai une r\u00e9ponse qui sera tr\u00e8s controvers\u00e9e\u00a0\u00bb , a d\u00e9clar\u00e9 le pr\u00e9sident am\u00e9ricain \u00e0 bord d\u2019Air Force One, en r\u00e9ponse \u00e0 un journaliste lui demandant s&rsquo;il avait parl\u00e9 \u00e0 la dirigeante par int\u00e9rim Delcy Rodriguez.<\/p>\n<p class=\"live-post__amorce\"> \u00ab\u00a0Cela signifie que nous sommes aux commandes\u00a0\u00bb , a-t-il ajout\u00e9 face \u00e0 l&rsquo;insistance des journalistes.<\/p>\n<p>09h38.Bonjour \u00e0 tout le monde !<\/p>\n<p class=\"live-post__amorce\">Bonjour et bienvenue sur ce live consacr\u00e9 au sort de Nicolas Maduro.N DIO<\/p>\n","protected":false},"excerpt":{"rendered":"09h44.La r\u00e9action du pr\u00e9sident colombien Le pr\u00e9sident colombien Gustavo Petro, critique de Donald Trump, a d\u00e9nonc\u00e9 dimanche un&hellip;\n","protected":false},"author":2,"featured_media":642172,"comment_status":"","ping_status":"","sticky":false,"template":"","format":"standard","meta":{"footnotes":""},"categories":[1589],"tags":[11,75,73,1866,12,68927,1864,1865,1863,308],"class_list":{"0":"post-642171","1":"post","2":"type-post","3":"status-publish","4":"format-standard","5":"has-post-thumbnail","7":"category-etats-unis","8":"tag-actualites","9":"tag-donald-trump","10":"tag-etats-unis","11":"tag-etats-unis-damerique","12":"tag-news","13":"tag-personnalitu00e9s","14":"tag-united-states","15":"tag-united-states-of-america","16":"tag-us","17":"tag-usa"},"share_on_mastodon":{"url":"https:\/\/pubeurope.com\/@fr\/115841791757714067","error":""},"_links":{"self":[{"href":"https:\/\/www.europesays.com\/fr\/wp-json\/wp\/v2\/posts\/642171","targetHints":{"allow":["GET"]}}],"collection":[{"href":"https:\/\/www.europesays.com\/fr\/wp-json\/wp\/v2\/posts"}],"about":[{"href":"https:\/\/www.europesays.com\/fr\/wp-json\/wp\/v2\/types\/post"}],"author":[{"embeddable":true,"href":"https:\/\/www.europesays.com\/fr\/wp-json\/wp\/v2\/users\/2"}],"replies":[{"embeddable":true,"href":"https:\/\/www.europesays.com\/fr\/wp-json\/wp\/v2\/comments?post=642171"}],"version-history":[{"count":0,"href":"https:\/\/www.europesays.com\/fr\/wp-json\/wp\/v2\/posts\/642171\/revisions"}],"wp:featuredmedia":[{"embeddable":true,"href":"https:\/\/www.europesays.com\/fr\/wp-json\/wp\/v2\/media\/642172"}],"wp:attachment":[{"href":"https:\/\/www.europesays.com\/fr\/wp-json\/wp\/v2\/media?parent=642171"}],"wp:term":[{"taxonomy":"category","embeddable":true,"href":"https:\/\/www.europesays.com\/fr\/wp-json\/wp\/v2\/categories?post=642171"},{"taxonomy":"post_tag","embeddable":true,"href":"https:\/\/www.europesays.com\/fr\/wp-json\/wp\/v2\/tags?post=642171"}],"curies":[{"name":"wp","href":"https:\/\/api.w.org\/{rel}","templated":true}]}}