{"id":642175,"date":"2026-01-05T09:31:23","date_gmt":"2026-01-05T09:31:23","guid":{"rendered":"https:\/\/www.europesays.com\/fr\/642175\/"},"modified":"2026-01-05T09:31:23","modified_gmt":"2026-01-05T09:31:23","slug":"5-stations-pour-skier-et-devaler-des-pistes-enneigees","status":"publish","type":"post","link":"https:\/\/www.europesays.com\/fr\/642175\/","title":{"rendered":"5 stations pour skier et d\u00e9valer des pistes enneig\u00e9es"},"content":{"rendered":"<p>    <img loading=\"lazy\" width=\"1800\" height=\"900\" src=\"https:\/\/www.europesays.com\/fr\/wp-content\/uploads\/2025\/11\/jeanne-callthepolice.jpg\" class=\"attachment-full size-full\" alt=\"\" id=\"imageLove\" decoding=\"async\"  \/><\/p>\n<p id=\"breadcrumbs\"><a href=\"https:\/\/pokaa.fr\/\" target=\"_blank\" rel=\"noopener\">Accueil<\/a> \/ <a href=\"https:\/\/pokaa.fr\/categories\/evasion-alsace-sortie-tourisme\/\" target=\"_blank\" rel=\"noopener\">\u00c9vasion &amp; nature<\/a> \/ Alsace, Vosges ou Allemagne : 5 stations pour skier et d\u00e9valer des pistes enneig\u00e9es<\/p>\n<p>                    \u00c9vasion &amp; nature<\/p>\n<p><strong>Les stations de ski vosgiennes doivent faire face aux effets du changement climatique. En hiver, elles restent n\u00e9anmoins un merveilleux terrain de jeux pour les activit\u00e9s en pleine nature. Pour maintenir une activit\u00e9 \u00e0 l\u2019ann\u00e9e, celles qui survivent cherchent \u00e0 diversifier leur offre. Nous vous proposons donc de (re)d\u00e9couvrir 5 stations de ski accessibles depuis Strasbourg, pour une sortie \u00e0 la journ\u00e9e, qu\u2019il y ait de la neige, ou non.<\/strong><\/p>\n<p>Les <strong>cons\u00e9quences du changement climatique<\/strong> se font sentir, surtout en basse et moyenne montagne. <strong>Les Vosges sont \u00e9videmment loin d\u2019\u00eatre \u00e9pargn\u00e9es<\/strong> et les <strong>conditions d\u2019enneigement sont chaque hiver moins favorables<\/strong> \u00e0 la pratique du ski et des sports d\u2019hiver. Les stations tentent toutefois de rebondir.<\/p>\n<p>Si elles ne sont pas ouvertes en continu pour la pratique du ski,<strong> elles proposent des gammes d\u2019activit\u00e9s de plus en plus larges<\/strong> que l\u2019on peut d\u00e9couvrir en toute saison. Voici donc 5 stations o\u00f9 l\u2019on peut s\u2019amuser cet hiver.<\/p>\n<p>    <img width=\"800\" height=\"533\" src=\"https:\/\/www.europesays.com\/fr\/wp-content\/uploads\/2026\/01\/230129-pka-champ-du-feu-35-800x533.jpg\" class=\"attachment-image-size-L size-image-size-L\" alt=\"Champ du feu sports d\u2019hiver station ski\" decoding=\"async\" loading=\"lazy\"  \/>         \u00a9 Adrien Labit \/ Pokaa <\/p>\n<p>La Bresse-Hohneck <\/p>\n<p>Situ\u00e9e \u00e0 1h45 de Strasbourg en voiture, cette station vosgienne est<strong> la seule \u00e0 \u00eatre ouverte tout l\u2019hiver<\/strong> gr\u00e2ce \u00e0 des canons \u00e0 neige. C\u2019est <strong>l\u2019une des plus grandes de la r\u00e9gion avec 15 remont\u00e9es m\u00e9caniques et 33 pistes de ski bleues, rouges ou noires<\/strong>.<\/p>\n<p>Espace <strong>d\u00e9tente, pistes de luge et de donuts gonflables, on peut aussi y skier de nuit<\/strong> lors de certaines soir\u00e9es d\u2019hiver \u00e0 la lumi\u00e8re des lampadaires. <strong>Randonn\u00e9e ou luge sur rail<\/strong> feront \u00e9galement le bonheur des visiteurs\/ses de tout \u00e2ge.<\/p>\n<p style=\"text-align: center;\"><strong><a href=\"https:\/\/labresse.labellemontagne.com\/fr\/hiver\/ski-snowboard\/domaine-skiable\/\" target=\"_blank\" rel=\"noopener\">Le site web de La Bresse-Honeck<\/a><\/strong><\/p>\n<p>                <img width=\"889\" height=\"500\" src=\"https:\/\/www.europesays.com\/fr\/wp-content\/uploads\/2026\/01\/b-5516-bd-1920par1080-0x870-1-889x500.jpg\" class=\"attachment-gallery size-gallery\" alt=\"la bresse\" data-full-url=\"https:\/\/pokaa.fr\/wp-content\/uploads\/2025\/12\/23\/b-5516-bd-1920par1080-0x870-1-1500x844.jpg\" decoding=\"async\" loading=\"lazy\"  \/>            <\/p>\n<p>                <img width=\"889\" height=\"500\" src=\"https:\/\/www.europesays.com\/fr\/wp-content\/uploads\/2026\/01\/b-6495-bd-1920par1080-0x870-1-889x500.jpg\" class=\"attachment-gallery size-gallery\" alt=\"la bresse\" data-full-url=\"https:\/\/pokaa.fr\/wp-content\/uploads\/2025\/12\/23\/b-6495-bd-1920par1080-0x870-1-1500x844.jpg\" decoding=\"async\" loading=\"lazy\"  \/>            <\/p>\n<p>                <img width=\"889\" height=\"500\" src=\"https:\/\/www.europesays.com\/fr\/wp-content\/uploads\/2026\/01\/b-5560-bd-1920par1080-0x870-1-889x500.jpg\" class=\"attachment-gallery size-gallery\" alt=\"la bresse\" data-full-url=\"https:\/\/pokaa.fr\/wp-content\/uploads\/2025\/12\/23\/b-5560-bd-1920par1080-0x870-1-1500x844.jpg\" decoding=\"async\" loading=\"lazy\"  \/>            <\/p>\n<p>                    \u00a9 La Bresse Labellemontagne \/ Captures d\u2019\u00e9cran<\/p>\n<p>Le Champ du Feu<\/p>\n<p>C\u2019est la station la plus proche de Strasbourg mais aussi la plus basse. <strong>Accessible en bus<\/strong> depuis Strasbourg avec la <a href=\"https:\/\/www.ctbr67.fr\/lignes-saisonnieres\/navette-des-neiges\/\" target=\"_blank\" rel=\"noopener\">Navette des neiges (infos et horaires ici)<\/a>,<strong> la station du Champ du Feu est familiale, ludique et sp\u00e9cialis\u00e9e dans le ski alpin sur pistes et le ski nordique<\/strong> (ou ski de fond).<\/p>\n<p>Son altitude de 1000 m\u00e8tres <strong>ne lui permet pas de b\u00e9n\u00e9ficier d\u2019un grand taux d\u2019enneigement<\/strong>, <strong>les jours d\u2019ouverture sont donc al\u00e9atoires<\/strong>. Nous vous conseillons donc de vous renseigner en amont et de <strong>v\u00e9rifier l\u2019ouverture de la station<\/strong>. Elle reste malgr\u00e9 tout un merveilleux endroit pour <strong>randonner, faire de la luge ou tout simplement prendre un chocolat chaud<\/strong> au coeur de la for\u00eat.<\/p>\n<p style=\"text-align: center;\"><strong><a href=\"https:\/\/www.lechampdufeu.com\" target=\"_blank\" rel=\"noopener\">Le site web du Champ du Feu<\/a><\/strong><\/p>\n<p>                <img width=\"751\" height=\"500\" src=\"https:\/\/www.europesays.com\/fr\/wp-content\/uploads\/2026\/01\/230129-pka-champ-du-feu-43-751x500.jpg\" class=\"attachment-gallery size-gallery\" alt=\"Champ du feu sports d\u2019hiver station ski\" data-full-url=\"https:\/\/pokaa.fr\/wp-content\/uploads\/2023\/02\/230129-pka-champ-du-feu-43.jpg\" decoding=\"async\" loading=\"lazy\"  \/>            <\/p>\n<p>                <img width=\"751\" height=\"500\" src=\"https:\/\/www.europesays.com\/fr\/wp-content\/uploads\/2026\/01\/230129-pka-champ-du-feu-39-751x500.jpg\" class=\"attachment-gallery size-gallery\" alt=\"Champ du feu sports d\u2019hiver station ski\" data-full-url=\"https:\/\/pokaa.fr\/wp-content\/uploads\/2023\/02\/230129-pka-champ-du-feu-39.jpg\" decoding=\"async\" loading=\"lazy\"  \/>            <\/p>\n<p>                <img width=\"751\" height=\"500\" src=\"https:\/\/www.europesays.com\/fr\/wp-content\/uploads\/2026\/01\/230129-pka-champ-du-feu-37-751x500.jpg\" class=\"attachment-gallery size-gallery\" alt=\"Champ du feu sports d\u2019hiver station ski\" data-full-url=\"https:\/\/pokaa.fr\/wp-content\/uploads\/2023\/02\/230129-pka-champ-du-feu-37.jpg\" decoding=\"async\" loading=\"lazy\"  \/>            <\/p>\n<p>                    \u00a9 Adrien Labit \/ Pokaa<\/p>\n<p>Le Lac Blanc<\/p>\n<p>Situ\u00e9e \u00e0 1h30 de Strasbourg, tr\u00e8s pris\u00e9e en \u00e9t\u00e9 pour le VTT de descente,<strong> la station du Lac Blanc ouvre \u00e9galement ses pistes en hiver lorsque l\u2019enneigement le permet<\/strong> (penser \u00e0 v\u00e9rifier l\u2019ouverture en amont avant de planifier la sortie).<\/p>\n<p>Au programme : <strong>ski alpin, raquette, luge sur rail et m\u00eame frites<\/strong> dans l\u2019un des deux restaurants d\u2019altitude. Le <strong>magasin sur place permet de louer tout le mat\u00e9riel n\u00e9cessaire<\/strong> : chaussures, skis ou snowboard, b\u00e2tons. Tout ce qu\u2019il faut pour passer un bon moment. Les <strong>randonn\u00e9es au d\u00e9part de la station<\/strong> et autour du lac raviront les amoureux\/ses de la nature.<\/p>\n<p style=\"text-align: center;\"><strong><a href=\"https:\/\/www.lac-blanc.com\" target=\"_blank\" rel=\"noopener\">Le site web du Lac Blanc<\/a><\/strong><\/p>\n<p>                <img width=\"393\" height=\"500\" src=\"https:\/\/www.europesays.com\/fr\/wp-content\/uploads\/2026\/01\/ski-famille-lac-blanc-393x500.jpg\" class=\"attachment-gallery size-gallery\" alt=\"Ski famille lac blanc\" data-full-url=\"https:\/\/pokaa.fr\/wp-content\/uploads\/2025\/12\/17\/ski-famille-lac-blanc.jpg\" decoding=\"async\" loading=\"lazy\"  \/>            <\/p>\n<p>                <img width=\"518\" height=\"500\" src=\"https:\/\/www.europesays.com\/fr\/wp-content\/uploads\/2026\/01\/luge-sur-rail-lac-blanc-518x500.jpg\" class=\"attachment-gallery size-gallery\" alt=\"Luge sur rail lac blanc\" data-full-url=\"https:\/\/pokaa.fr\/wp-content\/uploads\/2025\/12\/17\/luge-sur-rail-lac-blanc.jpg\" decoding=\"async\" loading=\"lazy\"  \/>            <\/p>\n<p>                    1. \u00a9 Site web du Lac Blanc \/ Capture d&rsquo;\u00e9cran ; 2. \u00a9 Office de tourisme de la Vall\u00e9e de Kaysersberg \/ Capture d&rsquo;\u00e9cran<\/p>\n<p>Le Markstein<\/p>\n<p>Situ\u00e9 \u00e0 1h45 de Strasbourg et <strong>accessible en train depuis Bollwiller<\/strong> et avec <a href=\"https:\/\/hautes-vosges-alsace.fr\/navette-dhiver-2025-2026\/\" target=\"_blank\" rel=\"noopener\">la Navette d\u2019hiver <\/a>(\u00e0 r\u00e9server en avance),<strong> le Markstein est une petite station du parc du Grand Ballon<\/strong>. Compos\u00e9e de 13 pistes reli\u00e9es par huit tire-fesses, elle offre une <strong>superbe vue sur les Vosges <\/strong>et la vall\u00e9e de Guebwiller.<\/p>\n<p>Sur place,<strong> circuits de randonn\u00e9e, luge sur rail, bars et restaurants<\/strong> feront aussi le bonheur de celles et ceux qui ne skient pas.<\/p>\n<p style=\"text-align: center;\"><strong><a href=\"https:\/\/www.lemarkstein.net\/fr\/\" target=\"_blank\" rel=\"noopener\">Le site web du Markstein<\/a><\/strong><\/p>\n<p>                <img width=\"667\" height=\"500\" src=\"https:\/\/www.europesays.com\/fr\/wp-content\/uploads\/2026\/01\/le-markstein-667x500.jpg\" class=\"attachment-gallery size-gallery\" alt=\"Le markstein\" data-full-url=\"https:\/\/pokaa.fr\/wp-content\/uploads\/2024\/01\/19\/le-markstein.jpg\" decoding=\"async\" loading=\"lazy\"  \/>            <\/p>\n<p>                <img width=\"1262\" height=\"500\" src=\"https:\/\/www.europesays.com\/fr\/wp-content\/uploads\/2026\/01\/station-markstein-hiver-panorama-1262x500.jpg\" class=\"attachment-gallery size-gallery\" alt=\"Station_Markstein_hiver_panorama\" data-full-url=\"https:\/\/pokaa.fr\/wp-content\/uploads\/2025\/12\/17\/station-markstein-hiver-panorama-1500x594.jpg\" decoding=\"async\" loading=\"lazy\"  \/>            <\/p>\n<p>                    1. \u00a9 Julia Wencker \/ Pokaa ; 2. \u00a9 Site web de la station du Markstein \/ Capture d&rsquo;\u00e9cran<\/p>\n<p>Bonus : le Feldberg, en For\u00eat-Noire<\/p>\n<p>Pour les<strong> amateurs\/rices de currywurst et de bi\u00e8re bavaroise<\/strong>, de l\u2019autre c\u00f4t\u00e9 de la plaine,<strong> le Feldberg est l\u2019une des stations les plus pris\u00e9es de For\u00eat-Noire<\/strong> en Allemagne. Situ\u00e9e \u00e0 1h45 de Strasbourg, elle est \u00e9galement accessible en train, puis en bus, depuis la gare centrale de Fribourg.<\/p>\n<p><strong>Ouverte en continu<\/strong> gr\u00e2ce \u00e0 ses canons \u00e0 neige, elle ne b\u00e9n\u00e9ficie pas toujours d\u2019un bon enneigement. On peut <strong>se r\u00e9f\u00e9rer aux webcams sur le site web avant le d\u00e9part<\/strong>. Mais le programme en reste tr\u00e8s all\u00e9chant: <strong>ski plaisir, randonn\u00e9es p\u00e9destres ou en raquettes<\/strong>\u00a0avec de superbes points de vue sur le massif. Tout le charme allemand pour une journ\u00e9e.<\/p>\n<p style=\"text-align: center;\"><strong><a href=\"https:\/\/www.feldberg-erlebnis.de\/winter\" target=\"_blank\" rel=\"noopener\">Le site web du Feldberg<\/a><\/strong><\/p>\n<p>    <img width=\"800\" height=\"533\" src=\"https:\/\/www.europesays.com\/fr\/wp-content\/uploads\/2026\/01\/08-feldbergbahnen-800x533.jpg\" class=\"attachment-image-size-L size-image-size-L\" alt=\"Feldberg\" decoding=\"async\" loading=\"lazy\"  \/>         \u00a9 Site web de la station du Feldberg \/ Capture d&rsquo;\u00e9cran <\/p>\n","protected":false},"excerpt":{"rendered":"Accueil \/ \u00c9vasion &amp; nature \/ Alsace, Vosges ou Allemagne : 5 stations pour skier et d\u00e9valer des&hellip;\n","protected":false},"author":2,"featured_media":642176,"comment_status":"","ping_status":"","sticky":false,"template":"","format":"standard","meta":{"footnotes":""},"categories":[1587],"tags":[11,672,1804,74893,1805,1803,1777,674,74894,1801,6736,24363,67476,12,1802,4129,67008,774],"class_list":{"0":"post-642175","1":"post","2":"type-post","3":"status-publish","4":"format-standard","5":"has-post-thumbnail","7":"category-allemagne","8":"tag-actualites","9":"tag-allemagne","10":"tag-bundesrepublik-deutschland","11":"tag-champ-du-feu","12":"tag-de","13":"tag-deutschland","14":"tag-eu","15":"tag-europe","16":"tag-feldberg","17":"tag-germany","18":"tag-hiver","19":"tag-la-bresse","20":"tag-markstein","21":"tag-news","22":"tag-republique-federale-dallemagne","23":"tag-ski","24":"tag-station-de-ski","25":"tag-vosges"},"share_on_mastodon":{"url":"https:\/\/pubeurope.com\/@fr\/115841800179313595","error":""},"_links":{"self":[{"href":"https:\/\/www.europesays.com\/fr\/wp-json\/wp\/v2\/posts\/642175","targetHints":{"allow":["GET"]}}],"collection":[{"href":"https:\/\/www.europesays.com\/fr\/wp-json\/wp\/v2\/posts"}],"about":[{"href":"https:\/\/www.europesays.com\/fr\/wp-json\/wp\/v2\/types\/post"}],"author":[{"embeddable":true,"href":"https:\/\/www.europesays.com\/fr\/wp-json\/wp\/v2\/users\/2"}],"replies":[{"embeddable":true,"href":"https:\/\/www.europesays.com\/fr\/wp-json\/wp\/v2\/comments?post=642175"}],"version-history":[{"count":0,"href":"https:\/\/www.europesays.com\/fr\/wp-json\/wp\/v2\/posts\/642175\/revisions"}],"wp:featuredmedia":[{"embeddable":true,"href":"https:\/\/www.europesays.com\/fr\/wp-json\/wp\/v2\/media\/642176"}],"wp:attachment":[{"href":"https:\/\/www.europesays.com\/fr\/wp-json\/wp\/v2\/media?parent=642175"}],"wp:term":[{"taxonomy":"category","embeddable":true,"href":"https:\/\/www.europesays.com\/fr\/wp-json\/wp\/v2\/categories?post=642175"},{"taxonomy":"post_tag","embeddable":true,"href":"https:\/\/www.europesays.com\/fr\/wp-json\/wp\/v2\/tags?post=642175"}],"curies":[{"name":"wp","href":"https:\/\/api.w.org\/{rel}","templated":true}]}}