{"id":642179,"date":"2026-01-05T09:33:12","date_gmt":"2026-01-05T09:33:12","guid":{"rendered":"https:\/\/www.europesays.com\/fr\/642179\/"},"modified":"2026-01-05T09:33:12","modified_gmt":"2026-01-05T09:33:12","slug":"bien-sur-que-jai-eu-peur-camille-combal-ce-jour-ou-lanimateur-a-appris-quil-navait-quun-rein","status":"publish","type":"post","link":"https:\/\/www.europesays.com\/fr\/642179\/","title":{"rendered":"\u00ab\u00a0Bien s\u00fbr que j&rsquo;ai eu peur\u00a0!\u00a0\u00bb\u00a0: Camille Combal, ce jour o\u00f9 l&rsquo;animateur a appris qu&rsquo;il n&rsquo;avait qu&rsquo;un rein"},"content":{"rendered":"<p>      R\u00e9sum\u00e9<\/p>\n<p>Camille Combal n&rsquo;avait que 41 ans lorsqu&rsquo;il a d\u00e9couvert qu&rsquo;il n&rsquo;avait qu&rsquo;un rein ! Une r\u00e9v\u00e9lation surprenante qu&rsquo;il a confi\u00e9 \u00e0 Kyan Khojandi et Navo dans le podcast Un Bon Moment sur Youtube ce 4 janvier.<\/p>\n<p>        Sommaire<\/p>\n<p>Il vient des Alpes et <strong>son ascension est fulgurante<\/strong>. Depuis 2018, Camille Combal est <strong>LE nouveau visage de TF1<\/strong>. La cha\u00eene lui fait une confiance aveugle. Preuve en est\u2026 <a href=\"https:\/\/www.public.fr\/camille-combal-clashe-par-son-invite-jai-toujours-prefere-bertrand-chameroy\" target=\"_blank\" rel=\"noopener\">Le natif de Gap<\/a> dans les Hautes-Alpes est aux manettes des \u00e9missions aux audiences les plus impressionnantes. Ainsi, le <strong>23\u00a0janvier prochain \u00e0 21\u00a0heures 10<\/strong>, c&rsquo;est lui qui donnera le coup d&rsquo;envoi de la <strong>quinzi\u00e8me saison de \u00ab\u00a0Danse avec les stars\u00a0\u00bb<\/strong> qui verra <strong>St\u00e9phane Bern, <a href=\"https:\/\/www.public.fr\/miss-france-2026-apres-une-annee-compliquee-angelique-angarni-filopon-en-larmes-sur-la-scene-du-zenith-damiens\" target=\"_blank\" rel=\"noopener\">Ang\u00e9lique Angarni-Filopon<\/a><\/strong> ou encore <strong>Lucie Bernardoni<\/strong> s&rsquo;essayer aux danses de salon.<\/p>\n<p>Par ailleurs, <a href=\"https:\/\/www.public.fr\/camille-combal-lache-la-television-pour-le-theatre\" target=\"_blank\" rel=\"noopener\">l&rsquo;ancien chroniqueur de Cyril Hanouna<\/a> sur C8 est aussi \u00e0 la t\u00eate de <strong>\u00ab\u00a0Mask Singer\u00a0\u00bb<\/strong> depuis 2019, d&rsquo;<strong>\u00ab\u00a0Une famille en or\u00a0\u00bb <\/strong>depuis 2021 et, ce 2\u00a0d\u00e9cembre, a lanc\u00e9 \u00ab\u00a0Qui sera le plus nul\u00a0?\u00a0\u00bb parvenant \u00e0 r\u00e9unir sur le m\u00eame plateau\u00a0: <strong>JoeyStarr, Jacques Legros, <a href=\"https:\/\/www.public.fr\/nabilla-et-camille-combal-oups-le-gros-rate-non-mais-allo-quoi\" target=\"_blank\" rel=\"noopener\">Nabilla <\/a><\/strong>ou encore <strong>\u00c9milien <\/strong>des \u00ab\u00a012 coups de midi\u00a0\u00bb. Un programme qu&rsquo;il est parvenu \u00e0 place en t\u00eate des audiences. <strong>4,05\u00a0millions de t\u00e9l\u00e9spectateurs <\/strong>se sont r\u00e9unis devant ce nouveau programme (<strong>22\u00a0% de PDA)<\/strong>.<\/p>\n<p>Des t\u00e9l\u00e9spectateurs qui ignorent peut-\u00eatre que <strong>Camille Combal\u2026 n&rsquo;a qu&rsquo;un rein<\/strong>\u00a0! Invit\u00e9 du podcast Un Bon Moment de Kyan Khojandi et Navo ce 4\u00a0janvier, <a href=\"https:\/\/www.public.fr\/ca-a-dure-11-jours-camille-combal-evoque-laccouchement-de-sa-femme-avec-vitaa-dans-la-chambre-da-cote\" target=\"_blank\" rel=\"noopener\">le p\u00e8re de famille<\/a> s&rsquo;est livr\u00e9 sans filtre \u00e0 ce sujet amusant ses camarades en plateau. Et pour cause\u2026 Ce n&rsquo;est <strong>qu&rsquo;\u00e0 l&rsquo;\u00e2ge de 41 ans <\/strong>qu&rsquo;il a appris qui lui manquait un de ses deux organes.<\/p>\n<p>Camille Combal\u00a0: il lui manque un rein et l&rsquo;animateur l&rsquo;a appris d&rsquo;une mani\u00e8re surprenante<\/p>\n<p>Face \u00e0 ses h\u00f4tes, <a href=\"https:\/\/www.google.com\/url?sa=t&amp;source=web&amp;rct=j&amp;opi=89978449&amp;url=https:\/\/vsd.fr\/59700-camille-combal-a-t-il-flingue-la-suite-de-danse-avec-les-stars\/&amp;ved=2ahUKEwiMzeCQhfSRAxWJBtsEHT7eIjgQFnoECCoQAQ&amp;usg=AOvVaw3eshejTYl787X-7pnyFSEH\" target=\"_blank\" rel=\"noopener\">l&rsquo;animateur<\/a> a commenc\u00e9 par d\u00e9tailler\u00a0: \u00ab\u00a0Je suis n\u00e9 dans les Alpes, dans une maternit\u00e9 qui visiblement \u00e9tait un peu dysfonctionnelle. Il devait y avoir des examens mais qui ne devaient pas \u00eatre hyperaboutis parce que <strong>personne n&rsquo;a vu que j&rsquo;avais qu&rsquo;un rein<\/strong>\u00ab\u00a0. Mais alors comment a-t-il su\u00a0? Et bien, \u00ab\u00a0<strong>j&rsquo;ai appris en empruntant mon premier appartement<\/strong>\u00ab\u00a0, a-t-il alors r\u00e9v\u00e9l\u00e9. En effet, pour pouvoir emprunter aupr\u00e8s de sa banque, <a href=\"https:\/\/www.google.com\/url?sa=t&amp;source=web&amp;rct=j&amp;opi=89978449&amp;url=https:\/\/vsd.fr\/3936-television-camille-combal-dans-quotidien-decouvrez-la-reponse-de-yann-barthes\/&amp;ved=2ahUKEwiMzeCQhfSRAxWJBtsEHT7eIjgQFnoECC4QAQ&amp;usg=AOvVaw2cjr_iyV4msROj_0PwZ5Yz\" target=\"_blank\" rel=\"noopener\">le compagnon de Marie Treille Stefani<\/a> dernier a accept\u00e9 de se plier \u00e0 une batterie d&rsquo;examens.<\/p>\n<p>C&rsquo;est alors, qu&rsquo;au moment de passer une \u00e9chographie, le praticien a annonc\u00e9 au <a href=\"https:\/\/www.google.com\/url?sa=t&amp;source=web&amp;rct=j&amp;opi=89978449&amp;url=https:\/\/www.public.fr\/danse-avec-les-stars-apres-ines-vandamme-nino-mosa-lui-aussi-annonce-quil-ne-sera-pas-de-la-partie&amp;ved=2ahUKEwikvs_XhvSRAxU-SfEDHXYNOMsQFnoECC0QAQ&amp;usg=AOvVaw0q5nWqBl5wyrijEBj-6i9p\" target=\"_blank\" rel=\"noopener\">quarantenaire\u00a0<\/a>: \u00ab\u00a0<strong>Je vais aller chercher la sup\u00e9rieure du centre d&rsquo;imagerie<\/strong> [&#8230;] J&rsquo;ai compris qu&rsquo;il y avait un probl\u00e8me.<strong> Bien s\u00fbr que j&rsquo;ai eu peur<\/strong> [&#8230;] Je suis hypocondriaque. <strong>Dans ma t\u00eate, c&rsquo;est fini, il me reste six jours de vie<\/strong>, il faut que je dise au revoir \u00e0 mes proches, c&rsquo;est termin\u00e9\u00a0\u00bb. Finalement, plus de peur que de mal puisqu&rsquo;<strong>on peut tr\u00e8s bien vivre qu&rsquo;avec un seul rein <\/strong>m\u00eame si, comme l&rsquo;a pr\u00e9cis\u00e9 Camille Combal, cela n\u00e9cessite d&rsquo;\u00eatre tr\u00e8s bien suivi.<\/p>\n<p>\n          Hits &amp; People en continu\n        <\/p>\n<p>\n          Public Radio\n        <\/p>\n<p>      Mentionn\u00e9s dans cet article<\/p>\n<p>      Sur le m\u00eame sujet<\/p>\n","protected":false},"excerpt":{"rendered":"R\u00e9sum\u00e9 Camille Combal n&rsquo;avait que 41 ans lorsqu&rsquo;il a d\u00e9couvert qu&rsquo;il n&rsquo;avait qu&rsquo;un rein ! Une r\u00e9v\u00e9lation surprenante&hellip;\n","protected":false},"author":2,"featured_media":642180,"comment_status":"","ping_status":"","sticky":false,"template":"","format":"standard","meta":{"footnotes":""},"categories":[1586],"tags":[11,74895,193,26578,9260,1777,674,1779,1011,27,12,10680,25,71,1778,364],"class_list":{"0":"post-642179","1":"post","2":"type-post","3":"status-publish","4":"format-standard","5":"has-post-thumbnail","7":"category-europe","8":"tag-actualites","9":"tag-berangere-krief","10":"tag-camille-combal","11":"tag-confidence","12":"tag-confidences","13":"tag-eu","14":"tag-europe","15":"tag-european-union","16":"tag-fr","17":"tag-france","18":"tag-news","19":"tag-rein","20":"tag-republique-francaise","21":"tag-sante","22":"tag-ue","23":"tag-union-europeenne"},"share_on_mastodon":{"url":"https:\/\/pubeurope.com\/@fr\/115841807506746742","error":""},"_links":{"self":[{"href":"https:\/\/www.europesays.com\/fr\/wp-json\/wp\/v2\/posts\/642179","targetHints":{"allow":["GET"]}}],"collection":[{"href":"https:\/\/www.europesays.com\/fr\/wp-json\/wp\/v2\/posts"}],"about":[{"href":"https:\/\/www.europesays.com\/fr\/wp-json\/wp\/v2\/types\/post"}],"author":[{"embeddable":true,"href":"https:\/\/www.europesays.com\/fr\/wp-json\/wp\/v2\/users\/2"}],"replies":[{"embeddable":true,"href":"https:\/\/www.europesays.com\/fr\/wp-json\/wp\/v2\/comments?post=642179"}],"version-history":[{"count":0,"href":"https:\/\/www.europesays.com\/fr\/wp-json\/wp\/v2\/posts\/642179\/revisions"}],"wp:featuredmedia":[{"embeddable":true,"href":"https:\/\/www.europesays.com\/fr\/wp-json\/wp\/v2\/media\/642180"}],"wp:attachment":[{"href":"https:\/\/www.europesays.com\/fr\/wp-json\/wp\/v2\/media?parent=642179"}],"wp:term":[{"taxonomy":"category","embeddable":true,"href":"https:\/\/www.europesays.com\/fr\/wp-json\/wp\/v2\/categories?post=642179"},{"taxonomy":"post_tag","embeddable":true,"href":"https:\/\/www.europesays.com\/fr\/wp-json\/wp\/v2\/tags?post=642179"}],"curies":[{"name":"wp","href":"https:\/\/api.w.org\/{rel}","templated":true}]}}