{"id":64219,"date":"2025-04-30T11:11:08","date_gmt":"2025-04-30T11:11:08","guid":{"rendered":"https:\/\/www.europesays.com\/fr\/64219\/"},"modified":"2025-04-30T11:11:08","modified_gmt":"2025-04-30T11:11:08","slug":"kate-middleton-et-le-prince-william-celebrent-leur-anniversaire-de-mariage","status":"publish","type":"post","link":"https:\/\/www.europesays.com\/fr\/64219\/","title":{"rendered":"Kate Middleton et le prince William c\u00e9l\u00e8brent leur anniversaire de mariage"},"content":{"rendered":"<p class=\"fig-slideshow__title\">\n                    Kate Middleton et le prince William en \u00c9cosse pour leur anniversaire de mariage\n                <\/p>\n<p>\n                Voir les 17 photos<\/p>\n<p>\u00c0 l\u2019occasion de leur 14e anniversaire de mariage, mardi 29 avril, Kate Middleton et le prince William ont partag\u00e9 de nombreuses photos de leur s\u00e9jour sur l\u2019\u00eele de Mull, en \u00c9cosse.<\/p>\n<p class=\"fig-paragraph\">C\u2019est au milieu de la nature verdoyante, face aux magnifiques paysages de l\u2019\u00eele de Mull, que le prince William et Kate Middleton ont c\u00e9l\u00e9br\u00e9<a href=\"http:\/\/madame.lefigaro.fr\/celebrites\/actu-people\/comment-kate-et-william-vont-ils-celebrer-leur-14e-anniversaire-de-mariage-20250423\" data-fig-type=\"Article\" data-gtm-custom-categorie=\"navigation\" data-gtm-custom-action=\"crossclick\" data-gtm-custom-label=\"Contextuel\" data-gtm-event=\"customEventSPE\" data-fig-domain=\"MADAME\" target=\"_blank\" rel=\"noopener\">\u00a0leurs noces de plomb<\/a>. Il y a 14 ans, les mari\u00e9s se disaient \u00aboui\u00bb au sein de l\u2019abbaye de Westminster \u00e0 Londres. Alors qu\u2019il est en voyage officiel en \u00c9cosse, le couple de Galles a\u00a0<a href=\"https:\/\/www.instagram.com\/p\/DJCkUyrNJLD\/?utm_source=ig_web_copy_link&amp;igsh=MzRlODBiNWFlZA==\" target=\"_blank\" rel=\"nofollow noopener\" data-gtm-custom-categorie=\"navigation\" data-gtm-custom-action=\"crossclick\" data-gtm-custom-label=\"Contextuel\" data-gtm-event=\"customEventSPE\">partag\u00e9 sur Instagram<\/a>, mardi 29 avril, plusieurs photos de la premi\u00e8re journ\u00e9e de son s\u00e9jour. Parmi les clich\u00e9s, l\u2019un d\u2019entre eux a attir\u00e9 l\u2019attention. Enlac\u00e9s face \u00e0 un gigantesque panorama entre mer et montagne, Kate Middleton et le prince William ont d\u00e9voil\u00e9 un petit moment de complicit\u00e9 et d\u2019amour.<\/p>\n<p class=\"fig-paragraph\">\u00abC\u2019est merveilleux d\u2019\u00eatre de retour sur l\u2019\u00eele de Mull. Merci \u00e0 tous pour cet accueil chaleureux. W&amp;C\u00bb, ont \u00e9crit les \u00e9poux en l\u00e9gende de la photo. Tout au long de cette premi\u00e8re journ\u00e9e, les parents des princes George, Louis et de la princesse Charlotte se sont lanc\u00e9\u00a0<a href=\"http:\/\/madame.lefigaro.fr\/celebrites\/actu-people\/en-photo-le-regard-amoureux-et-plein-d-admiration-du-prince-william-a-kate-middleton-lors-du-couronnement-20230507\" data-fig-type=\"Article\" data-gtm-custom-categorie=\"navigation\" data-gtm-custom-action=\"crossclick\" data-gtm-custom-label=\"Contextuel\" data-gtm-event=\"customEventSPE\" data-fig-domain=\"MADAME\" target=\"_blank\" rel=\"noopener\">des regards complices, amoureux,<\/a>\u00a0partageant des fous rires et de longues discussions dans cet endroit qui semble si paisible.<\/p>\n<p class=\"fig-body-link&#10;    \">\n            \u00c0 lire aussi<br \/>\n        <a class=\"fig-body-link__link\" href=\"http:\/\/madame.lefigaro.fr\/celebrites\/actu-people\/ou-se-trouve-l-ile-de-mull-submergee-de-reservations-d-hotel-avant-la-venue-de-kate-middleton-et-du-prince-william-20250429\" data-fig-type=\"Article\" data-gtm-custom-categorie=\"navigation\" data-gtm-custom-action=\"crossclick\" data-gtm-custom-label=\"Contextuel\" data-gtm-event=\"customEventSPE\" data-fig-domain=\"MADAME\" target=\"_blank\" rel=\"noopener\">O\u00f9 se trouve l\u2019\u00eele de Mull, submerg\u00e9e de r\u00e9servations d\u2019h\u00f4tel avant la venue de Kate Middleton et du prince William\u00a0?<\/a>\n<\/p>\n<p>\u00a0\u00bb<br \/>\n        data-script=\u00a0\u00bbhttps:\/\/static.lefigaro.fr\/widget-video\/short-ttl\/video\/index.js\u00a0\u00bb<br \/>\n    &gt;<\/p>\n<p>Et au programme\u00a0?<\/p>\n<p class=\"fig-paragraph\">Si le prince William et Kate Middleton ont d\u00e9cid\u00e9 de passer leur anniversaire de mariage sur cette \u00eele, ils n\u2019oublient pas pour autant de\u00a0<a href=\"https:\/\/photo-madame.lefigaro.fr\/celebrites\/actu-people\/le-prince-william-en-visite-dans-le-centre-communautaire-mentivity-a-londres-20250425\" data-fig-type=\"SlideShowResource\" data-gtm-custom-categorie=\"navigation\" data-gtm-custom-action=\"crossclick\" data-gtm-custom-label=\"Contextuel\" data-gtm-event=\"customEventSPE\" data-fig-domain=\"MADAME\" target=\"_blank\" rel=\"noopener\">repr\u00e9senter la couronne britannique<\/a>. Tout au long de ces deux jours, le couple a donc pr\u00e9vu plusieurs visites. Ils ont notamment rencontr\u00e9 Jeanette Lynn et son mari, Jack Shaw, dans leur ferme, pour \u00e9changer avec eux au sujet de la production durable et de l\u2019industrie h\u00f4teli\u00e8re sur l\u2019\u00eele. En plus de profiter d\u2019un repas avec leurs h\u00f4tes, le prince William et Kate Middleton n\u2019ont pas h\u00e9sit\u00e9 \u00e0 aller \u00e0 la rencontre de leurs moutons Hebridean. Ceux qui sont connus sous le nom de duc et duchesse de Rothesay en \u00c9cosse ont ensuite continu\u00e9 leur visite de l\u2019\u00eele en se rendant dans la ville d\u2019Aros Hall. L\u00e0-bas, ils sont all\u00e9s dans un centre communautaire local et ont rencontr\u00e9 les artisans pr\u00e9sents sur le march\u00e9 de la ville. Comme \u00e0 leur habitude, le couple s\u2019est arr\u00eat\u00e9 pour discuter avec les habitants de l\u2019\u00eele, d\u00e8s qu\u2019il en avait l\u2019occasion. Un s\u00e9jour plein d\u2019amour et de simplicit\u00e9.<\/p>\n<p>                                        <script async src=\"\/\/www.instagram.com\/embed.js\"><\/script><\/p>\n","protected":false},"excerpt":{"rendered":"Kate Middleton et le prince William en \u00c9cosse pour leur anniversaire de mariage Voir les 17 photos \u00c0&hellip;\n","protected":false},"author":2,"featured_media":64220,"comment_status":"","ping_status":"","sticky":false,"template":"","format":"standard","meta":{"footnotes":""},"categories":[8],"tags":[976,3581,972,1193,58,59,638,1011,27,5858,977,1930,973,975,3936,974],"class_list":{"0":"post-64219","1":"post","2":"type-post","3":"status-publish","4":"format-standard","5":"has-post-thumbnail","7":"category-divertissement","8":"tag-actu-people","9":"tag-anniversaire","10":"tag-celebrite","11":"tag-couple","12":"tag-divertissement","13":"tag-entertainment","14":"tag-figaro","15":"tag-fr","16":"tag-france","17":"tag-kate-middleton","18":"tag-madame","19":"tag-mariage","20":"tag-people","21":"tag-potain-de-stars","22":"tag-prince-william","23":"tag-star"},"share_on_mastodon":{"url":"https:\/\/pubeurope.com\/@fr\/114426615122474099","error":""},"_links":{"self":[{"href":"https:\/\/www.europesays.com\/fr\/wp-json\/wp\/v2\/posts\/64219","targetHints":{"allow":["GET"]}}],"collection":[{"href":"https:\/\/www.europesays.com\/fr\/wp-json\/wp\/v2\/posts"}],"about":[{"href":"https:\/\/www.europesays.com\/fr\/wp-json\/wp\/v2\/types\/post"}],"author":[{"embeddable":true,"href":"https:\/\/www.europesays.com\/fr\/wp-json\/wp\/v2\/users\/2"}],"replies":[{"embeddable":true,"href":"https:\/\/www.europesays.com\/fr\/wp-json\/wp\/v2\/comments?post=64219"}],"version-history":[{"count":0,"href":"https:\/\/www.europesays.com\/fr\/wp-json\/wp\/v2\/posts\/64219\/revisions"}],"wp:featuredmedia":[{"embeddable":true,"href":"https:\/\/www.europesays.com\/fr\/wp-json\/wp\/v2\/media\/64220"}],"wp:attachment":[{"href":"https:\/\/www.europesays.com\/fr\/wp-json\/wp\/v2\/media?parent=64219"}],"wp:term":[{"taxonomy":"category","embeddable":true,"href":"https:\/\/www.europesays.com\/fr\/wp-json\/wp\/v2\/categories?post=64219"},{"taxonomy":"post_tag","embeddable":true,"href":"https:\/\/www.europesays.com\/fr\/wp-json\/wp\/v2\/tags?post=64219"}],"curies":[{"name":"wp","href":"https:\/\/api.w.org\/{rel}","templated":true}]}}