{"id":642195,"date":"2026-01-05T09:46:11","date_gmt":"2026-01-05T09:46:11","guid":{"rendered":"https:\/\/www.europesays.com\/fr\/642195\/"},"modified":"2026-01-05T09:46:11","modified_gmt":"2026-01-05T09:46:11","slug":"jai-decide-de-rentrer-a-la-maison-apres-larret-de-sa-carriere-lanimateur-face-aux-confidences-chocs-dun-celebre-chanteur","status":"publish","type":"post","link":"https:\/\/www.europesays.com\/fr\/642195\/","title":{"rendered":"\u00ab\u00a0J&rsquo;ai d\u00e9cid\u00e9 de rentrer \u00e0 la maison\u00a0\u00bb, apr\u00e8s l&rsquo;arr\u00eat de sa carri\u00e8re, l&rsquo;animateur face aux confidences chocs d&rsquo;un c\u00e9l\u00e8bre chanteur"},"content":{"rendered":"<p>Par <a class=\"author_recette\" id=\"author_name\" href=\"https:\/\/www.nextplz.fr\/auteur\/mamy\" target=\"_blank\" rel=\"noopener\">Mamy Yves<br \/>\nRatsimbazafy<\/a> &#8211; Publi\u00e9 le 05 Jan 2026 \u00e0 09:00<\/p>\n<p class=\"article-intro excerpt\">Ce dimanche 4 janvier 2026, Michel<br \/>\nDrucker a orchestr\u00e9 un Vivement dimanche riche en \u00e9motions, entre<br \/>\ninvit\u00e9s prestigieux et confidences bouleversantes de Claudio Cap\u00e9o<br \/>\nsur sa pause et son retour musical.<\/p>\n<p>Ce dimanche 4 janvier 2026, <a href=\"https:\/\/www.nextplz.fr\/people\/524988-laveu-choc-de-cyril-feraud-sur-son-pere-disparu-depuis-quil-nest-plus-la\" target=\"_blank\" rel=\"noopener\"><br \/>\nMichel Drucker \u00e9tait de retour aux commandes de Vivement<br \/>\ndimanche<\/a> sur France 3. Une \u00e9mission marqu\u00e9e par une<br \/>\natmosph\u00e8re \u00e0 la fois chaleureuse et introspective, fid\u00e8le \u00e0 l\u2019ADN<br \/>\ndu programme, o\u00f9 les parcours personnels ont occup\u00e9 une place<br \/>\ncentrale. Pour cette nouvelle \u00e9dition, l\u2019animateur a ainsi r\u00e9uni<br \/>\nune palette d\u2019invit\u00e9s issus d\u2019univers tr\u00e8s diff\u00e9rents. L\u2019acteur et<br \/>\nmetteur en sc\u00e8ne Fran\u00e7ois Morel est ainsi revenu sur son amour des<br \/>\nmots et du th\u00e9\u00e2tre, tandis que la mezzo-soprano L\u00e9a Desandre a<br \/>\n\u00e9voqu\u00e9 son rapport exigeant \u00e0 la musique classique.<\/p>\n<p>Un plateau prestigieux pour une \u00e9mission plac\u00e9e sous le signe de la<br \/>\nculture<\/p>\n<p>Le com\u00e9dien et humoriste Olivier de Benoist a donc distill\u00e9 son<br \/>\nhumour mordant, offrant des respirations l\u00e9g\u00e8res \u00e0 l\u2019\u00e9mission.<br \/>\nRoselyne Bachelot, ancienne ministre de la Culture, a de son c\u00f4t\u00e9<br \/>\npartag\u00e9 sa vision engag\u00e9e du monde artistique et m\u00e9diatique, tandis<br \/>\nque le mentaliste et r\u00e9alisateur Viktor Vincent a fascin\u00e9 le public<br \/>\navec ses exp\u00e9riences troublantes. Un m\u00e9lange savamment dos\u00e9,<br \/>\norchestr\u00e9 par Michel Drucker, qui a une nouvelle fois d\u00e9montr\u00e9 son<br \/>\ntalent pour faire dialoguer les disciplines et les g\u00e9n\u00e9rations.<\/p>\n<p>Une seconde partie tourn\u00e9e vers l\u2019\u00e9motion et les confidences<\/p>\n<p>Lors de la deuxi\u00e8me partie de l\u2019\u00e9mission, l\u2019ambiance s\u2019est faite<br \/>\nplus intime. Michel Drucker a accueilli le chanteur Claudio Cap\u00e9o,<br \/>\nmais aussi l\u2019illustrateur Emmanuel Chaunu, le magicien Kamel, le<br \/>\ncopilote de rallye Mathieu Baumel et Rose Paynel. Autour du c\u00e9l\u00e8bre<br \/>\ncanap\u00e9 rouge, les \u00e9changes ont alors pris une tonalit\u00e9 plus<br \/>\npersonnelle, notamment gr\u00e2ce aux r\u00e9v\u00e9lations du chanteur. Claudio<br \/>\nCap\u00e9o, habitu\u00e9 des succ\u00e8s populaires, a ainsi profit\u00e9 de cette<br \/>\ntribune pour \u00e9voquer son parcours r\u00e9cent, marqu\u00e9 par une pause<br \/>\nvolontaire dans sa carri\u00e8re musicale.<\/p>\n<p>Claudio Cap\u00e9o se confie sur sa pause et son \u201cNouveau souffle\u201d<\/p>\n<p>Dans les colonnes de T\u00e9l\u00e9 Star, le chanteur a ainsi<br \/>\nexpliqu\u00e9 les raisons de ce retrait temporaire, qu\u2019il assume<br \/>\npleinement. \u201cJ\u2019avais besoin d\u2019\u00e9quilibre\u201d, a-t-il confi\u00e9<br \/>\nafin de rappeler qu\u2019il encha\u00eenait concerts et albums depuis pr\u00e8s de<br \/>\nneuf ans. Une cadence effr\u00e9n\u00e9e qui l\u2019a pouss\u00e9 \u00e0 lever le pied pour<br \/>\nse recentrer sur lui-m\u00eame et ses proches : \u201cJe vivais \u00e0 10 000<br \/>\n\u00e0 l\u2019heure. Et donc, j\u2019ai d\u00e9cid\u00e9 de rentrer \u00e0 la maison\u201d. Cette<br \/>\nann\u00e9e de pause lui a donc permis de prendre \u201cune nouvelle<br \/>\nrespiration\u201d en donnant naissance \u00e0 son nouvel album,<br \/>\nNouveau souffle. Un projet qu\u2019il d\u00e9crit comme \u201cpeut-\u00eatre<br \/>\nplus \u00e9l\u00e9gant que les autres\u201d, profond\u00e9ment sinc\u00e8re et \u201cvenu du<br \/>\nc\u0153ur\u201d.<\/p>\n<p>Un retour<br \/>\nattendu sur sc\u00e8ne dans toute la France<\/p>\n<p>D\u00e9sormais apais\u00e9 et inspir\u00e9, <a href=\"https:\/\/fr.wikipedia.org\/wiki\/Claudio_Cap%C3%A9o\" target=\"_blank\" rel=\"noopener\">Claudio Cap\u00e9o se dit impatient de retrouver son<br \/>\npublic<\/a>. Il a r\u00e9v\u00e9l\u00e9 avoir h\u00e2te de repartir sur les routes pour<br \/>\nune nouvelle tourn\u00e9e pr\u00e9vue dans les prochains mois. Un retour<br \/>\nsc\u00e9nique tr\u00e8s attendu, \u00e0 l\u2019image de cette \u00e9mission de Vivement<br \/>\ndimanche, o\u00f9 confidences, \u00e9motions et authenticit\u00e9 ont une<br \/>\nnouvelle fois fait mouche.<\/p>\n","protected":false},"excerpt":{"rendered":"Par Mamy Yves Ratsimbazafy &#8211; Publi\u00e9 le 05 Jan 2026 \u00e0 09:00 Ce dimanche 4 janvier 2026, Michel&hellip;\n","protected":false},"author":2,"featured_media":642196,"comment_status":"","ping_status":"","sticky":false,"template":"","format":"standard","meta":{"footnotes":""},"categories":[1359],"tags":[58,59,1011,27,973,65861],"class_list":{"0":"post-642195","1":"post","2":"type-post","3":"status-publish","4":"format-standard","5":"has-post-thumbnail","7":"category-people","8":"tag-divertissement","9":"tag-entertainment","10":"tag-fr","11":"tag-france","12":"tag-people","13":"tag-trend"},"share_on_mastodon":{"url":"https:\/\/pubeurope.com\/@fr\/115841858535152582","error":""},"_links":{"self":[{"href":"https:\/\/www.europesays.com\/fr\/wp-json\/wp\/v2\/posts\/642195","targetHints":{"allow":["GET"]}}],"collection":[{"href":"https:\/\/www.europesays.com\/fr\/wp-json\/wp\/v2\/posts"}],"about":[{"href":"https:\/\/www.europesays.com\/fr\/wp-json\/wp\/v2\/types\/post"}],"author":[{"embeddable":true,"href":"https:\/\/www.europesays.com\/fr\/wp-json\/wp\/v2\/users\/2"}],"replies":[{"embeddable":true,"href":"https:\/\/www.europesays.com\/fr\/wp-json\/wp\/v2\/comments?post=642195"}],"version-history":[{"count":0,"href":"https:\/\/www.europesays.com\/fr\/wp-json\/wp\/v2\/posts\/642195\/revisions"}],"wp:featuredmedia":[{"embeddable":true,"href":"https:\/\/www.europesays.com\/fr\/wp-json\/wp\/v2\/media\/642196"}],"wp:attachment":[{"href":"https:\/\/www.europesays.com\/fr\/wp-json\/wp\/v2\/media?parent=642195"}],"wp:term":[{"taxonomy":"category","embeddable":true,"href":"https:\/\/www.europesays.com\/fr\/wp-json\/wp\/v2\/categories?post=642195"},{"taxonomy":"post_tag","embeddable":true,"href":"https:\/\/www.europesays.com\/fr\/wp-json\/wp\/v2\/tags?post=642195"}],"curies":[{"name":"wp","href":"https:\/\/api.w.org\/{rel}","templated":true}]}}