{"id":642197,"date":"2026-01-05T09:47:10","date_gmt":"2026-01-05T09:47:10","guid":{"rendered":"https:\/\/www.europesays.com\/fr\/642197\/"},"modified":"2026-01-05T09:47:10","modified_gmt":"2026-01-05T09:47:10","slug":"une-exposition-gratuite-pour-ce-photographe-renomme","status":"publish","type":"post","link":"https:\/\/www.europesays.com\/fr\/642197\/","title":{"rendered":"une exposition gratuite pour ce photographe renomm\u00e9"},"content":{"rendered":"<p class=\"article__intro\">Une exposition du photographe Raymond Depardon est propos\u00e9e gratuitement depuis le 2 d\u00e9cembre 2025 au Pavillon Populaire \u00e0 Montpellier. Apr\u00e8s plusieurs mois de travaux, le lieu de r\u00e9f\u00e9rence de la photographie contemporaine, fait la part belle aux photos couleurs de l&rsquo;artiste. L&rsquo;exposition est visible jusqu&rsquo;au 12 avril 2026.<\/p>\n<p>\n      L\u2019actu des r\u00e9gions\n    <\/p>\n<p>\n      Chaque jour, un tour d\u2019horizon des principales infos de toutes les r\u00e9gions.\n    <\/p>\n<p>    France T\u00e9l\u00e9visions utilise votre adresse e-mail afin de vous envoyer la newsletter \u00ab\u00a0L\u2019actu des r\u00e9gions\u00a0\u00bb. Vous pouvez vous d\u00e9sinscrire \u00e0 tout moment via le lien en bas de cette newsletter. <a target=\"_blank\" href=\"https:\/\/www.francetelevisions.fr\/groupe\/confidentialite\/politique-de-confidentialite\/politique-de-confidentialite-de-france-televisions-6503\" rel=\"noopener\">Notre politique de confidentialit\u00e9<\/a><\/p>\n<p>Les visiteurs sont nombreux devant le Pavillon Populaire \u00e0 Montpellier. Le mus\u00e9e, ferm\u00e9 pour dix mois de r\u00e9paration, a rouvert ses portes le 2 d\u00e9cembre 2025 avec une exposition haute en couleur. Le photographe Raymond Depardon, reconnu pour ses clich\u00e9s en noir et blanc, est cette fois mis \u00e0 l&rsquo;honneur pour son travail en couleur et ses photos reportages \u00e0 travers le monde.<\/p>\n<p>L&rsquo;exposition \u00ab\u00a0Extr\u00eame Hotel\u00a0\u00bb met en avant 150 clich\u00e9s du photographe, pris entre 1960 et 2019. \u00c9tats-Unis, Glasgow, Patagonie, Japon&#8230; Plusieurs pays et \u00e9poques sont repr\u00e9sent\u00e9s dans des photos o\u00f9 le jeu de couleur est le ma\u00eetre mot.<\/p>\n<\/p>\n<p>Le 30 d\u00e9cembre 2025, en pleines vacances de fin d&rsquo;ann\u00e9e, la foule est au rendez-vous devant la Pavillon Populaire. Si l&rsquo;exposition attire autant, c&rsquo;est \u00e9galement gr\u00e2ce \u00e0 sa gratuit\u00e9. En effet, l&rsquo;acc\u00e8s au mus\u00e9e ne co\u00fbte pas un centime aux visiteurs.<\/p>\n<p>\u00ab\u00a0Avoir la possibilit\u00e9 de voir \u00e7a gratuitement c&rsquo;est super important. On n&rsquo;a pas tous la chance d&rsquo;avoir acc\u00e8s \u00e0 la culture\u00a0\u00bb, abonde l&rsquo;un des visiteurs. R\u00e9gis, n\u00e9omontpelli\u00e9rain est particuli\u00e8rement satisfait de cette possibilit\u00e9 : \u00ab\u00a0Montpellier est une ville extraordinaire dans l&rsquo;acc\u00e8s \u00e0 la culture, le fait que ce soit gratuit m&rsquo;a agr\u00e9ablement surpris\u00a0\u00bb, assure-t-il.<\/p>\n<\/p>\n<p>L&rsquo;exposition permet aussi de voir une version de l&rsquo;artiste plus m\u00e9connue. \u00ab\u00a0J&rsquo;ai d\u00e9couvert une autre facette du personnage, je ne savais pas qu&rsquo;il avait ce pass\u00e9 de photo reporter dans le monde\u00a0\u00bb, t\u00e9moigne l&rsquo;une des personnes pr\u00e9sente dans le mus\u00e9e.<\/p>\n<p>En effet, Raymond Depardon est certes, un photographe r\u00e9put\u00e9, mais surtout pour ses clich\u00e9s en noir et blanc mettant en avant la ruralit\u00e9 fran\u00e7aise. L\u00e0, le travail pr\u00e9sent\u00e9 ouvre un tout nouvel aspect : \u00ab\u00a0C&rsquo;est un voyage \u00e0 travers le monde et le temps\u00a0\u00bb commente R\u00e9gis. \u00ab\u00a0C&rsquo;est un t\u00e9moignage du r\u00e9el, de l&rsquo;histoire\u00a0\u00bb, admet une seconde personne juste avant de d\u00e9couvrir les clich\u00e9s.<\/p>\n<p>En 2022, Raymond Depardon avait d\u00e9j\u00e0 \u00e9t\u00e9 expos\u00e9 au Pavillon Populaire. \u00ab\u00a0Communes\u00a0\u00bb montrait alors des villages de l&rsquo;arri\u00e8re-pays menac\u00e9 par un projet d&rsquo;extraction de gaz de schiste.<\/p>\n<p>Quelques mois plus tard, l&rsquo;\u00e9pouse du photographe, Claudine Nougaret, avait fait don de plus de 200 tirages de l&rsquo;artiste au mus\u00e9e Fabre. Une histoire entre la ville et l&rsquo;artiste qui perdure donc avec \u00ab\u00a0Extr\u00eame Hotel\u00a0\u00bb.<\/p>\n<p>L&rsquo;exposition est visible jusqu&rsquo;au 12 avril 2025.<\/p>\n<p>Article \u00e9crit avec des \u00e9l\u00e9ments de Thierry Will et Fran\u00e7ois Jobard.<\/p>\n","protected":false},"excerpt":{"rendered":"Une exposition du photographe Raymond Depardon est propos\u00e9e gratuitement depuis le 2 d\u00e9cembre 2025 au Pavillon Populaire \u00e0&hellip;\n","protected":false},"author":2,"featured_media":642198,"comment_status":"","ping_status":"","sticky":false,"template":"","format":"standard","meta":{"footnotes":""},"categories":[1358],"tags":[1348,1384,1385,1386,58,59,1011,27],"class_list":{"0":"post-642197","1":"post","2":"type-post","3":"status-publish","4":"format-standard","5":"has-post-thumbnail","7":"category-arts-et-design","8":"tag-arts","9":"tag-arts-and-design","10":"tag-arts-et-design","11":"tag-design","12":"tag-divertissement","13":"tag-entertainment","14":"tag-fr","15":"tag-france"},"share_on_mastodon":{"url":"https:\/\/pubeurope.com\/@fr\/115841862359439524","error":""},"_links":{"self":[{"href":"https:\/\/www.europesays.com\/fr\/wp-json\/wp\/v2\/posts\/642197","targetHints":{"allow":["GET"]}}],"collection":[{"href":"https:\/\/www.europesays.com\/fr\/wp-json\/wp\/v2\/posts"}],"about":[{"href":"https:\/\/www.europesays.com\/fr\/wp-json\/wp\/v2\/types\/post"}],"author":[{"embeddable":true,"href":"https:\/\/www.europesays.com\/fr\/wp-json\/wp\/v2\/users\/2"}],"replies":[{"embeddable":true,"href":"https:\/\/www.europesays.com\/fr\/wp-json\/wp\/v2\/comments?post=642197"}],"version-history":[{"count":0,"href":"https:\/\/www.europesays.com\/fr\/wp-json\/wp\/v2\/posts\/642197\/revisions"}],"wp:featuredmedia":[{"embeddable":true,"href":"https:\/\/www.europesays.com\/fr\/wp-json\/wp\/v2\/media\/642198"}],"wp:attachment":[{"href":"https:\/\/www.europesays.com\/fr\/wp-json\/wp\/v2\/media?parent=642197"}],"wp:term":[{"taxonomy":"category","embeddable":true,"href":"https:\/\/www.europesays.com\/fr\/wp-json\/wp\/v2\/categories?post=642197"},{"taxonomy":"post_tag","embeddable":true,"href":"https:\/\/www.europesays.com\/fr\/wp-json\/wp\/v2\/tags?post=642197"}],"curies":[{"name":"wp","href":"https:\/\/api.w.org\/{rel}","templated":true}]}}