{"id":642211,"date":"2026-01-05T09:55:14","date_gmt":"2026-01-05T09:55:14","guid":{"rendered":"https:\/\/www.europesays.com\/fr\/642211\/"},"modified":"2026-01-05T09:55:14","modified_gmt":"2026-01-05T09:55:14","slug":"des-feuilles-de-the-tombent-dun-camion-des-conducteurs-derapent-un-mort-et-trois-blesses-dans-le-choc","status":"publish","type":"post","link":"https:\/\/www.europesays.com\/fr\/642211\/","title":{"rendered":"Des feuilles de th\u00e9 tombent d\u2019un camion\u00a0: des conducteurs d\u00e9rapent, un mort et trois bless\u00e9s dans le choc"},"content":{"rendered":"<p>\n                                                                Des feuilles de th\u00e9 tomb\u00e9es d\u2019un camion ont provoqu\u00e9 une collision impliquant plusieurs v\u00e9hicules au Japon, faisant un mort et trois bless\u00e9s, ce dimanche 4\u00a0janvier 2026.\n                            <\/p>\n<p>Des feuilles de th\u00e9 mortelles. Tomb\u00e9es d\u2019un camion, les petites feuilles ont provoqu\u00e9 une collision impliquant plusieurs v\u00e9hicules au Japon, ce dimanche 4\u00a0janvier 2026. Une personne est d\u00e9c\u00e9d\u00e9e suite au choc, trois autres ont \u00e9t\u00e9 bless\u00e9es.<\/p>\n<p>Les feuilles, \u00e9tal\u00e9es sur un tron\u00e7on de route d\u2019environ 500 m\u00e8tres dans le d\u00e9partement de Tochigi (nord-est), ont fait perdre le contr\u00f4le \u00e0 plusieurs conducteurs, causant une collision entre plus de dix v\u00e9hicules dimanche, a indiqu\u00e9 le quotidien Mainichi, citant la police locale.<\/p>\n<p>Heurt\u00e9 par un camion<\/p>\n<p>Quatre personnes ont \u00e9t\u00e9 conduites \u00e0 l\u2019h\u00f4pital, o\u00f9 le d\u00e9c\u00e8s d\u2019un homme de 78 ans a \u00e9t\u00e9 constat\u00e9, selon le journal.<\/p>\n<p>L\u2019homme conduisait un petit v\u00e9hicule utilitaire, qui aurait d\u00e9rap\u00e9 et franchi le terre-plein central. Apr\u00e8s \u00eatre sorti de son v\u00e9hicule, il aurait \u00e9t\u00e9 heurt\u00e9 par un camion.<\/p>\n<p>Le camion transportant les feuilles de th\u00e9 n\u2019avait pas de toit, et la police enqu\u00eate sur les circonstances de l\u2019accident, ont indiqu\u00e9 les m\u00e9dias.<\/p>\n<p>Contact\u00e9e par l\u2019AFP, la police locale s\u2019est refus\u00e9e \u00e0 tout commentaire.<\/p>\n","protected":false},"excerpt":{"rendered":"Des feuilles de th\u00e9 tomb\u00e9es d\u2019un camion ont provoqu\u00e9 une collision impliquant plusieurs v\u00e9hicules au Japon, faisant un&hellip;\n","protected":false},"author":2,"featured_media":642212,"comment_status":"","ping_status":"","sticky":false,"template":"","format":"standard","meta":{"footnotes":""},"categories":[7],"tags":[118,1011,27,43,40,41,39,42,44],"class_list":{"0":"post-642211","1":"post","2":"type-post","3":"status-publish","4":"format-standard","5":"has-post-thumbnail","7":"category-sciences-et-technologies","8":"tag-faits-divers","9":"tag-fr","10":"tag-france","11":"tag-science","12":"tag-science-and-technology","13":"tag-sciences","14":"tag-sciences-et-technologies","15":"tag-technologies","16":"tag-technology"},"share_on_mastodon":{"url":"https:\/\/pubeurope.com\/@fr\/115841894013967207","error":""},"_links":{"self":[{"href":"https:\/\/www.europesays.com\/fr\/wp-json\/wp\/v2\/posts\/642211","targetHints":{"allow":["GET"]}}],"collection":[{"href":"https:\/\/www.europesays.com\/fr\/wp-json\/wp\/v2\/posts"}],"about":[{"href":"https:\/\/www.europesays.com\/fr\/wp-json\/wp\/v2\/types\/post"}],"author":[{"embeddable":true,"href":"https:\/\/www.europesays.com\/fr\/wp-json\/wp\/v2\/users\/2"}],"replies":[{"embeddable":true,"href":"https:\/\/www.europesays.com\/fr\/wp-json\/wp\/v2\/comments?post=642211"}],"version-history":[{"count":0,"href":"https:\/\/www.europesays.com\/fr\/wp-json\/wp\/v2\/posts\/642211\/revisions"}],"wp:featuredmedia":[{"embeddable":true,"href":"https:\/\/www.europesays.com\/fr\/wp-json\/wp\/v2\/media\/642212"}],"wp:attachment":[{"href":"https:\/\/www.europesays.com\/fr\/wp-json\/wp\/v2\/media?parent=642211"}],"wp:term":[{"taxonomy":"category","embeddable":true,"href":"https:\/\/www.europesays.com\/fr\/wp-json\/wp\/v2\/categories?post=642211"},{"taxonomy":"post_tag","embeddable":true,"href":"https:\/\/www.europesays.com\/fr\/wp-json\/wp\/v2\/tags?post=642211"}],"curies":[{"name":"wp","href":"https:\/\/api.w.org\/{rel}","templated":true}]}}