{"id":642215,"date":"2026-01-05T09:57:13","date_gmt":"2026-01-05T09:57:13","guid":{"rendered":"https:\/\/www.europesays.com\/fr\/642215\/"},"modified":"2026-01-05T09:57:13","modified_gmt":"2026-01-05T09:57:13","slug":"le-trafic-aerien-paralyse-plusieurs-heures-en-grece-apres-un-probleme-technique-sans-precedent","status":"publish","type":"post","link":"https:\/\/www.europesays.com\/fr\/642215\/","title":{"rendered":"le trafic a\u00e9rien paralys\u00e9 plusieurs heures en Gr\u00e8ce apr\u00e8s un \u00ab\u00a0probl\u00e8me technique sans pr\u00e9c\u00e9dent\u00a0\u00bb"},"content":{"rendered":"<p>Le trafic a pu reprendre tr\u00e8s progressivement dans la journ\u00e9e apr\u00e8s un probl\u00e8me touchant les fr\u00e9quences de l&rsquo;espace a\u00e9rien grec.<\/p>\n<p>Un probl\u00e8me technique \u00ab\u00a0sans pr\u00e9c\u00e9dent\u00a0\u00bb touchant les fr\u00e9quences de l&rsquo;espace a\u00e9rien grec a provoqu\u00e9 retards, reports et annulations de vols \u00e0 tous les a\u00e9roports du pays ce dimanche 4 janvier, o\u00f9 le trafic reprenait progressivement \u00e0 la mi-journ\u00e9e.<\/p>\n<p>L&rsquo;aviation civile a indiqu\u00e9 dans un communiqu\u00e9 qu&rsquo;elle oeuvrait avec les autorit\u00e9s comp\u00e9tentes pour r\u00e9tablir ce \u00ab\u00a0probl\u00e8me technique sans pr\u00e9c\u00e9dent\u00a0\u00bb. \u00c0 l&rsquo;a\u00e9roport d&rsquo;Ath\u00e8nes Eleftherios Venizelos, principal a\u00e9roport du pays, des files d&rsquo;attente importantes de passagers se sont form\u00e9es, tandis que de nombreux vols internationaux et internes ont \u00e9t\u00e9 report\u00e9s ou m\u00eame annul\u00e9s, selon un photographe de l&rsquo;AFP.<\/p>\n<p>\u00ab\u00a0Aucun avion n&rsquo;a atterri ou d\u00e9coll\u00e9 pendant au moins deux heures\u00a0\u00bb dimanche matin, a-t-on appris aupr\u00e8s du bureau de presse de cet a\u00e9roport, o\u00f9 ont transit\u00e9, 31,6 millions de passagers sur les onze premiers mois de 2025, soit une hausse de 6,6% sur un an, selon les chiffres officiels de l&rsquo;AIA.<\/p>\n<p>Selon la t\u00e9l\u00e9vision publique grecque Ert, \u00ab\u00a0aucun avion n&rsquo;a pu atterrir ou d\u00e9coller dans les a\u00e9roports grecs\u00a0\u00bb pendant au moins trois heures dimanche matin et la plupart des avions ayant comme destination les a\u00e9roports grecs ont d\u00fb \u00eatre redirig\u00e9s vers ceux de la Turquie voisine.<\/p>\n<p>\u00ab\u00a0Toutes les fr\u00e9quences ont \u00e9t\u00e9 perdues\u00a0\u00bb<\/p>\n<p>Selon l&rsquo;aviation civile, le trafic a\u00e9rien a commenc\u00e9 \u00e0 reprendre progressivement vers 11H00 GMT. Seuls \u00ab\u00a035 vols par heure sont effectu\u00e9s pour l&rsquo;instant\u00a0\u00bb dans l&rsquo;ensemble des 39 a\u00e9roports du pays, un nombre tr\u00e8s inf\u00e9rieur par rapport au trafic r\u00e9gulier en cette p\u00e9riode de vacances de fin d&rsquo;ann\u00e9e.<\/p>\n<p>Panagiotis Psarros, pr\u00e9sident de l&rsquo;Union grecque des contr\u00f4leurs, a indiqu\u00e9 \u00e0 la Ert que vers 09H00 locales (07H00 GMT) \u00ab\u00a0toutes les fr\u00e9quences ont \u00e9t\u00e9 perdues\u00a0\u00bb dans l&rsquo;espace a\u00e9rien grec, mais qu&rsquo;en d\u00e9but apr\u00e8s-midi \u00ab\u00a0certaines fr\u00e9quences\u00a0\u00bb fonctionnaient \u00ab\u00a0en toute s\u00e9curit\u00e9\u00a0\u00bb et que le trafic pourrait reprendre. Ce responsable a qualifi\u00e9 ce probl\u00e8me \u00ab\u00a0de tr\u00e8s s\u00e9rieux\u00a0\u00bb et d\u00e9plor\u00e9 \u00ab\u00a0l&rsquo;\u00e9quipement obsol\u00e8te\u00a0\u00bb dans les a\u00e9roports. Il a rappel\u00e9 qu&rsquo;un incident similaire avait eu lieu l&rsquo;ann\u00e9e derni\u00e8re, perturbant le trafic \u00e0 l&rsquo;a\u00e9roport d&rsquo;Ath\u00e8nes.<\/p>\n<p>Pays tr\u00e8s pris\u00e9 en particulier pour ces \u00eeles et ses sites arch\u00e9ologiques, la Gr\u00e8ce ne cesse de battre les records annuels en mati\u00e8re de recettes touristiques et de nombre de visiteurs \u00e9trangers ces derni\u00e8res ann\u00e9es, depuis la pand\u00e9mie de Covid-19. De janvier \u00e0 la fin septembre, le pays a accueilli 31,6 millions de visiteurs, soit une hausse de 4% par rapport \u00e0 la m\u00eame p\u00e9riode de 2024, selon les donn\u00e9es de la Banque de Gr\u00e8ce publi\u00e9es fin novembre.<\/p>\n","protected":false},"excerpt":{"rendered":"Le trafic a pu reprendre tr\u00e8s progressivement dans la journ\u00e9e apr\u00e8s un probl\u00e8me touchant les fr\u00e9quences de l&rsquo;espace&hellip;\n","protected":false},"author":2,"featured_media":642216,"comment_status":"","ping_status":"","sticky":false,"template":"","format":"standard","meta":{"footnotes":""},"categories":[5],"tags":[11,1011,27,14,12,28],"class_list":{"0":"post-642215","1":"post","2":"type-post","3":"status-publish","4":"format-standard","5":"has-post-thumbnail","7":"category-international","8":"tag-actualites","9":"tag-fr","10":"tag-france","11":"tag-international","12":"tag-news","13":"tag-world"},"share_on_mastodon":{"url":"https:\/\/pubeurope.com\/@fr\/115841901855547746","error":""},"_links":{"self":[{"href":"https:\/\/www.europesays.com\/fr\/wp-json\/wp\/v2\/posts\/642215","targetHints":{"allow":["GET"]}}],"collection":[{"href":"https:\/\/www.europesays.com\/fr\/wp-json\/wp\/v2\/posts"}],"about":[{"href":"https:\/\/www.europesays.com\/fr\/wp-json\/wp\/v2\/types\/post"}],"author":[{"embeddable":true,"href":"https:\/\/www.europesays.com\/fr\/wp-json\/wp\/v2\/users\/2"}],"replies":[{"embeddable":true,"href":"https:\/\/www.europesays.com\/fr\/wp-json\/wp\/v2\/comments?post=642215"}],"version-history":[{"count":0,"href":"https:\/\/www.europesays.com\/fr\/wp-json\/wp\/v2\/posts\/642215\/revisions"}],"wp:featuredmedia":[{"embeddable":true,"href":"https:\/\/www.europesays.com\/fr\/wp-json\/wp\/v2\/media\/642216"}],"wp:attachment":[{"href":"https:\/\/www.europesays.com\/fr\/wp-json\/wp\/v2\/media?parent=642215"}],"wp:term":[{"taxonomy":"category","embeddable":true,"href":"https:\/\/www.europesays.com\/fr\/wp-json\/wp\/v2\/categories?post=642215"},{"taxonomy":"post_tag","embeddable":true,"href":"https:\/\/www.europesays.com\/fr\/wp-json\/wp\/v2\/tags?post=642215"}],"curies":[{"name":"wp","href":"https:\/\/api.w.org\/{rel}","templated":true}]}}