{"id":642217,"date":"2026-01-05T09:58:10","date_gmt":"2026-01-05T09:58:10","guid":{"rendered":"https:\/\/www.europesays.com\/fr\/642217\/"},"modified":"2026-01-05T09:58:10","modified_gmt":"2026-01-05T09:58:10","slug":"deux-passagers-attaques-au-couteau-dans-le-rer-a-dans-les-yvelines","status":"publish","type":"post","link":"https:\/\/www.europesays.com\/fr\/642217\/","title":{"rendered":"Deux passagers attaqu\u00e9s au couteau dans le RER A dans les Yvelines"},"content":{"rendered":"<p class=\"paragraph text_align_left lp-f-body-02\">Deux personnes ont \u00e9t\u00e9 bless\u00e9es par un homme qui les a agress\u00e9es dans le RER A ce lundi matin, dans les Yvelines.<\/p>\n<p class=\"\">Selon une source polici\u00e8re, un homme a re\u00e7u un l\u00e9ger coup de couteau au visage au V\u00e9sinet, alors qu\u2019il dormait dans le RER. Il a \u00e9t\u00e9 l\u00e9g\u00e8rement bless\u00e9 \u00e0 la joue et aux mains. Selon cette m\u00eame source, la victime s\u2019est fait agresser \u00ab gratuitement \u00bb et serait actuellement en train de d\u00e9poser plainte au commissariat de Saint-Germain-en-Laye.<\/p>\n<p class=\"\">Une autre victime aurait \u00e9t\u00e9 attaqu\u00e9e, en gare du V\u00e9sinet\/Le Pecq. On ignore \u00e0 ce stage la gravit\u00e9 de ses blessures.<\/p>\n<p class=\"\">L\u2019auteur des faits est toujours en fuite \u00e0 l\u2019heure qu\u2019il est.<\/p>\n<p class=\"\"><b>&gt; Plus d\u2019informations \u00e0 venir<\/b><\/p>\n","protected":false},"excerpt":{"rendered":"Deux personnes ont \u00e9t\u00e9 bless\u00e9es par un homme qui les a agress\u00e9es dans le RER A ce lundi&hellip;\n","protected":false},"author":2,"featured_media":642218,"comment_status":"","ping_status":"","sticky":false,"template":"","format":"standard","meta":{"footnotes":""},"categories":[4],"tags":[11,118,1011,27,1944,12,25,1938],"class_list":{"0":"post-642217","1":"post","2":"type-post","3":"status-publish","4":"format-standard","5":"has-post-thumbnail","7":"category-france","8":"tag-actualites","9":"tag-faits-divers","10":"tag-fr","11":"tag-france","12":"tag-ma-ville","13":"tag-news","14":"tag-republique-francaise","15":"tag-yvelines"},"share_on_mastodon":{"url":"https:\/\/pubeurope.com\/@fr\/115841905948063306","error":""},"_links":{"self":[{"href":"https:\/\/www.europesays.com\/fr\/wp-json\/wp\/v2\/posts\/642217","targetHints":{"allow":["GET"]}}],"collection":[{"href":"https:\/\/www.europesays.com\/fr\/wp-json\/wp\/v2\/posts"}],"about":[{"href":"https:\/\/www.europesays.com\/fr\/wp-json\/wp\/v2\/types\/post"}],"author":[{"embeddable":true,"href":"https:\/\/www.europesays.com\/fr\/wp-json\/wp\/v2\/users\/2"}],"replies":[{"embeddable":true,"href":"https:\/\/www.europesays.com\/fr\/wp-json\/wp\/v2\/comments?post=642217"}],"version-history":[{"count":0,"href":"https:\/\/www.europesays.com\/fr\/wp-json\/wp\/v2\/posts\/642217\/revisions"}],"wp:featuredmedia":[{"embeddable":true,"href":"https:\/\/www.europesays.com\/fr\/wp-json\/wp\/v2\/media\/642218"}],"wp:attachment":[{"href":"https:\/\/www.europesays.com\/fr\/wp-json\/wp\/v2\/media?parent=642217"}],"wp:term":[{"taxonomy":"category","embeddable":true,"href":"https:\/\/www.europesays.com\/fr\/wp-json\/wp\/v2\/categories?post=642217"},{"taxonomy":"post_tag","embeddable":true,"href":"https:\/\/www.europesays.com\/fr\/wp-json\/wp\/v2\/tags?post=642217"}],"curies":[{"name":"wp","href":"https:\/\/api.w.org\/{rel}","templated":true}]}}