{"id":642221,"date":"2026-01-05T10:01:14","date_gmt":"2026-01-05T10:01:14","guid":{"rendered":"https:\/\/www.europesays.com\/fr\/642221\/"},"modified":"2026-01-05T10:01:14","modified_gmt":"2026-01-05T10:01:14","slug":"une-crise-redoutee-a-lorigine-dun-depart-express-dhorneland","status":"publish","type":"post","link":"https:\/\/www.europesays.com\/fr\/642221\/","title":{"rendered":"Une crise redout\u00e9e \u00e0 l&rsquo;origine d&rsquo;un d\u00e9part express d&rsquo;Horneland ?"},"content":{"rendered":"<p>                                            Publi\u00e9 le 05\/01\/2026 \u00e0 09h06<br \/>\n                                                                                3 minutes de lecture\n                                                                    <\/p>\n<p>F\u00e9ru de sport et plus particuli\u00e8rement de ballon rond depuis ma plus tendre enfance.<\/p>\n<p>                                            Lire la suite<\/p>\n<p>L\u00a0\u00bb<strong>AS Saint-\u00c9tienne<\/strong> traverse une p\u00e9riode particuli\u00e8rement d\u00e9licate qui suscite de vives inqui\u00e9tudes parmi ses fid\u00e8les supporters. Le d\u00e9placement effectu\u00e9 au <strong>Mans<\/strong> ce samedi soir a r\u00e9v\u00e9l\u00e9 au grand jour les nombreuses difficult\u00e9s d&rsquo;un club historique qui semble perdre ses rep\u00e8res en <strong>Ligue 2<\/strong>. Cette nouvelle contre-performance illustre parfaitement les probl\u00e8mes structurels que rencontre l&rsquo;\u00e9quipe dirig\u00e9e par <strong>Eirik Horneland<\/strong>, qui peine \u00e0 trouver les solutions n\u00e9cessaires pour redresser la barre. Les Verts, autrefois redoutables, affichent d\u00e9sormais un visage inqui\u00e9tant qui fait craindre le pire pour la suite de la saison. L&rsquo;objectif de remont\u00e9e en <strong>Ligue 1<\/strong> s&rsquo;\u00e9loigne dangereusement, plongeant le club dans une atmosph\u00e8re de crise qui pourrait avoir des cons\u00e9quences dramatiques sur l&rsquo;avenir proche de l&rsquo;institution st\u00e9phanoise.<\/p>\n<p>                                <img decoding=\"async\" src=\"https:\/\/www.europesays.com\/fr\/wp-content\/uploads\/2025\/04\/1744123449_543_logo.png\" alt=\"Logo\"\/><\/p>\n<p>100\u20ac offerts sur ton 1er pari !<\/p>\n<p>                            <a href=\"https:\/\/www.score.fr\/redirection\/1\/\" class=\"headband-button\" target=\"_blank\" rel=\"noopener\">J&rsquo;en profite<\/a><\/p>\n<p>                                                                <img loading=\"lazy\" decoding=\"async\" src=\"https:\/\/www.europesays.com\/fr\/wp-content\/uploads\/2026\/01\/asse-une-crise-redoutee-a-l-origine-d-un-depart-express-d-horneland.jpg\" alt=\"Illustration : &quot;ASSE : Une crise redout\u00e9e \u00e0 l'origine d'un d\u00e9part express d'Horneland ?&quot;\" class=\"figure-img img-fluid\" width=\"780\" height=\"478\"\/><\/p>\n<p>                                    \u00a9 Site officiel de l&rsquo;ASSE                                <\/p>\n<p>Un match nul r\u00e9v\u00e9lateur des faiblesses offensives<\/p>\n<p>La rencontre face au <strong>Mans<\/strong> s&rsquo;est sold\u00e9e par un d\u00e9cevant <strong>0-0<\/strong> qui constitue un v\u00e9ritable coup de massue pour les ambitions st\u00e9phanoises en ce d\u00e9but d&rsquo;ann\u00e9e civile <strong>2026<\/strong>. Cette nouvelle d\u00e9convenue met en lumi\u00e8re les carences criantes de l&rsquo;attaque des Verts, totalement incapables de concr\u00e9tiser les occasions qui se sont pr\u00e9sent\u00e9es durant la partie. L&rsquo;inefficacit\u00e9 offensive devient un probl\u00e8me r\u00e9current qui handicape s\u00e9rieusement les performances de l&rsquo;\u00e9quipe dans cette course effr\u00e9n\u00e9e vers la mont\u00e9e. Les joueurs st\u00e9phanois ont montr\u00e9 des signes \u00e9vidents de f\u00e9brilit\u00e9 devant le but adverse, manquant cruellement de pr\u00e9cision et de sang-froid dans les moments d\u00e9cisifs. Cette st\u00e9rilit\u00e9 offensive confirme les fragilit\u00e9s structurelles d&rsquo;une \u00e9quipe qui r\u00eavait pourtant de rester au contact du <strong>podium<\/strong> pour maintenir ses espoirs de promotion.<\/p>\n<p>Une pression croissante sur Eirik Horneland<\/p>\n<p>L&rsquo;entra\u00eeneur norv\u00e9gien <strong>Eirik Horneland<\/strong> se retrouve d\u00e9sormais sous le feu des projecteurs, confront\u00e9 \u00e0 une situation de plus en plus d\u00e9licate qui met \u00e0 rude \u00e9preuve ses capacit\u00e9s de gestionnaire. Avec seulement <strong>un point de retard<\/strong> sur le top 3, chaque rencontre prend des allures de finale pour une \u00e9quipe qui ne peut plus se permettre le moindre faux pas. La pression m\u00e9diatique et celle exerc\u00e9e par les supporters montent crescendo, transformant chaque match en un v\u00e9ritable test de caract\u00e8re pour l&rsquo;ensemble du groupe. Les concurrents directs, notamment <strong>Pau<\/strong> et <strong>Bastia<\/strong>, d\u00e9montrent une faim de victoire qui contraste avec l&rsquo;apathie actuelle des Verts, rendant la situation encore plus pr\u00e9occupante. Le technicien scandinave sait pertinemment que la tr\u00eave hivernale repr\u00e9sente une opportunit\u00e9 cruciale pour remettre les id\u00e9es en place et redonner confiance \u00e0 un effectif visiblement en perte de vitesse.<\/p>\n<p>Un moment charni\u00e8re pour l&rsquo;avenir du club<\/p>\n<p>Saint-\u00c9tienne se trouve \u00e0 un tournant d\u00e9cisif de sa saison, o\u00f9 chaque d\u00e9cision et chaque performance peuvent d\u00e9terminer l&rsquo;orientation future du club. L&rsquo;ombre mena\u00e7ante de la crise plane dangereusement sur le mythique stade <strong>Geoffroy-Guichard<\/strong>, temple du football fran\u00e7ais qui pourrait bien voir ses espoirs de retrouver l&rsquo;\u00e9lite s&rsquo;envoler d\u00e9finitivement. Les supporters st\u00e9phanois, d\u00e9j\u00e0 inquiets de cette situation pr\u00e9occupante, attendent des r\u00e9ponses rapides et concr\u00e8tes de la part de leurs joueurs et de leur encadrement technique. La n\u00e9cessit\u00e9 de rebondir d\u00e8s la prochaine rencontre devient imp\u00e9rative pour \u00e9viter un enlisement qui pourrait s&rsquo;av\u00e9rer fatal aux ambitions de mont\u00e9e. Le podium, objectif prioritaire en d\u00e9but de saison, risque de devenir un r\u00eave de plus en plus lointain si l&rsquo;\u00e9quipe ne parvient pas \u00e0 inverser rapidement la tendance actuelle.<\/p>\n<p><strong>Ce jeudi 8 janvier, l\u2019OM d\u00e9fie le PSG \u00e0 l\u2019occasion du Troph\u00e9e des Champions. \u00c0 cette occasion, profitez de 100\u20ac offerts pour votre premi\u00e8re inscription sur Parions Sport en Ligne.<\/strong><a href=\"https:\/\/www.score.fr\/redirection\/1\/\" target=\"_blank\" rel=\"noopener\"><strong> Pariez sur une victoire de l\u2019OM face au PSG vous rapporte jusqu\u2019\u00e0 550 \u20ac !<\/strong><\/a><\/p>\n<p><strong>Pour en profiter, c\u2019est tr\u00e8s simple :<\/strong><\/p>\n<p><strong>&#8211; Cr\u00e9ez votre compte joueur en seulement 2 \u00e9tapes <\/strong><a href=\"https:\/\/www.score.fr\/redirection\/1\/\" target=\"_blank\" rel=\"noopener\"><strong>ici<\/strong><\/a><\/p>\n<p><strong>&#8211; R\u00e9alisez votre 1er d\u00e9p\u00f4t puis placez votre 1er pari (Minimum 5\u20ac)<\/strong><\/p>\n<p><strong>&#8211; Une fois votre 1er d\u00e9p\u00f4t et votre 1er pari r\u00e9alis\u00e9s, l\u2019int\u00e9gralit\u00e9 du montant de ce 1er pari sera cr\u00e9dit\u00e9e sur votre compte joueur dans la limite de 100\u20ac maximum et sous la forme de cr\u00e9dits de jeu non retirables. Le cr\u00e9dit s\u2019effectuera alors en une seule \u00e9tape et sous 3 jours<\/strong><\/p>\n<p><strong>Jouer comporte des risques : endettement, d\u00e9pendance\u2026 Appelez le 09 74 75 13 13 (appel non surtax\u00e9)<\/strong><\/p>\n","protected":false},"excerpt":{"rendered":"Publi\u00e9 le 05\/01\/2026 \u00e0 09h06 3 minutes de lecture F\u00e9ru de sport et plus particuli\u00e8rement de ballon rond&hellip;\n","protected":false},"author":2,"featured_media":642222,"comment_status":"","ping_status":"","sticky":false,"template":"","format":"standard","meta":{"footnotes":""},"categories":[9653],"tags":[1111,11,2430,1777,674,1011,27,12,25,4001],"class_list":{"0":"post-642221","1":"post","2":"type-post","3":"status-publish","4":"format-standard","5":"has-post-thumbnail","7":"category-saint-etienne","8":"tag-actu","9":"tag-actualites","10":"tag-auvergne-rhone-alpes","11":"tag-eu","12":"tag-europe","13":"tag-fr","14":"tag-france","15":"tag-news","16":"tag-republique-francaise","17":"tag-saint-etienne"},"share_on_mastodon":{"url":"https:\/\/pubeurope.com\/@fr\/115841917547731710","error":""},"_links":{"self":[{"href":"https:\/\/www.europesays.com\/fr\/wp-json\/wp\/v2\/posts\/642221","targetHints":{"allow":["GET"]}}],"collection":[{"href":"https:\/\/www.europesays.com\/fr\/wp-json\/wp\/v2\/posts"}],"about":[{"href":"https:\/\/www.europesays.com\/fr\/wp-json\/wp\/v2\/types\/post"}],"author":[{"embeddable":true,"href":"https:\/\/www.europesays.com\/fr\/wp-json\/wp\/v2\/users\/2"}],"replies":[{"embeddable":true,"href":"https:\/\/www.europesays.com\/fr\/wp-json\/wp\/v2\/comments?post=642221"}],"version-history":[{"count":0,"href":"https:\/\/www.europesays.com\/fr\/wp-json\/wp\/v2\/posts\/642221\/revisions"}],"wp:featuredmedia":[{"embeddable":true,"href":"https:\/\/www.europesays.com\/fr\/wp-json\/wp\/v2\/media\/642222"}],"wp:attachment":[{"href":"https:\/\/www.europesays.com\/fr\/wp-json\/wp\/v2\/media?parent=642221"}],"wp:term":[{"taxonomy":"category","embeddable":true,"href":"https:\/\/www.europesays.com\/fr\/wp-json\/wp\/v2\/categories?post=642221"},{"taxonomy":"post_tag","embeddable":true,"href":"https:\/\/www.europesays.com\/fr\/wp-json\/wp\/v2\/tags?post=642221"}],"curies":[{"name":"wp","href":"https:\/\/api.w.org\/{rel}","templated":true}]}}