{"id":642225,"date":"2026-01-05T10:04:48","date_gmt":"2026-01-05T10:04:48","guid":{"rendered":"https:\/\/www.europesays.com\/fr\/642225\/"},"modified":"2026-01-05T10:04:48","modified_gmt":"2026-01-05T10:04:48","slug":"immobilier-le-neuf-seffondre-lancien-retrouve-un-peu-des-couleurs-en-meurthe-et-moselle","status":"publish","type":"post","link":"https:\/\/www.europesays.com\/fr\/642225\/","title":{"rendered":"Immobilier : le neuf s\u2019effondre, l\u2019ancien retrouve (un peu) des couleurs en Meurthe-et-Moselle"},"content":{"rendered":"<p>Le&#13;<br \/>\nneuf s\u2019effondre, l\u2019ancien reprend timidement, jusqu\u2019\u00e0 quand ?&#13;<br \/>\nC\u2019est ainsi que l\u2019on peut r\u00e9sumer l\u2019\u00e9tat du march\u00e9 de&#13;<br \/>\nl\u2019immobilier en Meurthe-et-Moselle suite \u00e0 la pr\u00e9sentation,&#13;<br \/>\nmi-d\u00e9cembre, des statistiques issues de l\u2019Observatoire r\u00e9gional&#13;<br \/>\ndu march\u00e9 de l\u2019immobilier de la Chambre interd\u00e9partementale des&#13;<br \/>\nnotaires de la Cour d\u2019appel de Nancy. Une pr\u00e9sentation li\u00e9e \u00e0&#13;<br \/>\nl\u2019op\u00e9ration nationale des 3 jours du logement organis\u00e9s par les&#13;<br \/>\nNotaires de France.<\/p>\n<p>Sur&#13;<br \/>\nun an (du 1er octobre 2024 au 30 septembre 2025), le volume de&#13;<br \/>\nventes des appartements anciens a connu une hausse de +6,9% avec 3&#13;<br \/>\n880 transactions. La vente de maisons anciennes a augment\u00e9 de +4,7%&#13;<br \/>\navec 5 340 ventes. Dans le m\u00eame temps, les appartements neufs&#13;<br \/>\nchutent de 21% avec 460 ventes.<\/p>\n<p>\u00abC\u2019est&#13;<br \/>\nune mort clinique du neuf ! Les volumes se sont litt\u00e9ralement&#13;<br \/>\neffondr\u00e9s et actuellement des programmes qui \u00e9taient commercialis\u00e9s&#13;<br \/>\nsont aujourd\u2019hui \u00e0 l\u2019arr\u00eat\u00bb,&#13;<br \/>\nassurent Dominique Bravetti, notaire \u00e0 Vand\u0153uvre-l\u00e8s-Nancy et&#13;<br \/>\nDamien Gegout, notaire \u00e0 Nancy, tous deux membres de l\u2019Observatoire&#13;<br \/>\nr\u00e9gional du march\u00e9 de l\u2019immobilier de la Chambre&#13;<br \/>\ninterd\u00e9partementale des notaires de la Cour d\u2019appel de Nancy.<\/p>\n<p><strong>Disparit\u00e9s&#13;<br \/>\nterritoriales fortes<\/strong><\/p>\n<p>Un&#13;<br \/>\n\u00e9tat de fait g\u00e9n\u00e9ral qui s\u2019explique principalement par la fin&#13;<br \/>\ndes diff\u00e9rents avantages fiscaux li\u00e9s \u00e0 l\u2019immobilier neuf ! \u00abIl&#13;<br \/>\nest certain qu\u2019aujourd\u2019hui la tendance n\u2019est plus \u00e0 soutenir&#13;<br \/>\nle neuf mais \u00e0 r\u00e9nover l\u2019ancien\u00bb.<\/p>\n<p>Une&#13;<br \/>\nr\u00e9novation de l\u2019ancien de moins en moins pr\u00e9sente surtout depuis&#13;<br \/>\nl\u2019annonce de l\u2019arr\u00eat (temporaire) du guichet de MaPrimeR\u00e9nov\u2019.<\/p>\n<p>\u00abY&#13;<br \/>\na-t-il une volont\u00e9 politique r\u00e9elle de faire de la France un pays&#13;<br \/>\nde propri\u00e9taires\u00bb,&#13;<br \/>\ns\u2019interroge Dominique Bravetti.<\/p>\n<p>C\u00f4t\u00e9&#13;<br \/>\nprix, le prix de vente m\u00e9dian pour une maison ancienne affiche les&#13;<br \/>\n174 000 euros (en hausse de +15%). Le prix de vente au m\u00b2 m\u00e9dian&#13;<br \/>\npour les appartements anciens affiche les 1 860 euros (en l\u00e9g\u00e8re&#13;<br \/>\nbaisse de -0,7%) et celui pour les appartements neufs stagne \u00e0 3 880&#13;<br \/>\neuros sans baisse ni augmentation.<\/p>\n<p>Les&#13;<br \/>\ndisparit\u00e9s territoriales demeurent fortes ! \u00abIl&#13;<br \/>\nn\u2019y a pas un march\u00e9 de l\u2019immobilier mais des march\u00e9s de&#13;<br \/>\nl\u2019immobilier\u00bb.<\/p>\n<p>Nancy&#13;<br \/>\net son agglom\u00e9ration, sa seconde couronne et le bassin de Longwy du&#13;<br \/>\nfait de sa proximit\u00e9 avec la fronti\u00e8re luxembourgeoise s\u2019affichent&#13;<br \/>\ncomme les trois principaux territoires tirant le march\u00e9.&#13;<br \/>\n\u00abLa moiti\u00e9 des transactions sont r\u00e9alis\u00e9es sur Nancy et son&#13;<br \/>\nagglom\u00e9ration\u00bb.<\/p>\n<p>Pour&#13;<br \/>\nprendre juste l\u2019exemple des appartements anciens, les prix m\u00e9dians&#13;<br \/>\nvarient de 2 230 m\u00b2 \u00e0 Nancy \u00e0 860 euros le m\u00b2 \u00e0 J\u0153uf en passant&#13;<br \/>\npar 1 820 euros le m\u00b2 \u00e0 Longwy et 1 040 euros \u00e0 Lun\u00e9ville.<\/p>\n<p>\u00abGlobalement,&#13;<br \/>\nla reprise constat\u00e9e est fragile mais malgr\u00e9 le contexte g\u00e9n\u00e9ral&#13;<br \/>\nanxiog\u00e8ne, on remarque que les gens sautent tout de m\u00eame le pas de&#13;<br \/>\nl\u2019achat immobilier. Il n\u2019en demeure pas moins qu\u2019\u00e0 tout&#13;<br \/>\nmoment, tout peut s\u2019arr\u00eater !\u00bb.<\/p>\n<p>Une&#13;<br \/>\nreprise bien fragile&#8230;<br \/>&#13;<\/p>\n","protected":false},"excerpt":{"rendered":"Le&#13; neuf s\u2019effondre, l\u2019ancien reprend timidement, jusqu\u2019\u00e0 quand ?&#13; C\u2019est ainsi que l\u2019on peut r\u00e9sumer l\u2019\u00e9tat du march\u00e9&hellip;\n","protected":false},"author":2,"featured_media":642226,"comment_status":"","ping_status":"","sticky":false,"template":"","format":"standard","meta":{"footnotes":""},"categories":[9635],"tags":[1111,11,1777,674,1011,27,775,1702,12,25],"class_list":{"0":"post-642225","1":"post","2":"type-post","3":"status-publish","4":"format-standard","5":"has-post-thumbnail","7":"category-nancy","8":"tag-actu","9":"tag-actualites","10":"tag-eu","11":"tag-europe","12":"tag-fr","13":"tag-france","14":"tag-grand-est","15":"tag-nancy","16":"tag-news","17":"tag-republique-francaise"},"share_on_mastodon":{"url":"https:\/\/pubeurope.com\/@fr\/115841933145182888","error":""},"_links":{"self":[{"href":"https:\/\/www.europesays.com\/fr\/wp-json\/wp\/v2\/posts\/642225","targetHints":{"allow":["GET"]}}],"collection":[{"href":"https:\/\/www.europesays.com\/fr\/wp-json\/wp\/v2\/posts"}],"about":[{"href":"https:\/\/www.europesays.com\/fr\/wp-json\/wp\/v2\/types\/post"}],"author":[{"embeddable":true,"href":"https:\/\/www.europesays.com\/fr\/wp-json\/wp\/v2\/users\/2"}],"replies":[{"embeddable":true,"href":"https:\/\/www.europesays.com\/fr\/wp-json\/wp\/v2\/comments?post=642225"}],"version-history":[{"count":0,"href":"https:\/\/www.europesays.com\/fr\/wp-json\/wp\/v2\/posts\/642225\/revisions"}],"wp:featuredmedia":[{"embeddable":true,"href":"https:\/\/www.europesays.com\/fr\/wp-json\/wp\/v2\/media\/642226"}],"wp:attachment":[{"href":"https:\/\/www.europesays.com\/fr\/wp-json\/wp\/v2\/media?parent=642225"}],"wp:term":[{"taxonomy":"category","embeddable":true,"href":"https:\/\/www.europesays.com\/fr\/wp-json\/wp\/v2\/categories?post=642225"},{"taxonomy":"post_tag","embeddable":true,"href":"https:\/\/www.europesays.com\/fr\/wp-json\/wp\/v2\/tags?post=642225"}],"curies":[{"name":"wp","href":"https:\/\/api.w.org\/{rel}","templated":true}]}}