{"id":642227,"date":"2026-01-05T10:06:11","date_gmt":"2026-01-05T10:06:11","guid":{"rendered":"https:\/\/www.europesays.com\/fr\/642227\/"},"modified":"2026-01-05T10:06:11","modified_gmt":"2026-01-05T10:06:11","slug":"trevise-a-trouve-le-remplacant-de-tomas-albornoz-suite-a-son-depart-pour-toulon-en-cours-de-saison","status":"publish","type":"post","link":"https:\/\/www.europesays.com\/fr\/642227\/","title":{"rendered":"Tr\u00e9vise a trouv\u00e9 le rempla\u00e7ant de Tomas Albornoz suite \u00e0 son d\u00e9part pour Toulon en cours de saison"},"content":{"rendered":"<p data-start=\"72\" data-end=\"352\">L\u2019information est sign\u00e9e Midi Olympique \u2013<\/p>\n<p data-start=\"72\" data-end=\"352\">\u00c0 Tr\u00e9vise, la transition a \u00e9t\u00e9 anticip\u00e9e. Le d\u00e9part de Tom\u00e1s Albornoz vers Toulon n\u2019a pas laiss\u00e9 de vide tr\u00e8s longtemps : Benetton Rugby a rapidement s\u00e9curis\u00e9 une solution interne au rugby argentin en officialisant l\u2019arriv\u00e9e imm\u00e9diate de <strong data-start=\"310\" data-end=\"351\">Nicol\u00e1s Roger Far\u00edas<\/strong>.<\/p>\n<p data-start=\"354\" data-end=\"670\">\u00c2g\u00e9 de 25 ans, l\u2019ouvreur rejoint la formation italienne avec un contrat courant jusqu\u2019au 30 juin 2026, assorti d\u2019une option permettant de prolonger l\u2019aventure de deux saisons suppl\u00e9mentaires. Un engagement mesur\u00e9 mais strat\u00e9gique, qui permet au club de tester rapidement son int\u00e9gration dans un championnat exigeant.<\/p>\n<p data-start=\"672\" data-end=\"1047\">Ce choix a aussi une dimension familiale et culturelle. Nicol\u00e1s Roger va \u00e9voluer en Italie aux c\u00f4t\u00e9s de son fr\u00e8re <strong data-start=\"786\" data-end=\"827\">Mart\u00edn Roger<\/strong>, actuellement au club rival des <strong data-start=\"860\" data-end=\"901\">Zebre Parma<\/strong>. Les deux fr\u00e8res poss\u00e8dent la nationalit\u00e9 italienne, un d\u00e9tail loin d\u2019\u00eatre anodin dans la gestion des quotas et des perspectives internationales.<\/p>\n<p data-start=\"1049\" data-end=\"1433\">Si Nicol\u00e1s Roger est d\u00e9j\u00e0 identifi\u00e9 comme un profil imm\u00e9diatement op\u00e9rationnel, Mart\u00edn Roger suit un parcours diff\u00e9rent. Encore non s\u00e9lectionn\u00e9 au niveau international, il reste toutefois dans le radar des <strong data-start=\"1255\" data-end=\"1296\">Los Pumas<\/strong>. Son absence de cape lui laisse \u00e9galement une porte ouverte vers la s\u00e9lection italienne, pour laquelle il est \u00e9ligible par ses origines.<\/p>\n<p data-start=\"1435\" data-end=\"1742\" data-is-last-node=\"\" data-is-only-node=\"\">Avec ce recrutement, Tr\u00e9vise fait le choix de la continuit\u00e9 sud-am\u00e9ricaine tout en s\u2019offrant une double projection : sportive \u00e0 court terme et strat\u00e9gique \u00e0 moyen terme.<\/p>\n","protected":false},"excerpt":{"rendered":"L\u2019information est sign\u00e9e Midi Olympique \u2013 \u00c0 Tr\u00e9vise, la transition a \u00e9t\u00e9 anticip\u00e9e. Le d\u00e9part de Tom\u00e1s Albornoz&hellip;\n","protected":false},"author":2,"featured_media":642228,"comment_status":"","ping_status":"","sticky":false,"template":"","format":"standard","meta":{"footnotes":""},"categories":[9619],"tags":[1111,11,1777,674,1011,27,12,882,25,2310],"class_list":{"0":"post-642227","1":"post","2":"type-post","3":"status-publish","4":"format-standard","5":"has-post-thumbnail","7":"category-toulon","8":"tag-actu","9":"tag-actualites","10":"tag-eu","11":"tag-europe","12":"tag-fr","13":"tag-france","14":"tag-news","15":"tag-provence-alpes-cote-dazur","16":"tag-republique-francaise","17":"tag-toulon"},"share_on_mastodon":{"url":"https:\/\/pubeurope.com\/@fr\/115841937115380459","error":""},"_links":{"self":[{"href":"https:\/\/www.europesays.com\/fr\/wp-json\/wp\/v2\/posts\/642227","targetHints":{"allow":["GET"]}}],"collection":[{"href":"https:\/\/www.europesays.com\/fr\/wp-json\/wp\/v2\/posts"}],"about":[{"href":"https:\/\/www.europesays.com\/fr\/wp-json\/wp\/v2\/types\/post"}],"author":[{"embeddable":true,"href":"https:\/\/www.europesays.com\/fr\/wp-json\/wp\/v2\/users\/2"}],"replies":[{"embeddable":true,"href":"https:\/\/www.europesays.com\/fr\/wp-json\/wp\/v2\/comments?post=642227"}],"version-history":[{"count":0,"href":"https:\/\/www.europesays.com\/fr\/wp-json\/wp\/v2\/posts\/642227\/revisions"}],"wp:featuredmedia":[{"embeddable":true,"href":"https:\/\/www.europesays.com\/fr\/wp-json\/wp\/v2\/media\/642228"}],"wp:attachment":[{"href":"https:\/\/www.europesays.com\/fr\/wp-json\/wp\/v2\/media?parent=642227"}],"wp:term":[{"taxonomy":"category","embeddable":true,"href":"https:\/\/www.europesays.com\/fr\/wp-json\/wp\/v2\/categories?post=642227"},{"taxonomy":"post_tag","embeddable":true,"href":"https:\/\/www.europesays.com\/fr\/wp-json\/wp\/v2\/tags?post=642227"}],"curies":[{"name":"wp","href":"https:\/\/api.w.org\/{rel}","templated":true}]}}