{"id":642229,"date":"2026-01-05T10:07:11","date_gmt":"2026-01-05T10:07:11","guid":{"rendered":"https:\/\/www.europesays.com\/fr\/642229\/"},"modified":"2026-01-05T10:07:11","modified_gmt":"2026-01-05T10:07:11","slug":"les-mauvais-voisins-disent-au-revoir-au-theatre-capsules","status":"publish","type":"post","link":"https:\/\/www.europesays.com\/fr\/642229\/","title":{"rendered":"Les Mauvais Voisins disent au revoir au th\u00e9\u00e2tre Capsules"},"content":{"rendered":"<p>Capsules (collectif d\u2019artistes ayant pris la place du Trac Th\u00e9\u00e2tre) vient de vivre une sortie de r\u00e9sidence d\u2019artistes extr\u00eamement prometteuse avec le spectacle Le complexe de la foug\u00e8re, dans une toute nouvelle version am\u00e9lior\u00e9e par son autrice castelnauvienne et maintenant metteuse en sc\u00e8ne : Sophie Bonneau.<\/p>\n<p>Elle confie \u00e0 Midi Libre, les raisons de ses choix : \u00ab\u00a0La pi\u00e8ce tourne depuis 2019, elle a \u00e9t\u00e9 jou\u00e9e par plusieurs compagnies pros et amateur partout en France et a \u00e9t\u00e9 laur\u00e9ate du Cyrano du meilleur spectacle tout public en 2023, puis a connu un vrai succ\u00e8s en Avignon. Mais cette ann\u00e9e, j\u2019ai d\u00e9cid\u00e9 de r\u00e9aliser enfin ma propre mise en sc\u00e8ne et de tout reprendre avec une nouvelle \u00e9quipe et une nouvelle sc\u00e9nographie. J\u2019ai souvent constat\u00e9 des manques dans les pr\u00e9c\u00e9dentes mises en sc\u00e8ne, certains choix me semblaient loin de mes \u00e9crits. De plus, la pi\u00e8ce a longtemps tourn\u00e9 avec une m\u00e9ridienne de 2 m de long ! Un peu plus de nature me semble mieux convenir \u00e0 ce texte et \u00e0 ces trois femmes issues de mondes tellement diff\u00e9rents !\u00a0\u00bb<\/p>\n<p>La compagnie les Mauvais Voisins a magistralement donn\u00e9 vie \u00e0 cette fable des temps modernes, gr\u00e2ce \u00e0 Elona Hingant en Marie-Antoinette, Alyssa Harbi en Amy Winehouse et Morgane Domergue en Lucy l\u2019australopith\u00e8que. Les trois com\u00e9diennes se pr\u00e9parent \u00e0 partir jouer leur pi\u00e8ce un peu partout en France et reviendront sur Castelnau, dans le nid de leur cr\u00e9ation, Capsules, d\u2019ici un an environ. Un futur rendez-vous \u00e0 ne pas louper !<\/p>\n<p>Capsules (ex-Trac Th\u00e9\u00e2tre), 1 place Charles-de-Gaulle, rez-de-chauss\u00e9e, b\u00e2timent C.<\/p>\n<p>Correspondante Midi Libre : 06 62 55 20 77<\/p>\n","protected":false},"excerpt":{"rendered":"Capsules (collectif d\u2019artistes ayant pris la place du Trac Th\u00e9\u00e2tre) vient de vivre une sortie de r\u00e9sidence d\u2019artistes&hellip;\n","protected":false},"author":2,"featured_media":642230,"comment_status":"","ping_status":"","sticky":false,"template":"","format":"standard","meta":{"footnotes":""},"categories":[9599],"tags":[1111,11,70976,872,1777,674,1011,27,7089,2208,12,2680,25,4698],"class_list":{"0":"post-642229","1":"post","2":"type-post","3":"status-publish","4":"format-standard","5":"has-post-thumbnail","7":"category-montpellier","8":"tag-actu","9":"tag-actualites","10":"tag-castelnaulelez","11":"tag-culture-et-loisirs","12":"tag-eu","13":"tag-europe","14":"tag-fr","15":"tag-france","16":"tag-herault","17":"tag-montpellier","18":"tag-news","19":"tag-occitanie","20":"tag-republique-francaise","21":"tag-thu00e9u00e2tre"},"share_on_mastodon":{"url":"https:\/\/pubeurope.com\/@fr\/115841941074610740","error":""},"_links":{"self":[{"href":"https:\/\/www.europesays.com\/fr\/wp-json\/wp\/v2\/posts\/642229","targetHints":{"allow":["GET"]}}],"collection":[{"href":"https:\/\/www.europesays.com\/fr\/wp-json\/wp\/v2\/posts"}],"about":[{"href":"https:\/\/www.europesays.com\/fr\/wp-json\/wp\/v2\/types\/post"}],"author":[{"embeddable":true,"href":"https:\/\/www.europesays.com\/fr\/wp-json\/wp\/v2\/users\/2"}],"replies":[{"embeddable":true,"href":"https:\/\/www.europesays.com\/fr\/wp-json\/wp\/v2\/comments?post=642229"}],"version-history":[{"count":0,"href":"https:\/\/www.europesays.com\/fr\/wp-json\/wp\/v2\/posts\/642229\/revisions"}],"wp:featuredmedia":[{"embeddable":true,"href":"https:\/\/www.europesays.com\/fr\/wp-json\/wp\/v2\/media\/642230"}],"wp:attachment":[{"href":"https:\/\/www.europesays.com\/fr\/wp-json\/wp\/v2\/media?parent=642229"}],"wp:term":[{"taxonomy":"category","embeddable":true,"href":"https:\/\/www.europesays.com\/fr\/wp-json\/wp\/v2\/categories?post=642229"},{"taxonomy":"post_tag","embeddable":true,"href":"https:\/\/www.europesays.com\/fr\/wp-json\/wp\/v2\/tags?post=642229"}],"curies":[{"name":"wp","href":"https:\/\/api.w.org\/{rel}","templated":true}]}}