{"id":642233,"date":"2026-01-05T10:10:11","date_gmt":"2026-01-05T10:10:11","guid":{"rendered":"https:\/\/www.europesays.com\/fr\/642233\/"},"modified":"2026-01-05T10:10:11","modified_gmt":"2026-01-05T10:10:11","slug":"un-sacre-deal-en-vue-pour-remplacer-charles-abi","status":"publish","type":"post","link":"https:\/\/www.europesays.com\/fr\/642233\/","title":{"rendered":"un sacr\u00e9 deal en vue pour remplacer Charles Abi !"},"content":{"rendered":"<p>\t\t\t\t\t Alors que Charles Abi a officiellement rejoint le VAFC &#8211; Valenciennes FC en ce d\u00e9but de mercato hivernal, les dirigeants du FC Rouen s&rsquo;activeraient en coulisses pour trouver rapidement un rempla\u00e7ant \u00e0 l&rsquo;ancien grand espoir du centre de formation de l&rsquo;ASSE &#8211; AS Saint-Etienne, qui avait trouv\u00e9 le chemin des filets \u00e0 trois reprises cette saison en National sous les ordres de R\u00e9gis Brouard. <\/p>\n<p>D&rsquo;apr\u00e8s les informations de nos confr\u00e8res du journal La Voix du Nord, le FC Rouen 1899 aurait bien cibl\u00e9 Samy Baghdadi, lui aussi form\u00e9 chez les Verts de St Etienne \u00e0 l&rsquo;instar de Charles Abi, pour leur mercato. S&rsquo;il a perdu sa place de titulaire \u00e0 Valenciennes FC, avec seulement une passe d\u00e9cisive au compteur en 13 apparitions en National, l&rsquo;attaquant ou ailier gauche fran\u00e7ais de 28 ans n\u00e9 \u00e0 Grasse avait pourtant r\u00e9alis\u00e9 une grosse saison 2024-2025 avec le FC Versailles (13 buts et 7 passes d\u00e9cisives). <\/p>\n<p>Toujours selon la m\u00eame source, le FC Sochaux serait \u00e9galement sur le coup pour tenter de recruter Samy Baghdadi, \u00e9galement pass\u00e9 par l&rsquo;USL Dunkerque et le Fortuna Sittard en Eredivisie (D1 Pays-Bas). Affaire \u00e0 suivre pour la formation normande, actuel leader du championnat National !\n\t\t\t\t <\/p>\n","protected":false},"excerpt":{"rendered":"Alors que Charles Abi a officiellement rejoint le VAFC &#8211; Valenciennes FC en ce d\u00e9but de mercato hivernal,&hellip;\n","protected":false},"author":2,"featured_media":642234,"comment_status":"","ping_status":"","sticky":false,"template":"","format":"standard","meta":{"footnotes":""},"categories":[9587],"tags":[1111,11,1777,674,1011,27,12,5161,25,9590],"class_list":{"0":"post-642233","1":"post","2":"type-post","3":"status-publish","4":"format-standard","5":"has-post-thumbnail","7":"category-rouen","8":"tag-actu","9":"tag-actualites","10":"tag-eu","11":"tag-europe","12":"tag-fr","13":"tag-france","14":"tag-news","15":"tag-normandie","16":"tag-republique-francaise","17":"tag-rouen"},"share_on_mastodon":{"url":"https:\/\/pubeurope.com\/@fr\/115841952822604679","error":""},"_links":{"self":[{"href":"https:\/\/www.europesays.com\/fr\/wp-json\/wp\/v2\/posts\/642233","targetHints":{"allow":["GET"]}}],"collection":[{"href":"https:\/\/www.europesays.com\/fr\/wp-json\/wp\/v2\/posts"}],"about":[{"href":"https:\/\/www.europesays.com\/fr\/wp-json\/wp\/v2\/types\/post"}],"author":[{"embeddable":true,"href":"https:\/\/www.europesays.com\/fr\/wp-json\/wp\/v2\/users\/2"}],"replies":[{"embeddable":true,"href":"https:\/\/www.europesays.com\/fr\/wp-json\/wp\/v2\/comments?post=642233"}],"version-history":[{"count":0,"href":"https:\/\/www.europesays.com\/fr\/wp-json\/wp\/v2\/posts\/642233\/revisions"}],"wp:featuredmedia":[{"embeddable":true,"href":"https:\/\/www.europesays.com\/fr\/wp-json\/wp\/v2\/media\/642234"}],"wp:attachment":[{"href":"https:\/\/www.europesays.com\/fr\/wp-json\/wp\/v2\/media?parent=642233"}],"wp:term":[{"taxonomy":"category","embeddable":true,"href":"https:\/\/www.europesays.com\/fr\/wp-json\/wp\/v2\/categories?post=642233"},{"taxonomy":"post_tag","embeddable":true,"href":"https:\/\/www.europesays.com\/fr\/wp-json\/wp\/v2\/tags?post=642233"}],"curies":[{"name":"wp","href":"https:\/\/api.w.org\/{rel}","templated":true}]}}