{"id":642235,"date":"2026-01-05T10:14:11","date_gmt":"2026-01-05T10:14:11","guid":{"rendered":"https:\/\/www.europesays.com\/fr\/642235\/"},"modified":"2026-01-05T10:14:11","modified_gmt":"2026-01-05T10:14:11","slug":"des-residus-dengin-explosif-retrouves","status":"publish","type":"post","link":"https:\/\/www.europesays.com\/fr\/642235\/","title":{"rendered":"des r\u00e9sidus d&rsquo;engin explosif retrouv\u00e9s"},"content":{"rendered":"<p class=\"article__intro\">Une explosion a \u00e9t\u00e9 constat\u00e9e, ce lundi 5 janvier, au rez-de-chauss\u00e9e d&rsquo;un immeuble d&rsquo;habitation situ\u00e9 dans le quartier Villeneuve \u00e0 Grenoble. Des r\u00e9sidus d&rsquo;engin explosif ont \u00e9t\u00e9 retrouv\u00e9s. Personne n&rsquo;a \u00e9t\u00e9 bless\u00e9.<\/p>\n<p>\n      La Quotidienne Soci\u00e9t\u00e9\n    <\/p>\n<p>\n      De la vie quotidienne aux grands enjeux, recevez tous les jours les sujets qui font la soci\u00e9t\u00e9 locale, comme la justice, l\u2019\u00e9ducation, la sant\u00e9 et la famille.\n    <\/p>\n<p>    France T\u00e9l\u00e9visions utilise votre adresse e-mail afin de vous envoyer la newsletter \u00ab\u00a0La Quotidienne Soci\u00e9t\u00e9\u00a0\u00bb. Vous pouvez vous d\u00e9sinscrire \u00e0 tout moment via le lien en bas de cette newsletter. <a target=\"_blank\" href=\"https:\/\/www.francetelevisions.fr\/groupe\/confidentialite\/politique-de-confidentialite\/politique-de-confidentialite-de-france-televisions-6503\" rel=\"noopener\">Notre politique de confidentialit\u00e9<\/a><\/p>\n<p>Peu apr\u00e8s 2 heures du matin ce lundi 5 janvier, la police a \u00e9t\u00e9 appel\u00e9e pour une \u00ab\u00a0forte explosion\u00a0\u00bb survenue au rez-de-chauss\u00e9e d&rsquo;un immeuble au num\u00e9ro 80 de la place des G\u00e9ants, dans le quartier Villeneuve de Grenoble, a indiqu\u00e9 la Direction interd\u00e9partementale de la police nationale (DIPN) de l&rsquo;Is\u00e8re.<\/p>\n<p>Deux portes d&rsquo;entr\u00e9e, ainsi que la porte d&rsquo;un appartement, ont \u00e9t\u00e9 souffl\u00e9es par l&rsquo;explosion. Les parties communes ont \u00e9t\u00e9 en partie noircies. Apr\u00e8s les faits, les forces de l&rsquo;ordre ont retrouv\u00e9 des r\u00e9sidus d&rsquo;un \u00ab\u00a0engin explosif\u00a0\u00bb situ\u00e9 dans les parties communes.<\/p>\n<\/p>\n<p>Aucun bless\u00e9 n&rsquo;a \u00e9t\u00e9 d\u00e9couvert sur place, ni dans les h\u00f4pitaux contact\u00e9s. Les sapeurs-pompiers ont \u00e9t\u00e9 appel\u00e9s sur les lieux. \u00c0 leur arriv\u00e9e, une cinquantaine de r\u00e9sidents avaient d\u00e9j\u00e0 quitt\u00e9 leur logement de leur propre chef. Aucune interpellation n&rsquo;a suivi cette explosion. Une enqu\u00eate a \u00e9t\u00e9 ouverte.<\/p>\n","protected":false},"excerpt":{"rendered":"Une explosion a \u00e9t\u00e9 constat\u00e9e, ce lundi 5 janvier, au rez-de-chauss\u00e9e d&rsquo;un immeuble d&rsquo;habitation situ\u00e9 dans le quartier&hellip;\n","protected":false},"author":2,"featured_media":642236,"comment_status":"","ping_status":"","sticky":false,"template":"","format":"standard","meta":{"footnotes":""},"categories":[9566],"tags":[1111,11,2430,1777,674,1011,27,2731,12,25],"class_list":{"0":"post-642235","1":"post","2":"type-post","3":"status-publish","4":"format-standard","5":"has-post-thumbnail","7":"category-grenoble","8":"tag-actu","9":"tag-actualites","10":"tag-auvergne-rhone-alpes","11":"tag-eu","12":"tag-europe","13":"tag-fr","14":"tag-france","15":"tag-grenoble","16":"tag-news","17":"tag-republique-francaise"},"share_on_mastodon":{"url":"https:\/\/pubeurope.com\/@fr\/115841968646021048","error":""},"_links":{"self":[{"href":"https:\/\/www.europesays.com\/fr\/wp-json\/wp\/v2\/posts\/642235","targetHints":{"allow":["GET"]}}],"collection":[{"href":"https:\/\/www.europesays.com\/fr\/wp-json\/wp\/v2\/posts"}],"about":[{"href":"https:\/\/www.europesays.com\/fr\/wp-json\/wp\/v2\/types\/post"}],"author":[{"embeddable":true,"href":"https:\/\/www.europesays.com\/fr\/wp-json\/wp\/v2\/users\/2"}],"replies":[{"embeddable":true,"href":"https:\/\/www.europesays.com\/fr\/wp-json\/wp\/v2\/comments?post=642235"}],"version-history":[{"count":0,"href":"https:\/\/www.europesays.com\/fr\/wp-json\/wp\/v2\/posts\/642235\/revisions"}],"wp:featuredmedia":[{"embeddable":true,"href":"https:\/\/www.europesays.com\/fr\/wp-json\/wp\/v2\/media\/642236"}],"wp:attachment":[{"href":"https:\/\/www.europesays.com\/fr\/wp-json\/wp\/v2\/media?parent=642235"}],"wp:term":[{"taxonomy":"category","embeddable":true,"href":"https:\/\/www.europesays.com\/fr\/wp-json\/wp\/v2\/categories?post=642235"},{"taxonomy":"post_tag","embeddable":true,"href":"https:\/\/www.europesays.com\/fr\/wp-json\/wp\/v2\/tags?post=642235"}],"curies":[{"name":"wp","href":"https:\/\/api.w.org\/{rel}","templated":true}]}}