{"id":642237,"date":"2026-01-05T10:15:27","date_gmt":"2026-01-05T10:15:27","guid":{"rendered":"https:\/\/www.europesays.com\/fr\/642237\/"},"modified":"2026-01-05T10:15:27","modified_gmt":"2026-01-05T10:15:27","slug":"a-rennes-une-partie-du-metro-a-larret-a-cause-de-la-meteo","status":"publish","type":"post","link":"https:\/\/www.europesays.com\/fr\/642237\/","title":{"rendered":"\u00e0 Rennes, une partie du m\u00e9tro \u00e0 l&rsquo;arr\u00eat \u00e0 cause de la m\u00e9t\u00e9o"},"content":{"rendered":"<p>                    Par<br \/>\n        <strong><br \/>\n            <a href=\"https:\/\/actu.fr\/auteur\/clemence-pays02-actu-fr\" title=\"Consulter tous les articles de Cl\u00e9mence Pays\" target=\"_blank\" rel=\"noopener\">Cl\u00e9mence Pays<\/a><br \/>\n                    <\/strong><\/p>\n<p>        Publi\u00e9 le<\/p>\n<p>            5 janv. 2026 \u00e0 7h46        <\/p>\n<p><a href=\"https:\/\/actu.fr\/bretagne\/rennes_35238\/en-bretagne-de-la-neige-pour-la-rentree-vigilance-orange-declenchee-par-meteo-france_63647457.html\" target=\"_blank\" rel=\"noopener\">Toute la Bretagne est plac\u00e9e en vigilance neige-verglas par M\u00e9t\u00e9o France<\/a>, ce lundi 5\u00a0janvier 2026. <strong>L\u2019Ille-et-Vilaine se trouve en jaune jusqu\u2019\u00e0 13h,<\/strong> heure \u00e0 laquelle le d\u00e9partement <strong>basculera en vigilance orange.<\/strong><\/p>\n<p class=\" wall-content\">Si la pr\u00e9fecture de Bretagne a d\u00e9j\u00e0 pris <a href=\"https:\/\/actu.fr\/bretagne\/rennes_35238\/neige-verglas-en-ille-et-vilaine-transports-scolaires-suspendus-et-restrictions-pour-les-poids-lourds_63648949.html\" target=\"_blank\" rel=\"noopener\">des mesures concernant la circulation des poids lourds et a suspendu les transports scolaires en Ille-et-Vilaine<\/a>, c\u2019est au tour du r\u00e9seau STAR de s\u2019adapter.<\/p>\n<p>La ligne b ne circule pas totalement<\/p>\n<p class=\" wall-content\">En fin de journ\u00e9e, dimanche 4\u00a0janvier, la ligne b du m\u00e9tro a vu son trafic limit\u00e9 \u00e0 une partie des stations. Ce lundi matin, le STAR a annonc\u00e9 qu\u2019en \u00ab\u2009raison des conditions m\u00e9t\u00e9orologiques, <strong>des perturbations<\/strong> sont en cours\u2009\u00bb.<\/p>\n<p class=\" wall-content\">Ainsi, la ligne b du m\u00e9tro voit <strong>son trafic \u00e0 l\u2019arr\u00eat entre les stations Beaulieu-Universit\u00e9 et Cesson-Viasilva.<\/strong><\/p>\n<p class=\" wall-content\">Une<strong> ligne Bus Relais M\u00e9tro<\/strong> est mise en place pour desservir les stations impact\u00e9es.<\/p>\n<p class=\" wall-content\">\n<p class=\" wall-content\">Le m\u00e9tro <strong>circule normalement entre les stations Joliot-Curie \u2013 Chateaubriand et Saint-Jacques-Ga\u00eet\u00e9.<\/strong><\/p>\n<p class=\" wall-content\">La liste des arr\u00eats desservis par la ligne Bus Relais M\u00e9tro est \u00e0 consulter <a href=\"https:\/\/www.star.fr\/sp2-arret-trafic-metro-ligne-b?ADMCMD_simTime=1762131599\" target=\"_blank\" rel=\"noopener\">en cliquant ici<\/a>.<\/p>\n<p class=\" wall-content\">Personnalisez votre actualit\u00e9 en ajoutant vos villes et m\u00e9dias en favori avec <a href=\"https:\/\/moncompte.actu.fr\" title=\"D\u00e9couvez Mon Actu\" rel=\"nofollow noopener\" data-trk=\"{&quot;cta&quot;:{&quot;action&quot;:&quot;https:\\\/\\\/moncompte.actu.fr&quot;,&quot;category&quot;:&quot;mon compte&quot;,&quot;from&quot;:&quot;article footer&quot;,&quot;name&quot;:&quot;Mon actu&quot;,&quot;type&quot;:&quot;cta&quot;}}\" target=\"_blank\">Mon Actu<\/a>.<\/p>\n","protected":false},"excerpt":{"rendered":"Par Cl\u00e9mence Pays Publi\u00e9 le 5 janv. 2026 \u00e0 7h46 Toute la Bretagne est plac\u00e9e en vigilance neige-verglas&hellip;\n","protected":false},"author":2,"featured_media":642238,"comment_status":"","ping_status":"","sticky":false,"template":"","format":"standard","meta":{"footnotes":""},"categories":[2821],"tags":[1111,11,829,1777,674,1011,27,2487,5000,10584,12,584,25,5001],"class_list":{"0":"post-642237","1":"post","2":"type-post","3":"status-publish","4":"format-standard","5":"has-post-thumbnail","7":"category-rennes","8":"tag-actu","9":"tag-actualites","10":"tag-bretagne","11":"tag-eu","12":"tag-europe","13":"tag-fr","14":"tag-france","15":"tag-meteo","16":"tag-metro-de-rennes","17":"tag-neige","18":"tag-news","19":"tag-rennes","20":"tag-republique-francaise","21":"tag-reseau-star"},"share_on_mastodon":{"url":"https:\/\/pubeurope.com\/@fr\/115841972486129399","error":""},"_links":{"self":[{"href":"https:\/\/www.europesays.com\/fr\/wp-json\/wp\/v2\/posts\/642237","targetHints":{"allow":["GET"]}}],"collection":[{"href":"https:\/\/www.europesays.com\/fr\/wp-json\/wp\/v2\/posts"}],"about":[{"href":"https:\/\/www.europesays.com\/fr\/wp-json\/wp\/v2\/types\/post"}],"author":[{"embeddable":true,"href":"https:\/\/www.europesays.com\/fr\/wp-json\/wp\/v2\/users\/2"}],"replies":[{"embeddable":true,"href":"https:\/\/www.europesays.com\/fr\/wp-json\/wp\/v2\/comments?post=642237"}],"version-history":[{"count":0,"href":"https:\/\/www.europesays.com\/fr\/wp-json\/wp\/v2\/posts\/642237\/revisions"}],"wp:featuredmedia":[{"embeddable":true,"href":"https:\/\/www.europesays.com\/fr\/wp-json\/wp\/v2\/media\/642238"}],"wp:attachment":[{"href":"https:\/\/www.europesays.com\/fr\/wp-json\/wp\/v2\/media?parent=642237"}],"wp:term":[{"taxonomy":"category","embeddable":true,"href":"https:\/\/www.europesays.com\/fr\/wp-json\/wp\/v2\/categories?post=642237"},{"taxonomy":"post_tag","embeddable":true,"href":"https:\/\/www.europesays.com\/fr\/wp-json\/wp\/v2\/tags?post=642237"}],"curies":[{"name":"wp","href":"https:\/\/api.w.org\/{rel}","templated":true}]}}