{"id":642243,"date":"2026-01-05T10:20:09","date_gmt":"2026-01-05T10:20:09","guid":{"rendered":"https:\/\/www.europesays.com\/fr\/642243\/"},"modified":"2026-01-05T10:20:09","modified_gmt":"2026-01-05T10:20:09","slug":"cet-batiment-prend-feu-pres-de-nice-les-pompiers-evacuent-90-habitants-en-catastrophe","status":"publish","type":"post","link":"https:\/\/www.europesays.com\/fr\/642243\/","title":{"rendered":"Cet b\u00e2timent prend feu pr\u00e8s de Nice, les pompiers \u00e9vacuent 90 habitants en catastrophe"},"content":{"rendered":"<p>                    Par<br \/>\n        <strong><br \/>\n            <a href=\"https:\/\/actu.fr\/auteur\/arthur-frand\" title=\"Consulter tous les articles de Arthur Frand\" target=\"_blank\" rel=\"noopener\">Arthur Frand<\/a><br \/>\n                    <\/strong><\/p>\n<p>        Publi\u00e9 le<\/p>\n<p>            5 janv. 2026 \u00e0 9h56<br \/>\n        ; mis \u00e0 jour le 5 janv. 2026 \u00e0 9h58    <\/p>\n<p>Ce lundi 5\u00a0janvier 2026, au petit matin, les sapeurs-pompiers des Alpes-Maritimes sont <strong>intervenus en urgence<\/strong> suite \u00e0 un incendie dans un \u00e9tablissement recevant du public (ERP), \u00e0 Cannes, pr\u00e8s de <a href=\"https:\/\/actu.fr\/nice\/\" target=\"_blank\" rel=\"noopener\">Nice<\/a> dans les <a href=\"https:\/\/actu.fr\/provence-alpes-cote-d-azur\/alpes-maritimes_06\" target=\"_blank\" rel=\"noopener\">Alpes-Maritimes<\/a>.<\/p>\n<p>    <a href=\"https:\/\/www.google.com\/maps\/embed?pb=!1m18!1m12!1m3!1d2891.137358469965!2d7.016049077518791!3d43.56202085832122!2m3!1f0!2f0!3f0!3m2!1i1024!2i768!4f13.1!3m3!1m2!1s0x12ce81ee1333974b%3A0xc2abcc07baa4dcf7!2sAv.%20des%20Anglais%2C%2006400%20Cannes!5e0!3m2!1sfr!2sfr!4v1767602872477!5m2!1sfr!2sfr\" title=\"Ouvrie le lien\" target=\"_blank\" rel=\"noopener\">Cliquez ici pour visualiser le contenu<\/a><\/p>\n<p class=\" wall-content\">Une <strong>centaine de personnes<\/strong> ont \u00e9t\u00e9 \u00e9vacu\u00e9es alors que les soldats du feu tentaient de contenir les flammes.<\/p>\n<p>Les flammes dans un magasin menacent l\u2019immeuble<\/p>\n<p class=\" wall-content\">Ce lundi 5\u00a0janvier, les sapeurs-pompiers des Alpes-Maritimes n\u2019ont pas eu de pr\u00e9cision lors de l\u2019appel. 28 agents et 8 engins ont \u00e9t\u00e9 d\u00e9p\u00each\u00e9s. En arrivant sur place, ils constatent que l\u2019incendie s\u2019est d\u00e9clar\u00e9 dans un <strong>magasin d\u2019alimentation<\/strong>, avenue des Anglais \u00e0 Cannes.<\/p>\n<p class=\" wall-content\">Gros probl\u00e8me, celui-ci est au rez-de-chauss\u00e9e d\u2019un immeuble r\u00e9sidentiel de 5 \u00e9tages avec 2 sous-sols, pr\u00e9cisent les sapeurs-pompiers du d\u00e9partement \u00e0 actu Nice. Le danger est donc imminent et r\u00e9el pour tous les habitants si le feu se propage.<\/p>\n<p>90\u00a0personnes \u00e9vacu\u00e9es<\/p>\n<p class=\" wall-content\">Les soldats du feu sont parvenus \u00e0 ma\u00eetriser les flammes gr\u00e2ce \u00e0 l\u2019utilisation d\u2019une lance \u00e0 d\u00e9bit variable (LDMRS). Dans le m\u00eame temps, l\u2019immeuble menac\u00e9 a \u00e9t\u00e9 totalement \u00e9vacu\u00e9 par les sapeurs-pompiers et les forces de l\u2019ordre. 90\u00a0personnes ont <strong>\u00e9t\u00e9 regroup\u00e9es<\/strong> par la municipalit\u00e9 \u00e0 la gare maritime de Cannes.<\/p>\n<p>Une femme l\u00e9g\u00e8rement bless\u00e9e<\/p>\n<p class=\" wall-content\">60m2 ont br\u00fbl\u00e9 suite \u00e0 l\u2019incendie, souligne les sapeurs-pompiers. Un moindre mal. Seule une <strong>femme de 55\u00a0ans<\/strong>, a \u00e9t\u00e9 l\u00e9g\u00e8rement touch\u00e9e. Elle a \u00e9t\u00e9 transport\u00e9e vers le centre hospitalier Simone-Veil de Cannes.<\/p>\n<p class=\" wall-content\">Personnalisez votre actualit\u00e9 en ajoutant vos villes et m\u00e9dias en favori avec <a href=\"https:\/\/moncompte.actu.fr\" title=\"D\u00e9couvez Mon Actu\" rel=\"nofollow noopener\" data-trk=\"{&quot;cta&quot;:{&quot;action&quot;:&quot;https:\\\/\\\/moncompte.actu.fr&quot;,&quot;category&quot;:&quot;mon compte&quot;,&quot;from&quot;:&quot;article footer&quot;,&quot;name&quot;:&quot;Mon actu&quot;,&quot;type&quot;:&quot;cta&quot;}}\" target=\"_blank\">Mon Actu<\/a>.<\/p>\n","protected":false},"excerpt":{"rendered":"Par Arthur Frand Publi\u00e9 le 5 janv. 2026 \u00e0 9h56 ; mis \u00e0 jour le 5 janv. 2026&hellip;\n","protected":false},"author":2,"featured_media":642244,"comment_status":"","ping_status":"","sticky":false,"template":"","format":"standard","meta":{"footnotes":""},"categories":[2819],"tags":[1111,11,1777,674,1011,27,1310,12,2401,1311,882,25,104],"class_list":{"0":"post-642243","1":"post","2":"type-post","3":"status-publish","4":"format-standard","5":"has-post-thumbnail","7":"category-nice","8":"tag-actu","9":"tag-actualites","10":"tag-eu","11":"tag-europe","12":"tag-fr","13":"tag-france","14":"tag-incendie","15":"tag-news","16":"tag-nice","17":"tag-pompiers","18":"tag-provence-alpes-cote-dazur","19":"tag-republique-francaise","20":"tag-societe"},"share_on_mastodon":{"url":"https:\/\/pubeurope.com\/@fr\/115841992277310165","error":""},"_links":{"self":[{"href":"https:\/\/www.europesays.com\/fr\/wp-json\/wp\/v2\/posts\/642243","targetHints":{"allow":["GET"]}}],"collection":[{"href":"https:\/\/www.europesays.com\/fr\/wp-json\/wp\/v2\/posts"}],"about":[{"href":"https:\/\/www.europesays.com\/fr\/wp-json\/wp\/v2\/types\/post"}],"author":[{"embeddable":true,"href":"https:\/\/www.europesays.com\/fr\/wp-json\/wp\/v2\/users\/2"}],"replies":[{"embeddable":true,"href":"https:\/\/www.europesays.com\/fr\/wp-json\/wp\/v2\/comments?post=642243"}],"version-history":[{"count":0,"href":"https:\/\/www.europesays.com\/fr\/wp-json\/wp\/v2\/posts\/642243\/revisions"}],"wp:featuredmedia":[{"embeddable":true,"href":"https:\/\/www.europesays.com\/fr\/wp-json\/wp\/v2\/media\/642244"}],"wp:attachment":[{"href":"https:\/\/www.europesays.com\/fr\/wp-json\/wp\/v2\/media?parent=642243"}],"wp:term":[{"taxonomy":"category","embeddable":true,"href":"https:\/\/www.europesays.com\/fr\/wp-json\/wp\/v2\/categories?post=642243"},{"taxonomy":"post_tag","embeddable":true,"href":"https:\/\/www.europesays.com\/fr\/wp-json\/wp\/v2\/tags?post=642243"}],"curies":[{"name":"wp","href":"https:\/\/api.w.org\/{rel}","templated":true}]}}