{"id":642249,"date":"2026-01-05T10:23:11","date_gmt":"2026-01-05T10:23:11","guid":{"rendered":"https:\/\/www.europesays.com\/fr\/642249\/"},"modified":"2026-01-05T10:23:11","modified_gmt":"2026-01-05T10:23:11","slug":"nantes-lens-et-le-psg-simposent-dans-lequipe-type","status":"publish","type":"post","link":"https:\/\/www.europesays.com\/fr\/642249\/","title":{"rendered":"Nantes, Lens et le PSG s&rsquo;imposent dans l&rsquo;\u00e9quipe type"},"content":{"rendered":"<p><b>L&rsquo;\u00e9quipe type de la 17e journ\u00e9e selon les notes de L&rsquo;Equipe :<\/b><\/p>\n<p>Gardien : Penders (Strasbourg)<\/p>\n<p>D\u00e9fenseurs : Centonze (Nantes), Ganiou (Lens), Jacquet (Rennes), N.Mendes (PSG)<\/p>\n<p>Milieux : Ndiaye (Le Havre), Thomasson (Lens), D.Dou\u00e9 (PSG)<\/p>\n<p>Attaquants : Sa\u00efd (Lens), Sulc (OL) et Ajorque (Brest)<\/p>\n<p><b>Le classement cumul\u00e9 depuis le d\u00e9but de la saison :\u00a0<\/b><\/p>\n<p>Meilleur joueur : Malick Fofana (OL)<\/p>\n<p>Meilleur gardien : Robin Risser (Lens)<\/p>\n<p>Meilleur entra\u00eeneur : Pierre Sage (Lens)<\/p>\n<p>Meilleure \u00e9quipe : RC Lens<\/p>\n","protected":false},"excerpt":{"rendered":"L&rsquo;\u00e9quipe type de la 17e journ\u00e9e selon les notes de L&rsquo;Equipe : Gardien : Penders (Strasbourg) D\u00e9fenseurs :&hellip;\n","protected":false},"author":2,"featured_media":642250,"comment_status":"","ping_status":"","sticky":false,"template":"","format":"standard","meta":{"footnotes":""},"categories":[2818],"tags":[1111,11,1777,674,462,1011,27,4253,66,766,12,2636,93,25],"class_list":{"0":"post-642249","1":"post","2":"type-post","3":"status-publish","4":"format-standard","5":"has-post-thumbnail","7":"category-nantes","8":"tag-actu","9":"tag-actualites","10":"tag-eu","11":"tag-europe","12":"tag-fc-nantes","13":"tag-fr","14":"tag-france","15":"tag-lens","16":"tag-ligue-1","17":"tag-nantes","18":"tag-news","19":"tag-pays-de-la-loire","20":"tag-psg","21":"tag-republique-francaise"},"share_on_mastodon":{"url":"https:\/\/pubeurope.com\/@fr\/115842004171556530","error":""},"_links":{"self":[{"href":"https:\/\/www.europesays.com\/fr\/wp-json\/wp\/v2\/posts\/642249","targetHints":{"allow":["GET"]}}],"collection":[{"href":"https:\/\/www.europesays.com\/fr\/wp-json\/wp\/v2\/posts"}],"about":[{"href":"https:\/\/www.europesays.com\/fr\/wp-json\/wp\/v2\/types\/post"}],"author":[{"embeddable":true,"href":"https:\/\/www.europesays.com\/fr\/wp-json\/wp\/v2\/users\/2"}],"replies":[{"embeddable":true,"href":"https:\/\/www.europesays.com\/fr\/wp-json\/wp\/v2\/comments?post=642249"}],"version-history":[{"count":0,"href":"https:\/\/www.europesays.com\/fr\/wp-json\/wp\/v2\/posts\/642249\/revisions"}],"wp:featuredmedia":[{"embeddable":true,"href":"https:\/\/www.europesays.com\/fr\/wp-json\/wp\/v2\/media\/642250"}],"wp:attachment":[{"href":"https:\/\/www.europesays.com\/fr\/wp-json\/wp\/v2\/media?parent=642249"}],"wp:term":[{"taxonomy":"category","embeddable":true,"href":"https:\/\/www.europesays.com\/fr\/wp-json\/wp\/v2\/categories?post=642249"},{"taxonomy":"post_tag","embeddable":true,"href":"https:\/\/www.europesays.com\/fr\/wp-json\/wp\/v2\/tags?post=642249"}],"curies":[{"name":"wp","href":"https:\/\/api.w.org\/{rel}","templated":true}]}}