{"id":642258,"date":"2026-01-05T10:29:14","date_gmt":"2026-01-05T10:29:14","guid":{"rendered":"https:\/\/www.europesays.com\/fr\/642258\/"},"modified":"2026-01-05T10:29:14","modified_gmt":"2026-01-05T10:29:14","slug":"hip-open-dance-2026-actualites","status":"publish","type":"post","link":"https:\/\/www.europesays.com\/fr\/642258\/","title":{"rendered":"Hip Open Dance 2026 \/ Actualit\u00e9s"},"content":{"rendered":"<p>Le festival Hip Open Dance revient \u00e0 Lille du 22 janvier au 9 f\u00e9vrier 2026 avec spectacles, battles, expo ou encore ateliers au programme.<\/p>\n<p>            <img loading=\"lazy\" decoding=\"async\" src=\"\/var\/www\/storage\/images\/mediatheque\/mairie-de-lille\/actualites\/images\/2023\/janvier-2023\/hipopendance\/3199821-2-fre-FR\/hipopendance_news_image_top.jpg\" width=\"779\" height=\"518\" alt=\"\"\/><br \/>\n    \tPhoto TLP &#8211; Ville de Lille (\u00e9dition 2024)<\/p>\n<p>Depuis plus de 10 ans, le festival Hip Open Dance met en avant la jeune cr\u00e9ation en danse hip hop des Hauts-de-France.<\/p>\n<p>L\u2019\u00e9dition 2026 du festival Hip Open Dance revient du 22 janvier au 9 f\u00e9vrier, \u00e0 Lille et dans la m\u00e9tropole. \u00c0 nouveau, <strong>le Flow et la Ville vont c\u00e9l\u00e9brer la richesse et la diversit\u00e9 des danses hip-hop<\/strong> sous toutes leurs formes.<\/p>\n<p>Bien plus qu\u2019une simple vitrine de la cr\u00e9ation chor\u00e9graphique, cet \u00e9v\u00e9nement invite \u00e0 la vivre sous toutes ses formes : <strong>sur sc\u00e8ne, dans l\u2019\u00e9nergie des battles, \u00e0 travers des shows, des initiations, des projections ou encore des d\u00e9ambulations captivantes. Au programme \u00e9galement : soir\u00e9es, expositions, tables rondes\u2026<\/strong> il y en aura pour tous les go\u00fbts et tous les publics.<\/p>\n<p>Le 31 janvier, de 15h \u00e0 18h, le Grand Bleu accueillera la premi\u00e8re \u00e9dition du <strong>Battle Kidzz<\/strong> durant laquelle des jeunes vont s\u2019affronter en public et par la danse improvis\u00e9e sous l\u2019\u0153il d\u2019un jury. Ce battle sera \u00ab all style \u00bb, c\u2019est-\u00e0-dire que tous les styles de danse y seront repr\u00e9sent\u00e9s. Son originalit\u00e9 repose sur le fait qu\u2019il sera organis\u00e9 pour des jeunes, mais aussi par des jeunes, avec un jury, des invit\u00e9s, un DJ, un MC 100 kids !<\/p>\n<p>Autre temps fort de cette 13e \u00e9dition : une <strong>exposition immersive<\/strong> dans l\u2019\u0153uvre de Farid Berki, chor\u00e9graphe majeur du hip-hop, \u00e0 d\u00e9couvrir du 22 janvier au 20 f\u00e9vrier \u00e0 la maison Folie Moulins.<\/p>\n<p>Rendez-vous sur notre agenda, en tapant \u00ab\u00a0<a href=\"https:\/\/www.lille.fr\/Evenements\/(keywords)\/hip+open+dance\" target=\"_self\" class=\"lien_interne\" rel=\"noopener\">Hip Open Dance<\/a>\u00a0\u00bb dans la barre de recherche. Tous les \u00e9v\u00e9nements y sont d\u00e9taill\u00e9s.<\/p>\n<p>            Lire aussi<\/p>\n<p>            <img loading=\"lazy\" decoding=\"async\" src=\"\/var\/www\/storage\/images\/mediatheque\/mairie-de-lille\/actualites\/images\/2025\/decembre-2025\/rue-molinel\/3912141-1-fre-FR\/rue-Molinel_crossreading.jpg\" width=\"95\" height=\"95\" alt=\"\"\/>           <\/p>\n<p>        <a href=\"https:\/\/www.lille.fr\/Actualites\/La-belle-Molinel\" class=\"actuTitle\" title=\"La belle Molinel !\" target=\"_blank\" rel=\"noopener\">La belle Molinel !<\/a>Culture<\/p>\n<p>\nElle figure dans le p\u00e9rim\u00e8tre du Site Patrimonial Remarquable de Lille.\u00a0Et si vous observiez la rue du Molinel de fa\u00e7on diff\u00e9rente\u00a0?\u00a0\u00a0\n<\/p>\n<p>        <a href=\"https:\/\/www.lille.fr\/Actualites\/La-belle-Molinel\" class=\"voirActus\" target=\"_blank\" rel=\"noopener\">Voir<\/a><\/p>\n<p>            <img loading=\"lazy\" decoding=\"async\" src=\"\/var\/www\/storage\/images\/mediatheque\/mairie-de-lille\/actualites\/objets-multimedia\/galeries-d-images\/2025\/septembre-2025\/braderie-2025-merci-aux-agents-municipaux\/braderie-de-lille-2025-merci-aux-agents-municipaux4\/3846902-1-fre-FR\/Braderie-de-Lille-2025-merci-aux-agents-municipaux_crossreading.jpg\" width=\"95\" height=\"95\" alt=\"\"\/>           <\/p>\n<p>            <img loading=\"lazy\" decoding=\"async\" src=\"\/var\/www\/storage\/images\/mediatheque\/mairie-de-lille\/actualites\/images\/2023\/decembre-2023\/armoire-a-don\/3398296-1-fre-FR\/Armoire-a-don_crossreading.jpg\" width=\"95\" height=\"95\" alt=\"\"\/>           <\/p>\n","protected":false},"excerpt":{"rendered":"Le festival Hip Open Dance revient \u00e0 Lille du 22 janvier au 9 f\u00e9vrier 2026 avec spectacles, battles,&hellip;\n","protected":false},"author":2,"featured_media":642259,"comment_status":"","ping_status":"","sticky":false,"template":"","format":"standard","meta":{"footnotes":""},"categories":[2815],"tags":[1111,11,4763,1777,674,1011,27,811,1307,5415,12,25],"class_list":{"0":"post-642258","1":"post","2":"type-post","3":"status-publish","4":"format-standard","5":"has-post-thumbnail","7":"category-lille","8":"tag-actu","9":"tag-actualites","10":"tag-agenda","11":"tag-eu","12":"tag-europe","13":"tag-fr","14":"tag-france","15":"tag-hauts-de-france","16":"tag-lille","17":"tag-mairie","18":"tag-news","19":"tag-republique-francaise"},"share_on_mastodon":{"url":"https:\/\/pubeurope.com\/@fr\/115842027789424946","error":""},"_links":{"self":[{"href":"https:\/\/www.europesays.com\/fr\/wp-json\/wp\/v2\/posts\/642258","targetHints":{"allow":["GET"]}}],"collection":[{"href":"https:\/\/www.europesays.com\/fr\/wp-json\/wp\/v2\/posts"}],"about":[{"href":"https:\/\/www.europesays.com\/fr\/wp-json\/wp\/v2\/types\/post"}],"author":[{"embeddable":true,"href":"https:\/\/www.europesays.com\/fr\/wp-json\/wp\/v2\/users\/2"}],"replies":[{"embeddable":true,"href":"https:\/\/www.europesays.com\/fr\/wp-json\/wp\/v2\/comments?post=642258"}],"version-history":[{"count":0,"href":"https:\/\/www.europesays.com\/fr\/wp-json\/wp\/v2\/posts\/642258\/revisions"}],"wp:featuredmedia":[{"embeddable":true,"href":"https:\/\/www.europesays.com\/fr\/wp-json\/wp\/v2\/media\/642259"}],"wp:attachment":[{"href":"https:\/\/www.europesays.com\/fr\/wp-json\/wp\/v2\/media?parent=642258"}],"wp:term":[{"taxonomy":"category","embeddable":true,"href":"https:\/\/www.europesays.com\/fr\/wp-json\/wp\/v2\/categories?post=642258"},{"taxonomy":"post_tag","embeddable":true,"href":"https:\/\/www.europesays.com\/fr\/wp-json\/wp\/v2\/tags?post=642258"}],"curies":[{"name":"wp","href":"https:\/\/api.w.org\/{rel}","templated":true}]}}