{"id":642265,"date":"2026-01-05T10:33:10","date_gmt":"2026-01-05T10:33:10","guid":{"rendered":"https:\/\/www.europesays.com\/fr\/642265\/"},"modified":"2026-01-05T10:33:10","modified_gmt":"2026-01-05T10:33:10","slug":"ter-trafic-perturbe-sur-la-ligne-lyon-amberieu-une-reprise-estimee-pour-11h10","status":"publish","type":"post","link":"https:\/\/www.europesays.com\/fr\/642265\/","title":{"rendered":"TER\u00a0: trafic perturb\u00e9 sur la ligne Lyon-Amb\u00e9rieu, une reprise estim\u00e9e pour 11h10"},"content":{"rendered":"<p>Le trafic TER est perturb\u00e9 sur la ligne Lyon-Amb\u00e9rieu, dans le sens Amb\u00e9rieu-Lyon, depuis ce lundi 5 janvier au matin. C&rsquo;est \u00e0 cause d&rsquo;une panne de signalisation pr\u00e8s de Meximieux. La reprise est estim\u00e9e vers 11h11.<\/p>\n<p>C&rsquo;est la gal\u00e8re sur les rails, pour les usagers de la ligne TER Lyon-Amb\u00e9rieu, en ce jour de rentr\u00e9e.<\/p>\n<p>Une panne de signalisation \u00e0 Meximieux<\/p>\n<p>La ligne Lyon-Amb\u00e9rieu, victime de <b>deux pannes <\/b>ce lundi 5 janvier au matin. <\/p>\n<p>Une panne d&rsquo;un aiguillage pr\u00e8s d&rsquo;Amb\u00e9rieu a perturb\u00e9 le trafic de la ligne Lyon-Amb\u00e9rieu, dans les deux sens de circulation.\u00a0<\/p>\n<p>Le trafic a repris progressivement depuis 9h30. Certains trains peuvent toutefois subir des retards, annonce la SNCF.<\/p>\n<p>Cependant, pour les usagers de la ligne TER qui se rendent \u00e0 Lyon, la gal\u00e8re n&rsquo;est pas termin\u00e9e, en ce jour de rentr\u00e9e.\u00a0<\/p>\n<p>Une autre panne de signalisation, pr\u00e8s de Meximieux, cette fois, perturbe le trafic <b>dans le sens Amb\u00e9rieu-Lyon.<\/b><\/p>\n<p>La reprise progressive est pr\u00e9vue vers <b>11h11.<\/b><br \/><b><br \/><\/b><\/p>\n<p><img loading=\"lazy\" decoding=\"async\" src=\"https:\/\/www.europesays.com\/fr\/wp-content\/uploads\/2026\/01\/img.jpeg\" width=\"350\" height=\"200\" border=\"0\" title=\"Les agriculteurs manifestent ce lundi matin au sud de Lyon\"\/><\/p>\n<p>\u25baSoci\u00e9t\u00e9<\/p>\n<p style=\"font-size: 22px;\"><b>[VID\u00c9O] Manifestation des agriculteurs au sud de Lyon : suivez la situation en direct<\/b><\/p>\n<p>Les agriculteurs venus du Rh\u00f4ne, de la Loire, de&#8230;<\/p>\n<p><\/p>\n","protected":false},"excerpt":{"rendered":"Le trafic TER est perturb\u00e9 sur la ligne Lyon-Amb\u00e9rieu, dans le sens Amb\u00e9rieu-Lyon, depuis ce lundi 5 janvier&hellip;\n","protected":false},"author":2,"featured_media":642266,"comment_status":"","ping_status":"","sticky":false,"template":"","format":"standard","meta":{"footnotes":""},"categories":[1889],"tags":[1111,11,74905,2430,1777,674,1011,27,3052,2428,46221,12,10899,5461,25,2215,6472,1097,926],"class_list":{"0":"post-642265","1":"post","2":"type-post","3":"status-publish","4":"format-standard","5":"has-post-thumbnail","7":"category-lyon","8":"tag-actu","9":"tag-actualites","10":"tag-ambrieu","11":"tag-auvergne-rhone-alpes","12":"tag-eu","13":"tag-europe","14":"tag-fr","15":"tag-france","16":"tag-ligne","17":"tag-lyon","18":"tag-meximieux","19":"tag-news","20":"tag-panne","21":"tag-perturbation","22":"tag-republique-francaise","23":"tag-sncf","24":"tag-ter","25":"tag-trafic","26":"tag-train"},"share_on_mastodon":{"url":"https:\/\/pubeurope.com\/@fr\/115842043350861449","error":""},"_links":{"self":[{"href":"https:\/\/www.europesays.com\/fr\/wp-json\/wp\/v2\/posts\/642265","targetHints":{"allow":["GET"]}}],"collection":[{"href":"https:\/\/www.europesays.com\/fr\/wp-json\/wp\/v2\/posts"}],"about":[{"href":"https:\/\/www.europesays.com\/fr\/wp-json\/wp\/v2\/types\/post"}],"author":[{"embeddable":true,"href":"https:\/\/www.europesays.com\/fr\/wp-json\/wp\/v2\/users\/2"}],"replies":[{"embeddable":true,"href":"https:\/\/www.europesays.com\/fr\/wp-json\/wp\/v2\/comments?post=642265"}],"version-history":[{"count":0,"href":"https:\/\/www.europesays.com\/fr\/wp-json\/wp\/v2\/posts\/642265\/revisions"}],"wp:featuredmedia":[{"embeddable":true,"href":"https:\/\/www.europesays.com\/fr\/wp-json\/wp\/v2\/media\/642266"}],"wp:attachment":[{"href":"https:\/\/www.europesays.com\/fr\/wp-json\/wp\/v2\/media?parent=642265"}],"wp:term":[{"taxonomy":"category","embeddable":true,"href":"https:\/\/www.europesays.com\/fr\/wp-json\/wp\/v2\/categories?post=642265"},{"taxonomy":"post_tag","embeddable":true,"href":"https:\/\/www.europesays.com\/fr\/wp-json\/wp\/v2\/tags?post=642265"}],"curies":[{"name":"wp","href":"https:\/\/api.w.org\/{rel}","templated":true}]}}