{"id":642279,"date":"2026-01-05T10:43:13","date_gmt":"2026-01-05T10:43:13","guid":{"rendered":"https:\/\/www.europesays.com\/fr\/642279\/"},"modified":"2026-01-05T10:43:13","modified_gmt":"2026-01-05T10:43:13","slug":"voyage-en-ukraine-a-lille-actualites","status":"publish","type":"post","link":"https:\/\/www.europesays.com\/fr\/642279\/","title":{"rendered":"Voyage en Ukraine \u00e0 Lille \/ Actualit\u00e9s"},"content":{"rendered":"<p>C&rsquo;est une saison culturelle qui marque l\u2019engagement de la France \u00e0 soutenir le peuple ukrainien, sous le feu des attaques russes depuis quatre ans\u00a0Un soutien, notamment pour la survie et l\u2019ind\u00e9pendance de sa langue et la diffusion de sa culture. <strong>Lanc\u00e9 \u00e0 Paris fin 2025, le \u00ab Voyage en Ukraine \u00bb se d\u00e9cline en de nombreux \u00e9v\u00e9nements permettant de d\u00e9couvrir diff\u00e9rentes facettes de l\u2019univers artistique de ce pays<\/strong>. Il est organis\u00e9 par l\u2019Institut fran\u00e7ais et l\u2019Institut ukrainien, avec l\u2019appui de nombreux partenaires, dont les collectivit\u00e9s.<\/p>\n<p><a href=\"https:\/\/www.lille.fr\/Evenements\/De-Kharkiv-a-Lille-la-culture-en-resistance\" target=\"_self\" class=\"lien_interne\" rel=\"noopener\">\u00c0 Lille, la programmation est annonc\u00e9e pour janvier et f\u00e9vrier 2026<\/a>. <strong>Kharkiv, ville jumelle<\/strong> depuis 1978, sera particuli\u00e8rement mise \u00e0 l\u2019honneur. Deux auteurs embl\u00e9matiques seront les invit\u00e9s d\u2019une soir\u00e9e litt\u00e9raire organis\u00e9e par Cit\u00e9philo. Des repr\u00e9sentants de la soci\u00e9t\u00e9 civile partageront leurs r\u00e9cits sensibles lors d\u2019une rencontre \u00e0 Sciences Po.<\/p>\n<p>Le Palais des Beaux-Arts recevra le Mus\u00e9e d\u2019art de Kharkiv autour du c\u00e9l\u00e8bre tableau d&rsquo;Ilya R\u00e9pine. Une exposition consacr\u00e9e \u00e0 l&rsquo;\u00e9cole de photographie de Kharkiv sera d\u00e9ploy\u00e9e entre les deux gares. \u00c9galement au programme : le concert du c\u00e9l\u00e8bre groupe ukrainien Dakha-Brakha, ou encore une performance de la chor\u00e9graphe et danseuse Olga Dukhovna au PBA.<\/p>\n<p>Danser, c&rsquo;est aussi r\u00e9sister<\/p>\n<p>\u00ab\u00a0Je n\u2019aime pas la position de victime, je ne veux pas faire de drama, il faut f\u00eater la force de notre peuple et notre culture ukrainienne.\u00a0\u00bb Voil\u00e0 l\u2019\u00e9tat d\u2019esprit d\u2019<strong>Olga Dukhovna, chor\u00e9graphe et danseuse<\/strong>, quand elle compose ses \u0153uvres, et qu\u2019elle les interpr\u00e8te aussi. L\u2019invasion russe a chang\u00e9 sa fa\u00e7on de concevoir son art. \u00ab\u00a0Au d\u00e9but du conflit, je voyais ma famille et mes amis investis, sur le terrain militaire, ou dans des actions de solidarit\u00e9 aux c\u00f4t\u00e9s de la population\u00a0\u00bb, se souvient-elle, \u00ab\u00a0je trouvais que la danse \u00e9tait ridicule parce qu\u2019elle ne servait \u00e0 rien.\u00a0\u00bb<\/p>\n<p>Mais l\u2019artiste, install\u00e9e en France depuis une vingtaine d\u2019ann\u00e9es, reconsid\u00e8re ce sentiment\u00a0: \u00ab<strong>\u00a0Ce sont la culture et la\u00a0langue qui d\u00e9finissent une nation<\/strong>, elles prennent une autre dimension en p\u00e9riode de guerre.\u00a0\u00bb Olga ressent alors une \u00ab\u00a0urgence\u00a0\u00bb \u00e0 rappeler que\u00a0la culture et la langue ukrainiennes existent bel et bien. Alors qu\u2019elle ne s\u2019\u00e9tait jamais int\u00e9ress\u00e9e aux danses traditionnelles de son pays natal, elle d\u00e9cide de les d\u00e9cortiquer, de les go\u00fbter, de s\u2019en inspirer, \u00e0 la fois dans leur aspect technique et dans leur dimension \u00e9motionnelle.<\/p>\n<p>Elle se lance dans un projet, baptis\u00e9 Hopak, qui souffle cet h\u00e9ritage folklorique, au sens noble du terme, dans la danse contemporaine qui est la sienne. <strong>Le 8\u00a0f\u00e9vrier 2026, au Palais des Beaux-Arts de Lille, elle proposera un parcours pour partager un \u00e9chauffement, un spectacle dans\u00e9, un DJ set et une surprise<\/strong>.<\/p>\n<p>PAR VAL\u00c9RIE PFAHL<\/p>\n<p>&gt; Atrium du Palais des Beaux-Arts, dimanche 8 f\u00e9vrier, de 14h30 \u00e0 17h. Gratuit.<\/p>\n","protected":false},"excerpt":{"rendered":"C&rsquo;est une saison culturelle qui marque l\u2019engagement de la France \u00e0 soutenir le peuple ukrainien, sous le feu&hellip;\n","protected":false},"author":2,"featured_media":642280,"comment_status":"","ping_status":"","sticky":false,"template":"","format":"standard","meta":{"footnotes":""},"categories":[1590],"tags":[11,4763,1777,674,1307,5415,12,220],"class_list":{"0":"post-642279","1":"post","2":"type-post","3":"status-publish","4":"format-standard","5":"has-post-thumbnail","7":"category-ukraine","8":"tag-actualites","9":"tag-agenda","10":"tag-eu","11":"tag-europe","12":"tag-lille","13":"tag-mairie","14":"tag-news","15":"tag-ukraine"},"share_on_mastodon":{"url":"https:\/\/pubeurope.com\/@fr\/115842082617114246","error":""},"_links":{"self":[{"href":"https:\/\/www.europesays.com\/fr\/wp-json\/wp\/v2\/posts\/642279","targetHints":{"allow":["GET"]}}],"collection":[{"href":"https:\/\/www.europesays.com\/fr\/wp-json\/wp\/v2\/posts"}],"about":[{"href":"https:\/\/www.europesays.com\/fr\/wp-json\/wp\/v2\/types\/post"}],"author":[{"embeddable":true,"href":"https:\/\/www.europesays.com\/fr\/wp-json\/wp\/v2\/users\/2"}],"replies":[{"embeddable":true,"href":"https:\/\/www.europesays.com\/fr\/wp-json\/wp\/v2\/comments?post=642279"}],"version-history":[{"count":0,"href":"https:\/\/www.europesays.com\/fr\/wp-json\/wp\/v2\/posts\/642279\/revisions"}],"wp:featuredmedia":[{"embeddable":true,"href":"https:\/\/www.europesays.com\/fr\/wp-json\/wp\/v2\/media\/642280"}],"wp:attachment":[{"href":"https:\/\/www.europesays.com\/fr\/wp-json\/wp\/v2\/media?parent=642279"}],"wp:term":[{"taxonomy":"category","embeddable":true,"href":"https:\/\/www.europesays.com\/fr\/wp-json\/wp\/v2\/categories?post=642279"},{"taxonomy":"post_tag","embeddable":true,"href":"https:\/\/www.europesays.com\/fr\/wp-json\/wp\/v2\/tags?post=642279"}],"curies":[{"name":"wp","href":"https:\/\/api.w.org\/{rel}","templated":true}]}}