{"id":642281,"date":"2026-01-05T10:44:11","date_gmt":"2026-01-05T10:44:11","guid":{"rendered":"https:\/\/www.europesays.com\/fr\/642281\/"},"modified":"2026-01-05T10:44:11","modified_gmt":"2026-01-05T10:44:11","slug":"les-etats-unis-sont-un-partenaire-de-la-france-affirme-aurore-berge","status":"publish","type":"post","link":"https:\/\/www.europesays.com\/fr\/642281\/","title":{"rendered":"\u00abLes \u00c9tats-Unis sont un partenaire de la France\u00bb, affirme Aurore Berg\u00e9"},"content":{"rendered":"<p>            Description de l&rsquo;\u00e9pisode<\/p>\n<p>Aurore Berg\u00e9, ministre charg\u00e9e de l&rsquo;\u00c9galit\u00e9 entre les femmes et les hommes et de la Lutte contre les discriminations, r\u00e9pond aux questions de Sonia Mabrouk au sujet de la capture de Nicol\u00e0s Maduro, de la r\u00e9action de la classe politique fran\u00e7aise et d&rsquo;Emmanuel Macron en particulier, du Mercosur, du terrible drame en Suisse \u00e0 Crans-Montana et de l&rsquo;antis\u00e9mitisme.<br \/>&#13;\n<\/p>\n<p>Invit\u00e9e : Aurore Berg\u00e9, ministre charg\u00e9e de l&rsquo;\u00c9galit\u00e9 entre les femmes et les hommes et de la Lutte contre les discriminations<\/p>\n","protected":false},"excerpt":{"rendered":"Description de l&rsquo;\u00e9pisode Aurore Berg\u00e9, ministre charg\u00e9e de l&rsquo;\u00c9galit\u00e9 entre les femmes et les hommes et de la&hellip;\n","protected":false},"author":2,"featured_media":642282,"comment_status":"","ping_status":"","sticky":false,"template":"","format":"standard","meta":{"footnotes":""},"categories":[1589],"tags":[11,73,1866,12,1864,1865,1863,308],"class_list":{"0":"post-642281","1":"post","2":"type-post","3":"status-publish","4":"format-standard","5":"has-post-thumbnail","7":"category-etats-unis","8":"tag-actualites","9":"tag-etats-unis","10":"tag-etats-unis-damerique","11":"tag-news","12":"tag-united-states","13":"tag-united-states-of-america","14":"tag-us","15":"tag-usa"},"share_on_mastodon":{"url":"https:\/\/pubeurope.com\/@fr\/115842086641841994","error":""},"_links":{"self":[{"href":"https:\/\/www.europesays.com\/fr\/wp-json\/wp\/v2\/posts\/642281","targetHints":{"allow":["GET"]}}],"collection":[{"href":"https:\/\/www.europesays.com\/fr\/wp-json\/wp\/v2\/posts"}],"about":[{"href":"https:\/\/www.europesays.com\/fr\/wp-json\/wp\/v2\/types\/post"}],"author":[{"embeddable":true,"href":"https:\/\/www.europesays.com\/fr\/wp-json\/wp\/v2\/users\/2"}],"replies":[{"embeddable":true,"href":"https:\/\/www.europesays.com\/fr\/wp-json\/wp\/v2\/comments?post=642281"}],"version-history":[{"count":0,"href":"https:\/\/www.europesays.com\/fr\/wp-json\/wp\/v2\/posts\/642281\/revisions"}],"wp:featuredmedia":[{"embeddable":true,"href":"https:\/\/www.europesays.com\/fr\/wp-json\/wp\/v2\/media\/642282"}],"wp:attachment":[{"href":"https:\/\/www.europesays.com\/fr\/wp-json\/wp\/v2\/media?parent=642281"}],"wp:term":[{"taxonomy":"category","embeddable":true,"href":"https:\/\/www.europesays.com\/fr\/wp-json\/wp\/v2\/categories?post=642281"},{"taxonomy":"post_tag","embeddable":true,"href":"https:\/\/www.europesays.com\/fr\/wp-json\/wp\/v2\/tags?post=642281"}],"curies":[{"name":"wp","href":"https:\/\/api.w.org\/{rel}","templated":true}]}}