{"id":642297,"date":"2026-01-05T10:54:19","date_gmt":"2026-01-05T10:54:19","guid":{"rendered":"https:\/\/www.europesays.com\/fr\/642297\/"},"modified":"2026-01-05T10:54:19","modified_gmt":"2026-01-05T10:54:19","slug":"maxime-machenaud-va-t-il-rester-en-top-14-le-demi-de-melee-de-bayonne-est-suivi-par-un-club-de-haut-de-tableau","status":"publish","type":"post","link":"https:\/\/www.europesays.com\/fr\/642297\/","title":{"rendered":"Maxime Machenaud va-t-il rester en Top 14 ? Le demi de m\u00eal\u00e9e de Bayonne est suivi par un club de haut de tableau"},"content":{"rendered":"<p style=\"text-align: justify;\"><strong>TRANSFERTS RUGBY \u2013 Selon RugbyPass, la <strong>Section Paloise<\/strong> \u00e9tudie la piste <strong>Maxime Machenaud<\/strong> pour renforcer son poste de demi de m\u00eal\u00e9e. \u00c0 37 ans, l\u2019exp\u00e9rience et le leadership de l\u2019ancien international s\u00e9duisent le club b\u00e9arnais.<\/strong><\/p>\n<p style=\"text-align: justify;\">La <strong>Section Paloise<\/strong> explore plusieurs pistes afin de renforcer son poste de demi de m\u00eal\u00e9e. Outre <a href=\"https:\/\/dicodusport.fr\/blog\/michael-ruru-de-retour-en-top-14-un-gros-club-francais-vise-le-demi-de-melee-de-vannes\/\" target=\"_blank\" rel=\"noopener\"><strong>Michael Ruru<\/strong> (Vannes)<\/a> et <strong>Samuel Marques<\/strong> (B\u00e9ziers), <a href=\"https:\/\/www.rugbypass.com\/fr\/news\/michael-ruru-dans-le-viseur-de-pau-pour-remplacer-dan-robson\/\" target=\"_blank\" rel=\"noopener\">RugbyPass<\/a> affirme qu\u2019un autre nom revient avec insistance : celui de <strong>Maxime Machenaud<\/strong>. \u00c0 37 ans, l\u2019ancien international fran\u00e7ais incarne une solution \u00e0 la fois pragmatique et ambitieuse pour un club en qu\u00eate de stabilit\u00e9 et de ma\u00eetrise.<\/p>\n<p style=\"text-align: justify;\">Alors que Pau s\u2019appuie d\u00e9j\u00e0 sur <a href=\"https:\/\/dicodusport.fr\/blog\/transferts-pau-thibault-daubagna-a-tranche-pour-son-avenir\/\" target=\"_blank\" rel=\"noopener\"><strong>Thibault Daubagna<\/strong><\/a> et <strong>Thomas Souverbie<\/strong>, le staff b\u00e9arnais ne cache pas son int\u00e9r\u00eat pour un profil chevronn\u00e9, capable d\u2019encadrer, de transmettre et de r\u00e9pondre pr\u00e9sent dans les moments charni\u00e8res. L\u2019objectif serait ainsi d\u2019assurer la succession de l\u2019Anglais <a href=\"https:\/\/dicodusport.fr\/blog\/dan-robson-est-convoite-linternational-anglais-va-t-il-quitter-pau\/\" target=\"_blank\" rel=\"noopener\"><strong>Dan Robson<\/strong><\/a>, qui retraversera la Manche \u00e0 l\u2019issue de la saison. Dans ce contexte, <strong>Maxime Machenaud<\/strong> coche de nombreuses cases. Gestionnaire hors pair et strat\u00e8ge reconnu, il poss\u00e8de cette capacit\u00e9 rare \u00e0 dicter le tempo et \u00e0 rassurer ses partenaires lorsque la pression monte.<\/p>\n<p>Machenaud, un d\u00e9part de Bayonne qui se pr\u00e9cise<\/p>\n<p style=\"text-align: justify;\">Longtemps pilier de l\u2019<a href=\"https:\/\/dicodusport.fr\/blog\/transferts-aviron-bayonnais-2026-recrues-departs-et-prolongations\/\" target=\"_blank\" rel=\"noopener\"><strong>Aviron Bayonnais<\/strong><\/a>, avec lequel il arrive en fin de contrat, <strong>Maxime Machenaud<\/strong>, actuellement en convalescence apr\u00e8s une rupture des ligaments crois\u00e9s survenue en octobre dernier, a marqu\u00e9 le Top 14 par sa r\u00e9gularit\u00e9 et son sens du jeu. Son leadership naturel et sa connaissance fine des exigences du championnat constituent des atouts majeurs pour une <strong>Section Paloise<\/strong> d\u00e9sireuse de franchir un cap sans bouleverser ses \u00e9quilibres.<\/p>\n<p style=\"text-align: justify;\">La question de l\u2019\u00e2ge demeure toutefois centrale. \u00c0 <strong>Bayonne<\/strong>, un poste au sein du staff basque a \u00e9t\u00e9 propos\u00e9 \u00e0 l\u2019ancien Racingman, une offre qu\u2019il a d\u00e9clin\u00e9e afin de poursuivre sa carri\u00e8re de joueur. \u00c0 ce stade, <strong>Machenaud<\/strong> ne serait pas envisag\u00e9 comme un titulaire indiscutable sur la dur\u00e9e, mais plut\u00f4t comme un chef d\u2019orchestre ponctuel, capable d\u2019apporter de la s\u00e9r\u00e9nit\u00e9, d\u2019orienter les jeunes talents palois et de s\u00e9curiser les fins de match. Un r\u00f4le hybride, entre terrain et vestiaire, qui correspondrait \u00e0 la philosophie actuelle du club b\u00e9arnais.<\/p>\n<p><a href=\"https:\/\/dicodusport.fr\/blog\/transferts-bayonne-2-autres-clubs-veulent-signer-maxime-machenaud\/\" class=\"vlp-link\" title=\"Transferts Bayonne : 2 autres clubs veulent signer Maxime Machenaud\" target=\"_blank\" rel=\"noopener\"><img loading=\"lazy\" decoding=\"async\" style=\"max-width: 792px;\" width=\"792\" height=\"445\" class=\"attachment-800x445 size-800x445 perfmatters-lazy\" alt=\"\" src=\"https:\/\/www.europesays.com\/fr\/wp-content\/uploads\/2026\/01\/Transferts-Bayonne-2-autres-clubs-veulent-signer-Maxime-Machenaud.png\"  data-\/><\/p>\n<p>Transferts Bayonne : 2 autres clubs veulent signer Maxime Machenaud<\/p>\n<p>TRANSFERTS RUGBY &#8211; Selon le Midi Olympique, deux nouveaux clubs se sont manifest\u00e9s pour signer Maxime Machenaud (Bayonne).<\/p>\n<p>Lire l&rsquo;article<\/p>\n<p>dicodusport.fr<\/p>\n<p style=\"text-align: justify;\">Le pari serait donc mesur\u00e9 : miser sur l\u2019exp\u00e9rience plut\u00f4t que sur un potentiel \u00e0 polir. Pour <strong>Pau<\/strong>, l\u2019\u00e9ventuelle arriv\u00e9e de <strong>Maxime Machenaud<\/strong> rel\u00e8verait moins d\u2019un recrutement de projection, mais avec l\u2019objectif d\u2019\u00e9lever le niveau collectif et d\u2019installer une culture de jeu plus mature.<\/p>\n<p>\n<a href=\"https:\/\/dicodusport.fr\/blog\/offres\/abonnements-sans-pub\/\" target=\"_blank\" rel=\"noopener\"><img loading=\"lazy\" decoding=\"async\" class=\"alignnone size-full wp-image-501284 perfmatters-lazy\" alt=\"\" width=\"1200\" height=\"200\" src=\"https:\/\/www.europesays.com\/fr\/wp-content\/uploads\/2025\/04\/Abonnements-sans-pubs-Dicodusport.png\"\/><\/a><br \/><a href=\"https:\/\/dicodusport.fr\/blog\/offres\/abonnements-sans-pub\/\" target=\"_blank\" rel=\"noopener\"><img loading=\"lazy\" decoding=\"async\" class=\"alignnone size-full wp-image-501296 perfmatters-lazy\" alt=\"\" width=\"400\" height=\"400\" src=\"https:\/\/www.europesays.com\/fr\/wp-content\/uploads\/2025\/04\/Abonnements-sans-pubs-Dicodusport-mobile.png\"\/><\/a><\/p>\n<p style=\"text-align: justify;\">Reste d\u00e9sormais \u00e0 savoir si les discussions iront \u00e0 leur terme. Une chose est s\u00fbre : dans le B\u00e9arn, le profil de <strong>Maxime Machenaud<\/strong> suscite un int\u00e9r\u00eat r\u00e9el, tant pour ce qu\u2019il peut encore apporter ballon en main que pour l\u2019h\u00e9ritage rugbystique qu\u2019il pourrait transmettre. \u00c0 noter que le nom de <strong>Machenaud<\/strong> circule \u00e9galement du c\u00f4t\u00e9 de <strong>Perpignan<\/strong> et <strong>Provence Rugby<\/strong>. Affaire \u00e0 suivre !<\/p>\n<p>Dicodusport vous conseille<br \/>\n<a href=\"https:\/\/dicodusport.fr\/blog\/thomas-gallo-en-france-la-saison-prochaine-le-pilier-gauche-argentin-est-courtise-par-un-club-de-top-14\/\" class=\"vlp-link\" title=\"Thomas Gallo en France la saison prochaine ? Le pilier gauche argentin est courtis\u00e9 par un club de Top 14\" target=\"_blank\" rel=\"noopener\"><img loading=\"lazy\" decoding=\"async\" style=\"max-width: 792px;\" width=\"792\" height=\"445\" class=\"attachment-800x445 size-800x445 perfmatters-lazy\" alt=\"Thomas Gallo en France la saison prochaine ? Le pilier gauche argentin est courtis\u00e9 par un club de Top 14\" src=\"https:\/\/www.europesays.com\/fr\/wp-content\/uploads\/2026\/01\/Thomas-Gallo-en-France-la-saison-prochaine-Le-pilier-gauche-argentin-est-courtise-par-un-club-de-Top.png\"  data-\/><\/p>\n<p>Thomas Gallo en France la saison prochaine ? Le pilier gauche argentin est courtis\u00e9 par un club de Top 14<\/p>\n<p>TRANSFERTS RUGBY &#8211; Membre incontournable du pack des Pumas, le pilier argentin Thomas Gallo pourrait d\u00e9couvrir le Top 14.<\/p>\n<p>Lire l&rsquo;article<\/p>\n<p>dicodusport.fr<\/p>\n","protected":false},"excerpt":{"rendered":"TRANSFERTS RUGBY \u2013 Selon RugbyPass, la Section Paloise \u00e9tudie la piste Maxime Machenaud pour renforcer son poste de&hellip;\n","protected":false},"author":2,"featured_media":642298,"comment_status":"","ping_status":"","sticky":false,"template":"","format":"standard","meta":{"footnotes":""},"categories":[1416],"tags":[2113,1011,27,74907,479,1468,60,478,477],"class_list":{"0":"post-642297","1":"post","2":"type-post","3":"status-publish","4":"format-standard","5":"has-post-thumbnail","7":"category-rugby","8":"tag-breve","9":"tag-fr","10":"tag-france","11":"tag-maxime-machenaud","12":"tag-rugby","13":"tag-rugby-football","14":"tag-sports","15":"tag-top-14","16":"tag-transferts-rugby"},"share_on_mastodon":{"url":"https:\/\/pubeurope.com\/@fr\/115842126148323755","error":""},"_links":{"self":[{"href":"https:\/\/www.europesays.com\/fr\/wp-json\/wp\/v2\/posts\/642297","targetHints":{"allow":["GET"]}}],"collection":[{"href":"https:\/\/www.europesays.com\/fr\/wp-json\/wp\/v2\/posts"}],"about":[{"href":"https:\/\/www.europesays.com\/fr\/wp-json\/wp\/v2\/types\/post"}],"author":[{"embeddable":true,"href":"https:\/\/www.europesays.com\/fr\/wp-json\/wp\/v2\/users\/2"}],"replies":[{"embeddable":true,"href":"https:\/\/www.europesays.com\/fr\/wp-json\/wp\/v2\/comments?post=642297"}],"version-history":[{"count":0,"href":"https:\/\/www.europesays.com\/fr\/wp-json\/wp\/v2\/posts\/642297\/revisions"}],"wp:featuredmedia":[{"embeddable":true,"href":"https:\/\/www.europesays.com\/fr\/wp-json\/wp\/v2\/media\/642298"}],"wp:attachment":[{"href":"https:\/\/www.europesays.com\/fr\/wp-json\/wp\/v2\/media?parent=642297"}],"wp:term":[{"taxonomy":"category","embeddable":true,"href":"https:\/\/www.europesays.com\/fr\/wp-json\/wp\/v2\/categories?post=642297"},{"taxonomy":"post_tag","embeddable":true,"href":"https:\/\/www.europesays.com\/fr\/wp-json\/wp\/v2\/tags?post=642297"}],"curies":[{"name":"wp","href":"https:\/\/api.w.org\/{rel}","templated":true}]}}