{"id":642304,"date":"2026-01-05T11:01:10","date_gmt":"2026-01-05T11:01:10","guid":{"rendered":"https:\/\/www.europesays.com\/fr\/642304\/"},"modified":"2026-01-05T11:01:10","modified_gmt":"2026-01-05T11:01:10","slug":"nagui-ca-se-complique-pour-lanimateur-jean-jacques-goldman-oblige-dintervenir","status":"publish","type":"post","link":"https:\/\/www.europesays.com\/fr\/642304\/","title":{"rendered":"Nagui : \u00ab\u00a0\u00e7a se complique\u00a0\u00bb pour l\u2019animateur, Jean-Jacques Goldman oblig\u00e9 d\u2019intervenir"},"content":{"rendered":"<p>      R\u00e9sum\u00e9<\/p>\n<p>Face \u00e0 des d\u00e9buts difficiles, Nagui a re\u00e7u une aide pr\u00e9cieuse et g\u00e9n\u00e9reuse de Jean-Jacques Goldman pour sauver l&rsquo;\u00e9mission Taratata d&rsquo;une annulation certaine.<\/p>\n<p>        Sommaire<\/p>\n<p>Lanc\u00e9 en 1993, <strong>Taratata n&rsquo;a pas connu des d\u00e9buts faciles<\/strong>. D\u00e8s la deuxi\u00e8me \u00e9mission, l&rsquo;annulation d&rsquo;un artiste a sem\u00e9 le doute, au point que <strong>la cha\u00eene envisageait s\u00e9rieusement de remplacer le programme<\/strong> par un t\u00e9l\u00e9film. <\/p>\n<p>Refusant de baisser les bras, <a href=\"https:\/\/www.public.fr\/tag\/nagui\" target=\"_blank\" rel=\"noopener\"><strong>Nagui<\/strong><\/a>, pr\u00eat \u00e0 tout pour maintenir son programme \u00e0 l&rsquo;antenne, a alors d\u00e9cid\u00e9 de contacter celui qu&rsquo;il consid\u00e9rait comme \u00ab\u00a0LA star de l&rsquo;\u00e9poque\u00a0\u00bb : <a href=\"https:\/\/www.public.fr\/tag\/jean-jacques-goldman\" target=\"_blank\" rel=\"noopener\"><strong>Jean-Jacques Goldman<\/strong><\/a>. Une anecdote qu&rsquo;il a racont\u00e9e ce dimanche 4 janvier 2026 sur le plateau de <a href=\"https:\/\/x.com\/20h30_france2\">20h30 le dimanche<\/a>.<\/p>\n<p>Nagui sauv\u00e9 par Jean-Jacques Goldman<\/p>\n<p>\u00ab\u00a0<strong>Quand je demande \u00e0 Jean-Jacques de venir nous sauver, il me dit : &lsquo;\u00c9coute, j&rsquo;ai d\u00e9j\u00e0 fait le g\u00e9n\u00e9rique, l\u00e0 tu m&rsquo;en demandes trop&rsquo;<\/strong>\u00ab\u00a0, s&rsquo;est souvenu l&rsquo;animateur vedette. <\/p>\n<p>\u00c0 l&rsquo;\u00e9poque, l&rsquo;ensemble du groupe \u00e9tait visiblement en vacances. Carole Fredericks se trouvait en effet aux \u00c9tats-Unis tandis que Michael Jones profitait d&rsquo;un s\u00e9jour au ski. <\/p>\n<p>\u00ab\u00a0<strong>Ce n&rsquo;est pas possible de r\u00e9unir les musiciens<\/strong>\u00ab\u00a0, avait ainsi expliqu\u00e9 Jean-Jacques Goldman. Malgr\u00e9 cela, il avait tout de m\u00eame trouv\u00e9 une solution pour que l&rsquo;\u00e9quipe ne se retrouve pas dans une impasse : \u00ab\u00a036 heures apr\u00e8s, il m&rsquo;appelle et me demande si j&rsquo;ai trouv\u00e9 quelqu&rsquo;un. Non, \u00e9videmment que j&rsquo;ai trouv\u00e9 personne\u00a0\u00bb, a ajout\u00e9 Nagui. <\/p>\n<p>Un artiste d&rsquo;une grande g\u00e9n\u00e9rosit\u00e9<\/p>\n<p>L&rsquo;interpr\u00e8te de Quand la musique est bonne s&rsquo;est alors <strong>propos\u00e9 de venir \u00ab\u00a0seul avec (s)a guitare\u00a0\u00bb<\/strong>. Mais une fois arriv\u00e9 sur le plateau, il a finalement demand\u00e9 au pr\u00e9sentateur d\u2019aller chercher ses musiciens. <\/p>\n<p>\u00ab\u00a0<strong>Il avait contact\u00e9 tous ses musiciens<\/strong>\u00ab\u00a0, a confi\u00e9 Nagui : \u00ab\u00a0<strong>Il a senti que j&rsquo;\u00e9tais vraiment dans la merde et il est all\u00e9 encore plus loin que ce que l&rsquo;on pouvait imaginer. Il a m\u00eame pay\u00e9 le cachet de ses musiciens pour venir faire l&rsquo;\u00e9mission. Comment ne pas aimer un homme comme lui ? Impossible<\/strong>\u00ab\u00a0. <\/p>\n<p>Une chose est s\u00fbre, c&rsquo;est que cette histoire montre \u00e0 quel point Jean-Jacques Goldman, par sa g\u00e9n\u00e9rosit\u00e9 et son engagement, a sauv\u00e9 Taratata et marqu\u00e9 durablement l&rsquo;\u00e9mission de son empreinte.<\/p>\n<blockquote class=\"twitter-tweet\"><p>&#13;<\/p>\n<p>Tweet relatif \u00e0 Nagui : \u00ab\u00a0\u00e7a se complique\u00a0\u00bb pour l\u2019animateur, Jean-Jacques Goldman oblig\u00e9 d\u2019intervenir<\/p>\n<p>&#13;<br \/>\n        <a href=\"https:\/\/twitter.com\/20h30_france2\/status\/2007900111817330971?s=46&amp;t=tACR5TX0SDWpuFK4W2ZgfA\" target=\"_blank\" rel=\"noopener\">&#13;<br \/>\n            Voir cette publication sur Twitter&#13;<br \/>\n        <\/a>&#13;\n    <\/p><\/blockquote>\n<p>\n          Hits &amp; People en continu\n        <\/p>\n<p>\n          Public Radio\n        <\/p>\n<p>      Mentionn\u00e9s dans cet article<\/p>\n<p>      Sur le m\u00eame sujet<\/p>\n<p>  <script async src=\"https:\/\/platform.twitter.com\/widgets.js\" charset=\"utf-8\"><\/script><\/p>\n","protected":false},"excerpt":{"rendered":"R\u00e9sum\u00e9 Face \u00e0 des d\u00e9buts difficiles, Nagui a re\u00e7u une aide pr\u00e9cieuse et g\u00e9n\u00e9reuse de Jean-Jacques Goldman pour&hellip;\n","protected":false},"author":2,"featured_media":642305,"comment_status":"","ping_status":"","sticky":false,"template":"","format":"standard","meta":{"footnotes":""},"categories":[1359],"tags":[33995,58,59,1011,27,7195,10477,973,68367],"class_list":{"0":"post-642304","1":"post","2":"type-post","3":"status-publish","4":"format-standard","5":"has-post-thumbnail","7":"category-people","8":"tag-20-h-30-le-dimanche","9":"tag-divertissement","10":"tag-entertainment","11":"tag-fr","12":"tag-france","13":"tag-jean-jacques-goldman","14":"tag-nagui","15":"tag-people","16":"tag-taratata"},"share_on_mastodon":{"url":"https:\/\/pubeurope.com\/@fr\/115842153494682539","error":""},"_links":{"self":[{"href":"https:\/\/www.europesays.com\/fr\/wp-json\/wp\/v2\/posts\/642304","targetHints":{"allow":["GET"]}}],"collection":[{"href":"https:\/\/www.europesays.com\/fr\/wp-json\/wp\/v2\/posts"}],"about":[{"href":"https:\/\/www.europesays.com\/fr\/wp-json\/wp\/v2\/types\/post"}],"author":[{"embeddable":true,"href":"https:\/\/www.europesays.com\/fr\/wp-json\/wp\/v2\/users\/2"}],"replies":[{"embeddable":true,"href":"https:\/\/www.europesays.com\/fr\/wp-json\/wp\/v2\/comments?post=642304"}],"version-history":[{"count":0,"href":"https:\/\/www.europesays.com\/fr\/wp-json\/wp\/v2\/posts\/642304\/revisions"}],"wp:featuredmedia":[{"embeddable":true,"href":"https:\/\/www.europesays.com\/fr\/wp-json\/wp\/v2\/media\/642305"}],"wp:attachment":[{"href":"https:\/\/www.europesays.com\/fr\/wp-json\/wp\/v2\/media?parent=642304"}],"wp:term":[{"taxonomy":"category","embeddable":true,"href":"https:\/\/www.europesays.com\/fr\/wp-json\/wp\/v2\/categories?post=642304"},{"taxonomy":"post_tag","embeddable":true,"href":"https:\/\/www.europesays.com\/fr\/wp-json\/wp\/v2\/tags?post=642304"}],"curies":[{"name":"wp","href":"https:\/\/api.w.org\/{rel}","templated":true}]}}