{"id":642306,"date":"2026-01-05T11:02:29","date_gmt":"2026-01-05T11:02:29","guid":{"rendered":"https:\/\/www.europesays.com\/fr\/642306\/"},"modified":"2026-01-05T11:02:29","modified_gmt":"2026-01-05T11:02:29","slug":"la-future-maison-alix-recoit-25-000e-pour-la-sauvegarde-du-fond-photographique","status":"publish","type":"post","link":"https:\/\/www.europesays.com\/fr\/642306\/","title":{"rendered":"La future Maison Alix re\u00e7oit 25\u00a0000\u20ac pour la sauvegarde du fond photographique"},"content":{"rendered":"<p>\n                                                                    l&rsquo;essentiel<\/p>\n<p>Le Fonds Impact r\u00e9gional de la Fondation du Patrimoine vient de distinguer la Maison Alix en lui attribuant 25\u00a0000\u00a0euros pour la pr\u00e9servation de son fonds photographique.\n                            <\/p>\n<p>\u00c0 Bagn\u00e8res-de-Bigorre, un pan entier de l\u2019histoire pyr\u00e9n\u00e9enne s\u2019appr\u00eate \u00e0 changer de maison. Et pas n\u2019importe laquelle. L\u2019ancien palais de justice, b\u00e2timent embl\u00e9matique du centre-ville, s\u2019appr\u00eate \u00e0 devenir un lieu d\u00e9di\u00e9 \u00e0 la photographie, \u00e0 la transmission et \u00e0 la cr\u00e9ation contemporaine\u00a0: la Maison Alix.<\/p>\n<p>Bonne nouvelle pour ce projet ambitieux, la structure vient de b\u00e9n\u00e9ficier d\u2019un nouveau soutien financier de 25\u00a0000\u00a0euros dans le cadre du Fonds Impact r\u00e9gional, port\u00e9 par la d\u00e9l\u00e9gation Occitanie-Pyr\u00e9n\u00e9es de la Fondation du Patrimoine. Une aide pr\u00e9cieuse, d\u00e9di\u00e9e cette fois \u00e0 la pr\u00e9servation d\u2019un fonds photographique exceptionnel.<\/p>\n<p>Sauvegarder des images fragiles, t\u00e9moins du pass\u00e9<\/p>\n<p>Ce financement permettra de mener un chantier annuel des collections, indispensable \u00e0 la sauvegarde des photographies anciennes. Au programme\u00a0: restauration, d\u00e9poussi\u00e9rage minutieux, reconditionnement dans des pochettes et bo\u00eetes adapt\u00e9es, mais aussi analyse des supports, identification des proc\u00e9d\u00e9s photographiques, recherches historiques, classement, inventaire et num\u00e9risation.<\/p>\n<p>Certaines images, tr\u00e8s anciennes, n\u00e9cessitent une attention particuli\u00e8re, notamment les n\u00e9gatifs nitrate, dont l\u2019identification et le traitement s\u2019inscrivent dans un travail de longue haleine. Les priorit\u00e9s seront d\u00e9finies chaque ann\u00e9e en fonction de l\u2019\u00e9tat de conservation des pi\u00e8ces, avec un objectif clair\u00a0: garantir la s\u00e9curit\u00e9 et la transmission de ce patrimoine fragile.<\/p>\n<p>Une vaste campagne de d\u00e9poussi\u00e9rage et de mise en caisses est d\u2019ores et d\u00e9j\u00e0 pr\u00e9vue pour 2026, en amont du d\u00e9m\u00e9nagement des collections vers leur futur \u00e9crin.<\/p>\n<p>Un lieu vivant au c\u0153ur des Pyr\u00e9n\u00e9es<\/p>\n<p>Au-del\u00e0 de la conservation, la Maison Alix se veut r\u00e9solument tourn\u00e9e vers l\u2019avenir. Pens\u00e9 comme un lieu vivant, le futur p\u00f4le photographique accueillera expositions, ateliers, r\u00e9sidences d\u2019artistes et actions de m\u00e9diation. L\u2019ambition\u00a0: faire dialoguer le patrimoine photographique pyr\u00e9n\u00e9en avec les regards contemporains.<\/p>\n<p>Artistes, chercheurs, habitants et passionn\u00e9s d\u2019histoire locale sont appel\u00e9s \u00e0 se rencontrer autour de ce fonds unique, pour en r\u00e9v\u00e9ler toute la richesse et les multiples lectures possibles.<\/p>\n<p>La Fondation du Patrimoine a d\u00e9j\u00e0 mobilis\u00e9 125\u00a0000\u00a0euros pour accompagner la r\u00e9habilitation de l\u2019ancien tribunal et la sauvegarde du fonds. Mais le chantier reste d\u2019envergure\u00a0: le projet global repr\u00e9sente un investissement de plus de 3\u00a0millions d\u2019euros. Un appel aux dons est donc lanc\u00e9, ouvert aussi bien aux particuliers qu\u2019aux m\u00e9c\u00e8nes.<\/p>\n<p>\u00c0 Bagn\u00e8res-de-Bigorre, la photographie ne se contente plus de raconter le pass\u00e9. Elle s\u2019appr\u00eate \u00e0 \u00e9crire une nouvelle page, entre m\u00e9moire, cr\u00e9ation et partage.<\/p>\n<p>\u00c0 propos du Fonds Impact R\u00e9gional<\/p>\n<p>Cr\u00e9\u00e9 en 2024 par la D\u00e9l\u00e9gation Occitanie-Pyr\u00e9n\u00e9es, le Fonds Impact r\u00e9gional permet d\u2019encourager et de soutenir des projets de r\u00e9habilitations d\u2019\u00e9difices patrimoniaux, exemplaires par leur impact positif direct sur le territoire. En effet, une fois restaur\u00e9s, ces sites contribueront \u00e0 la vitalit\u00e9 et au dynamisme de la r\u00e9gion.\u00a0Cr\u00e9\u00e9 en 2024 par la D\u00e9l\u00e9gation Occitanie-Pyr\u00e9n\u00e9es, le Fonds Impact r\u00e9gional permet d\u2019encourager et de soutenir des projets de r\u00e9habilitations d\u2019\u00e9difices patrimoniaux, exemplaires par leur impact positif direct sur le territoire.<\/p>\n","protected":false},"excerpt":{"rendered":"l&rsquo;essentiel Le Fonds Impact r\u00e9gional de la Fondation du Patrimoine vient de distinguer la Maison Alix en lui&hellip;\n","protected":false},"author":2,"featured_media":642307,"comment_status":"","ping_status":"","sticky":false,"template":"","format":"standard","meta":{"footnotes":""},"categories":[1358],"tags":[1348,1384,1385,69876,872,1386,58,59,1011,27,4973,2551],"class_list":{"0":"post-642306","1":"post","2":"type-post","3":"status-publish","4":"format-standard","5":"has-post-thumbnail","7":"category-arts-et-design","8":"tag-arts","9":"tag-arts-and-design","10":"tag-arts-et-design","11":"tag-bagneresdebigorre","12":"tag-culture-et-loisirs","13":"tag-design","14":"tag-divertissement","15":"tag-entertainment","16":"tag-fr","17":"tag-france","18":"tag-hautes-pyrenees","19":"tag-patrimoine"},"share_on_mastodon":{"url":"https:\/\/pubeurope.com\/@fr\/115842157323514227","error":""},"_links":{"self":[{"href":"https:\/\/www.europesays.com\/fr\/wp-json\/wp\/v2\/posts\/642306","targetHints":{"allow":["GET"]}}],"collection":[{"href":"https:\/\/www.europesays.com\/fr\/wp-json\/wp\/v2\/posts"}],"about":[{"href":"https:\/\/www.europesays.com\/fr\/wp-json\/wp\/v2\/types\/post"}],"author":[{"embeddable":true,"href":"https:\/\/www.europesays.com\/fr\/wp-json\/wp\/v2\/users\/2"}],"replies":[{"embeddable":true,"href":"https:\/\/www.europesays.com\/fr\/wp-json\/wp\/v2\/comments?post=642306"}],"version-history":[{"count":0,"href":"https:\/\/www.europesays.com\/fr\/wp-json\/wp\/v2\/posts\/642306\/revisions"}],"wp:featuredmedia":[{"embeddable":true,"href":"https:\/\/www.europesays.com\/fr\/wp-json\/wp\/v2\/media\/642307"}],"wp:attachment":[{"href":"https:\/\/www.europesays.com\/fr\/wp-json\/wp\/v2\/media?parent=642306"}],"wp:term":[{"taxonomy":"category","embeddable":true,"href":"https:\/\/www.europesays.com\/fr\/wp-json\/wp\/v2\/categories?post=642306"},{"taxonomy":"post_tag","embeddable":true,"href":"https:\/\/www.europesays.com\/fr\/wp-json\/wp\/v2\/tags?post=642306"}],"curies":[{"name":"wp","href":"https:\/\/api.w.org\/{rel}","templated":true}]}}