{"id":642308,"date":"2026-01-05T11:04:13","date_gmt":"2026-01-05T11:04:13","guid":{"rendered":"https:\/\/www.europesays.com\/fr\/642308\/"},"modified":"2026-01-05T11:04:13","modified_gmt":"2026-01-05T11:04:13","slug":"arte-journal-04-01-2026-incarceration-de-maduro-reactions-internationales-regarder-lemission-complete","status":"publish","type":"post","link":"https:\/\/www.europesays.com\/fr\/642308\/","title":{"rendered":"ARTE Journal &#8211; 04\/01\/2026 &#8211; Incarc\u00e9ration de Maduro \/ R\u00e9actions internationales &#8211; Regarder l\u2019\u00e9mission compl\u00e8te"},"content":{"rendered":"<p>Le pr\u00e9sident d\u00e9chu du Venezuela, Nicolas Maduro, est incarc\u00e9r\u00e9 \u00e0 New York et poursuivi pour\u00a0 \u00ab\u00a0narcoterrorisme\u00a0\u00bb \/\u00a0Apr\u00e8s l&rsquo;op\u00e9ration militaire am\u00e9ricaine, les V\u00e9n\u00e9zu\u00e9liens sont sous le choc. La diaspora, elle, exprime sa joie et son espoir de rentrer au pays \/ La communaut\u00e9 internationale reste divis\u00e9e sur la strat\u00e9gie am\u00e9ricaine : est-ce la retour de la loi du plus fort ?<\/p>\n","protected":false},"excerpt":{"rendered":"Le pr\u00e9sident d\u00e9chu du Venezuela, Nicolas Maduro, est incarc\u00e9r\u00e9 \u00e0 New York et poursuivi pour\u00a0 \u00ab\u00a0narcoterrorisme\u00a0\u00bb \/\u00a0Apr\u00e8s l&rsquo;op\u00e9ration&hellip;\n","protected":false},"author":2,"featured_media":642309,"comment_status":"","ping_status":"","sticky":false,"template":"","format":"standard","meta":{"footnotes":""},"categories":[1356],"tags":[58,59,1011,27,252,1364],"class_list":{"0":"post-642308","1":"post","2":"type-post","3":"status-publish","4":"format-standard","5":"has-post-thumbnail","7":"category-television","8":"tag-divertissement","9":"tag-entertainment","10":"tag-fr","11":"tag-france","12":"tag-television","13":"tag-tv"},"share_on_mastodon":{"url":"https:\/\/pubeurope.com\/@fr\/115842165334478106","error":""},"_links":{"self":[{"href":"https:\/\/www.europesays.com\/fr\/wp-json\/wp\/v2\/posts\/642308","targetHints":{"allow":["GET"]}}],"collection":[{"href":"https:\/\/www.europesays.com\/fr\/wp-json\/wp\/v2\/posts"}],"about":[{"href":"https:\/\/www.europesays.com\/fr\/wp-json\/wp\/v2\/types\/post"}],"author":[{"embeddable":true,"href":"https:\/\/www.europesays.com\/fr\/wp-json\/wp\/v2\/users\/2"}],"replies":[{"embeddable":true,"href":"https:\/\/www.europesays.com\/fr\/wp-json\/wp\/v2\/comments?post=642308"}],"version-history":[{"count":0,"href":"https:\/\/www.europesays.com\/fr\/wp-json\/wp\/v2\/posts\/642308\/revisions"}],"wp:featuredmedia":[{"embeddable":true,"href":"https:\/\/www.europesays.com\/fr\/wp-json\/wp\/v2\/media\/642309"}],"wp:attachment":[{"href":"https:\/\/www.europesays.com\/fr\/wp-json\/wp\/v2\/media?parent=642308"}],"wp:term":[{"taxonomy":"category","embeddable":true,"href":"https:\/\/www.europesays.com\/fr\/wp-json\/wp\/v2\/categories?post=642308"},{"taxonomy":"post_tag","embeddable":true,"href":"https:\/\/www.europesays.com\/fr\/wp-json\/wp\/v2\/tags?post=642308"}],"curies":[{"name":"wp","href":"https:\/\/api.w.org\/{rel}","templated":true}]}}