{"id":642314,"date":"2026-01-05T11:07:11","date_gmt":"2026-01-05T11:07:11","guid":{"rendered":"https:\/\/www.europesays.com\/fr\/642314\/"},"modified":"2026-01-05T11:07:11","modified_gmt":"2026-01-05T11:07:11","slug":"ce-signal-precoce-dalzheimer-que-la-science-explore","status":"publish","type":"post","link":"https:\/\/www.europesays.com\/fr\/642314\/","title":{"rendered":"ce signal pr\u00e9coce d\u2019Alzheimer que la science explore"},"content":{"rendered":"<p>La <a href=\"https:\/\/www.futura-sciences.com\/sante\/actualites\/cerveau-alzheimer-aurait-lien-sante-bucco-dentaire-74867\/\" title=\"Alzheimer aurait un lien avec la sant\u00e9 bucco-dentaire\" target=\"_blank\" rel=\"noopener\">maladie d&rsquo;Alzheimer<\/a> pourrait \u00eatre bien plus qu&rsquo;une simple d\u00e9g\u00e9n\u00e9rescence c\u00e9r\u00e9brale. Depuis plusieurs ann\u00e9es, une hypoth\u00e8se gagne du terrain dans la communaut\u00e9 scientifique : et si Alzheimer \u00e9tait en r\u00e9alit\u00e9 une infection ? Une \u00e9tude publi\u00e9e en 2019, dans <a href=\"https:\/\/www.science.org\/doi\/10.1126\/sciadv.aau3333\" title=\"Porphyromonas gingivalis in Alzheimer\u2019s disease brains: Evidence for disease causation and treatment with small-molecule inhibitors\" target=\"_blank\" rel=\"noopener\">Science Advances<\/a>, a d\u00e9voil\u00e9 des r\u00e9sultats particuli\u00e8rement intrigants, pointant vers une source inattendue : notre <a href=\"https:\/\/www.futura-sciences.com\/sante\/dossiers\/dents-dents-sante-buccodentaire-1287\/page\/2\/\" title=\"La cavit\u00e9 buccale en d\u00e9tail\" target=\"_blank\" rel=\"noopener\">cavit\u00e9 buccale<\/a>. Cette d\u00e9couverte ouvre de nouvelles perspectives th\u00e9rapeutiques dans un domaine o\u00f9 aucun traitement significatif n&rsquo;a \u00e9merg\u00e9 depuis plus de quinze ans.<\/p>\n<p>La bact\u00e9rie buccale qui s&rsquo;infiltre dans le cerveau<\/p>\n<p>L&rsquo;\u00e9quipe dirig\u00e9e par Jan Potempa, microbiologiste \u00e0 l&rsquo;Universit\u00e9 de Louisville, a fait une d\u00e9couverte majeure en identifiant la pr\u00e9sence de Porphyromonas gingivalis dans le cerveau de personnes d\u00e9c\u00e9d\u00e9es d&rsquo;Alzheimer. Cette bact\u00e9rie, principalement connue comme l&rsquo;agent pathog\u00e8ne responsable des <a href=\"https:\/\/www.futura-sciences.com\/sante\/dossiers\/dents-dents-sante-buccodentaire-1287\/page\/6\/\" title=\"Gingivite et poche parodontale : des maladies parodontales r\u00e9pandues\" target=\"_blank\" rel=\"noopener\">maladies parodontales<\/a> chroniques, semble capable de franchir la barri\u00e8re h\u00e9mato-enc\u00e9phalique pour coloniser notre cerveau.<\/p>\n<p>Des exp\u00e9riences compl\u00e9mentaires men\u00e9es sur des souris ont renforc\u00e9 cette hypoth\u00e8se. Apr\u00e8s avoir infect\u00e9 oralement ces <a href=\"https:\/\/www.futura-sciences.com\/planete\/definitions\/zoologie-rongeur-2402\/\" target=\"_blank\" rel=\"noopener\">rongeurs<\/a> avec P. gingivalis, les chercheurs ont observ\u00e9 une colonisation bact\u00e9rienne du cerveau, accompagn\u00e9e d&rsquo;une augmentation significative de la production de prot\u00e9ines <a href=\"https:\/\/www.futura-sciences.com\/sante\/definitions\/biologie-plaque-amyloide-11751\/\" target=\"_blank\" rel=\"noopener\">b\u00eata-amylo\u00efdes<\/a>, ces substances collantes caract\u00e9ristiques de la <a href=\"https:\/\/www.futura-sciences.com\/sante\/definitions\/medecine-maladie-alzheimer-3606\/\" target=\"_blank\" rel=\"noopener\">maladie d&rsquo;Alzheimer<\/a>.<\/p>\n<p>Cette recherche, coordonn\u00e9e par la <a href=\"https:\/\/www.futura-sciences.com\/tech\/definitions\/tech-start-up-15740\/\" target=\"_blank\" rel=\"noopener\">start-up<\/a> pharmaceutique Cortexyme cofond\u00e9e par Stephen Dominy, ne pr\u00e9tend pas apporter une preuve d\u00e9finitive, mais elle constitue l&rsquo;indice le plus <a href=\"https:\/\/www.futura-sciences.com\/sciences\/definitions\/chimie-solide-15332\/\" target=\"_blank\" rel=\"noopener\">solide<\/a> \u00e0 ce jour d&rsquo;un lien causal entre cette bact\u00e9rie et la <a href=\"https:\/\/www.futura-sciences.com\/sante\/actualites\/maladie-alzheimer-confirmation-role-microbiote-intestinal-apparition-maladie-alzheimer-105864\/\" title=\"Confirmation du r\u00f4le du microbiote intestinal dans l&#039;apparition de la maladie d\u2019Alzheimer\" target=\"_blank\" rel=\"noopener\">maladie d&rsquo;Alzheimer<\/a>.<\/p>\n<p class=\"fs-media\">\n<p><img decoding=\"async\" data-imgid=\"full\" src=\"https:\/\/www.europesays.com\/fr\/wp-content\/uploads\/2026\/01\/alzheimer-bacteries-bouche-.png\" width=\"1080\" height=\"720\" alt=\"\" loading=\"lazy\"\/><br \/>\nDes chercheurs pointent une bact\u00e9rie buccale comme cause possible de la maladie d&rsquo;Alzheimer. \u00a9 pocketlight, iStock<\/p>\n<p>Des enzymes toxiques r\u00e9v\u00e9latrices<\/p>\n<p>Au-del\u00e0 de la pr\u00e9sence bact\u00e9rienne, l&rsquo;\u00e9quipe a identifi\u00e9 des <a href=\"https:\/\/www.futura-sciences.com\/sciences\/definitions\/chimie-enzyme-710\/\" target=\"_blank\" rel=\"noopener\">enzymes<\/a> toxiques appel\u00e9es \u00ab gingipa\u00efnes \u00bb\u00a0s\u00e9cr\u00e9t\u00e9es par P. gingivalis dans le cerveau des patients Alzheimer. Ces enzymes \u00e9taient corr\u00e9l\u00e9es \u00e0 deux marqueurs distincts de la maladie : la <a href=\"https:\/\/www.futura-sciences.com\/sante\/definitions\/medecine-proteine-tau-15858\/\" target=\"_blank\" rel=\"noopener\">prot\u00e9ine tau<\/a> et une prot\u00e9ine marqueur nomm\u00e9e <a href=\"https:\/\/www.futura-sciences.com\/sante\/definitions\/biologie-ubiquitine-4310\/\" target=\"_blank\" rel=\"noopener\">ubiquitine<\/a>.<\/p>\n<p>La d\u00e9couverte la plus troublante fut peut-\u00eatre la pr\u00e9sence de ces gingipa\u00efnes toxiques dans le cerveau de personnes d\u00e9c\u00e9d\u00e9es n&rsquo;ayant jamais re\u00e7u de <a href=\"https:\/\/www.futura-sciences.com\/sante\/actualites\/vie-criteres-diagnostic-maladie-alzheimer-stade-precoce-3528\/\" title=\"Crit\u00e8res de diagnostic de la maladie d&#039;Alzheimer \u00e0 un stade pr\u00e9coce\" target=\"_blank\" rel=\"noopener\">diagnostic d&rsquo;Alzheimer<\/a>. Ce fait pourrait constituer un \u00e9l\u00e9ment crucial, sugg\u00e9rant que ces individus auraient potentiellement d\u00e9velopp\u00e9 la maladie s&rsquo;ils avaient v\u00e9cu plus longtemps.<\/p>\n<p>Cette observation r\u00e9pond \u00e9galement \u00e0 une question fondamentale qui persistait jusqu&rsquo;alors : la maladie parodontale cause-t-elle Alzheimer ou est-ce la <a href=\"https:\/\/www.futura-sciences.com\/sante\/definitions\/medecine-demence-3227\/\" target=\"_blank\" rel=\"noopener\">d\u00e9mence<\/a> qui entra\u00eene une mauvaise hygi\u00e8ne bucco-dentaire ? Les chercheurs affirment que \u00ab l&rsquo;infection c\u00e9r\u00e9brale par P. gingivalis n&rsquo;est pas le r\u00e9sultat de soins dentaires d\u00e9ficients suite \u00e0 l&rsquo;apparition de la d\u00e9mence, mais un \u00e9v\u00e9nement pr\u00e9coce pouvant expliquer la <a href=\"https:\/\/www.futura-sciences.com\/sante\/definitions\/medecine-pathologie-2800\/\" target=\"_blank\" rel=\"noopener\">pathologie<\/a> observ\u00e9e chez des individus d&rsquo;\u00e2ge moyen avant le d\u00e9clin cognitif \u00bb.<\/p>\n<p>Une piste th\u00e9rapeutique prometteuse<\/p>\n<p>L&rsquo;\u00e9tude ne s&rsquo;est pas arr\u00eat\u00e9e au <a href=\"https:\/\/www.futura-sciences.com\/sante\/definitions\/medecine-diagnostic-2662\/\" target=\"_blank\" rel=\"noopener\">diagnostic<\/a>. Les chercheurs ont \u00e9galement test\u00e9 un compos\u00e9 appel\u00e9 COR388, d\u00e9velopp\u00e9 par Cortexyme, qui a montr\u00e9 des r\u00e9sultats encourageants chez les souris. Ce compos\u00e9 a permis de r\u00e9duire la charge bact\u00e9rienne d&rsquo;une infection c\u00e9r\u00e9brale \u00e9tablie par P. gingivalis, tout en diminuant la production de b\u00eata-amylo\u00efde et la neuroinflammation.<\/p>\n<p>            <img decoding=\"async\" data-imgid=\"sm\" src=\"https:\/\/www.europesays.com\/fr\/wp-content\/uploads\/2026\/01\/canonique-1287.jpg\" width=\"320\" height=\"320\" alt=\"La sant\u00e9 buccodentaire.\u00a0\u00a9 Gadini - Domaine public\" loading=\"lazy\"\/><\/p>\n<p>\n                Tags :<br \/>\n\tsante<\/p>\n<p><a href=\"https:\/\/www.futura-sciences.com\/sante\/dossiers\/dents-dents-sante-buccodentaire-1287\/\" class=\"article-link\" target=\"_blank\" rel=\"noopener\"><\/p>\n<p>        Dossier &#8211; Dents : la sant\u00e9 buccodentaire<\/p>\n<p><\/a><\/p>\n<p>        Lire l&rsquo;article <\/p>\n<p>Bien que ces r\u00e9sultats pr\u00e9liminaires ne concernent que des <a href=\"https:\/\/www.futura-sciences.com\/sante\/definitions\/biologie-murin-10444\/\" target=\"_blank\" rel=\"noopener\">mod\u00e8les murins<\/a>, ils suscitent un optimisme prudent dans la communaut\u00e9 scientifique. David Reynolds, directeur scientifique d&rsquo;Alzheimer&rsquo;s Research, a soulign\u00e9 l&rsquo;importance d&rsquo;examiner toutes les approches possibles face \u00e0 l&rsquo;absence de nouveaux traitements depuis plus de quinze ans.<\/p>\n<p>Cette d\u00e9couverte pourrait transformer notre approche de la <a href=\"https:\/\/www.futura-sciences.com\/planete\/definitions\/developpement-durable-prevention-6509\/\" target=\"_blank\" rel=\"noopener\">pr\u00e9vention<\/a> et du traitement de la maladie d&rsquo;Alzheimer, en pla\u00e7ant l&rsquo;<a href=\"https:\/\/www.futura-sciences.com\/sante\/actualites\/cerveau-alzheimer-aurait-lien-sante-bucco-dentaire-74867\/\" title=\"Alzheimer aurait un lien avec la sant\u00e9 bucco-dentaire\" target=\"_blank\" rel=\"noopener\">hygi\u00e8ne bucco-dentaire<\/a> au premier plan des strat\u00e9gies pr\u00e9ventives. Elle rappelle \u00e9galement l&rsquo;importance des soins dentaires r\u00e9guliers, non seulement pour notre sant\u00e9 buccale, mais potentiellement aussi pour la protection de notre cerveau contre cette maladie d\u00e9vastatrice.<\/p>\n<p>La route vers un traitement efficace reste longue, mais cette piste infectieuse pourrait bien constituer le <a href=\"https:\/\/www.futura-sciences.com\/sante\/definitions\/biologie-chainon-manquant-7459\/\" target=\"_blank\" rel=\"noopener\">cha\u00eenon manquant<\/a> dans notre compr\u00e9hension de l&rsquo;Alzheimer.<\/p>\n","protected":false},"excerpt":{"rendered":"La maladie d&rsquo;Alzheimer pourrait \u00eatre bien plus qu&rsquo;une simple d\u00e9g\u00e9n\u00e9rescence c\u00e9r\u00e9brale. Depuis plusieurs ann\u00e9es, une hypoth\u00e8se gagne du&hellip;\n","protected":false},"author":2,"featured_media":642315,"comment_status":"","ping_status":"","sticky":false,"template":"","format":"standard","meta":{"footnotes":""},"categories":[10],"tags":[18205,69037,74911,286,74908,281,1011,27,74913,72,65714,13849,278,70049,74587,65724,12966,74910,74909,74912,71,74914],"class_list":{"0":"post-642314","1":"post","2":"type-post","3":"status-publish","4":"format-standard","5":"has-post-thumbnail","7":"category-sante","8":"tag-bacteries","9":"tag-bouche","10":"tag-cavite-buccale","11":"tag-declin-cognitif","12":"tag-degenerescence-cerebrale","13":"tag-demence","14":"tag-fr","15":"tag-france","16":"tag-gingipaine","17":"tag-health","18":"tag-hygiene-bucco-dentaire","19":"tag-infection","20":"tag-les-tendances","21":"tag-maladie-d039alzheimer","22":"tag-maladie-parodontale","23":"tag-maladies-gingivales","24":"tag-maladies-neurodegeneratives","25":"tag-parondotologie","26":"tag-porphyromonas-gingivalis","27":"tag-proteine-beta-amyloide","28":"tag-sante","29":"tag-sante-buccale"},"share_on_mastodon":{"url":"https:\/\/pubeurope.com\/@fr\/115842177195316244","error":""},"_links":{"self":[{"href":"https:\/\/www.europesays.com\/fr\/wp-json\/wp\/v2\/posts\/642314","targetHints":{"allow":["GET"]}}],"collection":[{"href":"https:\/\/www.europesays.com\/fr\/wp-json\/wp\/v2\/posts"}],"about":[{"href":"https:\/\/www.europesays.com\/fr\/wp-json\/wp\/v2\/types\/post"}],"author":[{"embeddable":true,"href":"https:\/\/www.europesays.com\/fr\/wp-json\/wp\/v2\/users\/2"}],"replies":[{"embeddable":true,"href":"https:\/\/www.europesays.com\/fr\/wp-json\/wp\/v2\/comments?post=642314"}],"version-history":[{"count":0,"href":"https:\/\/www.europesays.com\/fr\/wp-json\/wp\/v2\/posts\/642314\/revisions"}],"wp:featuredmedia":[{"embeddable":true,"href":"https:\/\/www.europesays.com\/fr\/wp-json\/wp\/v2\/media\/642315"}],"wp:attachment":[{"href":"https:\/\/www.europesays.com\/fr\/wp-json\/wp\/v2\/media?parent=642314"}],"wp:term":[{"taxonomy":"category","embeddable":true,"href":"https:\/\/www.europesays.com\/fr\/wp-json\/wp\/v2\/categories?post=642314"},{"taxonomy":"post_tag","embeddable":true,"href":"https:\/\/www.europesays.com\/fr\/wp-json\/wp\/v2\/tags?post=642314"}],"curies":[{"name":"wp","href":"https:\/\/api.w.org\/{rel}","templated":true}]}}