{"id":642322,"date":"2026-01-05T11:11:10","date_gmt":"2026-01-05T11:11:10","guid":{"rendered":"https:\/\/www.europesays.com\/fr\/642322\/"},"modified":"2026-01-05T11:11:10","modified_gmt":"2026-01-05T11:11:10","slug":"juste-apres-le-chauffage-ce-discret-appareil-electrique-fait-exploser-votre-facture-surtout-quand-il-fait-froid","status":"publish","type":"post","link":"https:\/\/www.europesays.com\/fr\/642322\/","title":{"rendered":"Juste apr\u00e8s le chauffage : ce discret appareil \u00e9lectrique fait exploser votre facture, surtout quand il fait froid"},"content":{"rendered":"<p>Quand le froid s\u00a0\u00bbinstalle, les radiateurs tournent \u00e0 plein<br \/>\nr\u00e9gime et la facture grimpe. Le chauffage reste bien le premier<br \/>\nposte de <strong>consommation d&rsquo;\u00e9lectricit\u00e9<\/strong> : selon<br \/>\nl&rsquo;ADEME, une maison chauff\u00e9e \u00e0 l&rsquo;\u00e9lectrique atteint 4 312 kWh par<br \/>\nan, soit 733 \u20ac sur la facture, contre 1 719 kWh et 292 \u20ac pour un<br \/>\nappartement.<\/p>\n<p>On pense alors spontan\u00e9ment au four, au s\u00e8che-linge ou au<br \/>\nr\u00e9frig\u00e9rateur pour expliquer le reste de la note. Pourtant, un<br \/>\nautre appareil travaille en silence, 7 jours sur 7, et voit ses<br \/>\nbesoins exploser quand il fait froid. On l&rsquo;utilise chaque jour sans<br \/>\nm\u00eame y pr\u00eater attention.<\/p>\n<p>Chauffage en t\u00eate, le chauffe-eau juste derri\u00e8re<\/p>\n<p>Les donn\u00e9es compil\u00e9es par Expertise Energie rappellent que<br \/>\nradiateurs et chauffe-eau atteignent chacun en moyenne 1 000 kWh<br \/>\npar an, loin devant beaucoup d&rsquo;appareils m\u00e9nagers. L&rsquo;ADEME, cit\u00e9e<br \/>\npar L&rsquo;Internaute, va plus loin : un <strong>ballon d&rsquo;eau<br \/>\nchaude<\/strong> de 200 litres consomme \u00e0 lui seul 1 676 kWh par an,<br \/>\nsoit environ 285 \u20ac.<\/p>\n<p>Pour se rendre compte de l&rsquo;\u00e9cart, L&rsquo;Internaute rel\u00e8ve les<br \/>\nconsommations annuelles moyennes suivantes pour d&rsquo;autres appareils<br \/>\ndu quotidien.<\/p>\n<ul>\n<li>r\u00e9frig\u00e9rateur combin\u00e9 : 346 kWh, soit environ 59 \u20ac ;<\/li>\n<li>four \u00e9lectrique : 146 kWh, soit 23 \u20ac ;<\/li>\n<li>t\u00e9l\u00e9viseur allum\u00e9 7 h par jour : 187 kWh, soit pr\u00e8s de 32<br \/>\n\u20ac.<\/li>\n<\/ul>\n<p>Pourquoi le chauffe-eau consomme encore plus en hiver<\/p>\n<p>Quand la temp\u00e9rature chute, l&rsquo;eau qui arrive dans le ballon est<br \/>\nplus froide. Pour la porter \u00e0 50 ou 55 \u00b0C, l&rsquo;appareil doit<br \/>\nfonctionner plus longtemps, donc consommer davantage d&rsquo;\u00e9lectricit\u00e9.<br \/>\nPlac\u00e9 dans un garage ou une cave peu isol\u00e9s, le r\u00e9servoir perd<br \/>\naussi plus de chaleur vers l&rsquo;ext\u00e9rieur et doit la compenser.<\/p>\n<p>L&rsquo;ADEME, cit\u00e9e par L&rsquo;Internaute, estime qu&rsquo;environ un tiers de<br \/>\nl&rsquo;\u00e9nergie utilis\u00e9e pour chauffer l&rsquo;eau peut \u00eatre perdu \u00e0 cause d&rsquo;un<br \/>\nthermostat trop \u00e9lev\u00e9 ou de d\u00e9perditions de chaleur. En hiver, les<br \/>\ndouches s&rsquo;allongent, les bains se multiplient, ce qui sollicite<br \/>\nencore plus le chauffe-eau et accentue son poids sur la<br \/>\nfacture.<\/p>\n<p>R\u00e9glages, gestes et suivi pour all\u00e9ger<br \/>\nla note du chauffe-eau<\/p>\n<p>Des gestes simples limitent pourtant la consommation de ce<br \/>\n<strong>chauffe-eau \u00e9lectrique<\/strong>. L&rsquo;ADEME recommande de<br \/>\nr\u00e9gler la temp\u00e9rature du ballon entre 50 et 55 \u00b0C plut\u00f4t que 60 \u00b0C,<br \/>\nde l&rsquo;entourer d&rsquo;une jaquette isolante qui peut faire \u00e9conomiser<br \/>\nautour de 21 \u20ac par an et d&rsquo;installer des r\u00e9ducteurs de d\u00e9bit sur<br \/>\nles robinets, \u00e9valu\u00e9s \u00e0 environ 40 \u20ac d&rsquo;\u00e9conomies annuelles. Les<br \/>\ndouches courtes remplacent avantageusement les bains. Faire<br \/>\nfonctionner les gros appareils pendant les heures creuses, comme le<br \/>\nsugg\u00e8re Expertise Energie pour la machine \u00e0 laver ou le<br \/>\nlave-vaisselle, all\u00e8ge aussi la facture quand le chauffe-eau est<br \/>\npilot\u00e9 par un contacteur jour nuit.<\/p>\n<p>Pour v\u00e9rifier l&rsquo;effet de ces mesures, le suivi pr\u00e9cis de la<br \/>\nconsommation aide beaucoup. Expertise Energie rappelle qu&rsquo;un<br \/>\n<strong>compteur Linky<\/strong> associ\u00e9 \u00e0 une application d\u00e9di\u00e9e ou<br \/>\n\u00e0 un capteur sur le disjoncteur permet de visualiser la d\u00e9pense<br \/>\nd&rsquo;\u00e9lectricit\u00e9 appareil par appareil. Un consom\u00e8tre branch\u00e9 sur la<br \/>\nligne du ballon ou un simple calcul, en multipliant sa puissance en<br \/>\nwatt par la dur\u00e9e de chauffe puis en divisant par 1 000, donne<br \/>\naussi une estimation en kWh.<\/p>\n","protected":false},"excerpt":{"rendered":"Quand le froid s\u00a0\u00bbinstalle, les radiateurs tournent \u00e0 plein r\u00e9gime et la facture grimpe. Le chauffage reste bien&hellip;\n","protected":false},"author":2,"featured_media":642323,"comment_status":"","ping_status":"","sticky":false,"template":"","format":"standard","meta":{"footnotes":""},"categories":[6],"tags":[68363,1003,35,33,30492,34,579,1011,27,2142],"class_list":{"0":"post-642322","1":"post","2":"type-post","3":"status-publish","4":"format-standard","5":"has-post-thumbnail","7":"category-economie","8":"tag-astuces-pratiques","9":"tag-budget","10":"tag-business","11":"tag-economie","12":"tag-economies","13":"tag-economy","14":"tag-electricite","15":"tag-fr","16":"tag-france","17":"tag-maison"},"share_on_mastodon":{"url":"https:\/\/pubeurope.com\/@fr\/115842192692501734","error":""},"_links":{"self":[{"href":"https:\/\/www.europesays.com\/fr\/wp-json\/wp\/v2\/posts\/642322","targetHints":{"allow":["GET"]}}],"collection":[{"href":"https:\/\/www.europesays.com\/fr\/wp-json\/wp\/v2\/posts"}],"about":[{"href":"https:\/\/www.europesays.com\/fr\/wp-json\/wp\/v2\/types\/post"}],"author":[{"embeddable":true,"href":"https:\/\/www.europesays.com\/fr\/wp-json\/wp\/v2\/users\/2"}],"replies":[{"embeddable":true,"href":"https:\/\/www.europesays.com\/fr\/wp-json\/wp\/v2\/comments?post=642322"}],"version-history":[{"count":0,"href":"https:\/\/www.europesays.com\/fr\/wp-json\/wp\/v2\/posts\/642322\/revisions"}],"wp:featuredmedia":[{"embeddable":true,"href":"https:\/\/www.europesays.com\/fr\/wp-json\/wp\/v2\/media\/642323"}],"wp:attachment":[{"href":"https:\/\/www.europesays.com\/fr\/wp-json\/wp\/v2\/media?parent=642322"}],"wp:term":[{"taxonomy":"category","embeddable":true,"href":"https:\/\/www.europesays.com\/fr\/wp-json\/wp\/v2\/categories?post=642322"},{"taxonomy":"post_tag","embeddable":true,"href":"https:\/\/www.europesays.com\/fr\/wp-json\/wp\/v2\/tags?post=642322"}],"curies":[{"name":"wp","href":"https:\/\/api.w.org\/{rel}","templated":true}]}}