{"id":642324,"date":"2026-01-05T11:12:11","date_gmt":"2026-01-05T11:12:11","guid":{"rendered":"https:\/\/www.europesays.com\/fr\/642324\/"},"modified":"2026-01-05T11:12:11","modified_gmt":"2026-01-05T11:12:11","slug":"nouvelles-attaques-russes-de-kiev-et-kherson-des-hopitaux-et-des-infrastructures-energetiques-touches","status":"publish","type":"post","link":"https:\/\/www.europesays.com\/fr\/642324\/","title":{"rendered":"nouvelles attaques russes de Kiev et\u00a0Kherson, des h\u00f4pitaux et des infrastructures \u00e9nerg\u00e9tiques touch\u00e9s"},"content":{"rendered":"<br \/>\n<blockquote class=\"post__live-container--comment-blockquote\"><p>Bonjour, et bonne ann\u00e9e \u00e0 la r\u00e9daction. Avez vous des infos sur ce qui semble \u00eatre une nouvelle op\u00e9ration des services secrets ukrainiens qui a mystifi\u00e9 les russes, \u00e0 savoir la mise en sc\u00e8ne de la mort de Denis Kapoustine ?<\/p><\/blockquote>\n<p>    Esp\u00e9rance.             <\/p>\n<p class=\"post__live-container--answer-text post__space-node\">Bonjour, et bonne ann\u00e9e \u00e0 vous aussi,<\/p>\n<p class=\"post__live-container--answer-text post__space-node\">Le 27\u00a0d\u00e9cembre, le Corps des volontaires russes (RDK) combattant pour l\u2019Ukraine avait annonc\u00e9 que son commandant, Denis Kapoustine, avait \u00e9t\u00e9 tu\u00e9 au front dans le secteur de Zaporijia (Sud) lors d\u2019une attaque de drone russe. Le 1er\u00a0janvier, les services de renseignement militaires ukrainiens (GUR) ont annonc\u00e9 que cette mort \u00e9tait fictive et faisait partie d\u2019une \u00ab\u00a0op\u00e9ration sp\u00e9ciale\u00a0\u00bb ayant \u00e9t\u00e9 men\u00e9e pendant plus d\u2019un mois.<\/p>\n<p class=\"post__live-container--answer-text post__space-node\">\u00ab\u00a0F\u00e9licitations pour ton retour \u00e0 la vie, cela fait toujours plaisir\u00a0\u00bb, a d\u00e9clar\u00e9 le chef du GUR, Kyrylo Boudanov, au cours d\u2019une discussion par vid\u00e9oconf\u00e9rence avec Denis Kapoustine diffus\u00e9e par ses services. Pour sa part, Denis Kapoustine s\u2019est dit pr\u00eat \u00e0 \u00ab\u00a0retourner dans la zone des op\u00e9rations\u00a0\u00bb sur le front et \u00e0 poursuivre le commandement de son unit\u00e9.<\/p>\n<p class=\"post__live-container--answer-text post__space-node\">Selon le GUR, la simulation de cette mort a permis d\u2019identifier des membres des services sp\u00e9ciaux russes qui avaient mis \u00e0 prix la t\u00eate de Denis Kapoustine et souhaitaient l\u2019assassiner.<\/p>\n<p class=\"post__live-container--answer-text post__space-node\">Figure connue du milieu hooligan et d\u2019extr\u00eame droite en Russie, Denis Kapoustine a \u00e9t\u00e9 accus\u00e9 par le pass\u00e9 de d\u00e9fendre des id\u00e9es n\u00e9onazies. Connu sous plusieurs pseudonymes, comme Nikitine ou White Rex, il s\u2019est install\u00e9 en Ukraine avant l\u2019invasion russe de f\u00e9vrier\u00a02022, o\u00f9 il organisait des combats de MMA et poss\u00e9dait une marque de v\u00eatements. Apr\u00e8s avoir pris les armes afin de combattre pour Kiev, il avait notamment fait parler de lui au printemps 2023. Son unit\u00e9 avait alors men\u00e9 des incursions frontali\u00e8res en Russie \u00e0 partir de l\u2019Ukraine.<\/p>\n","protected":false},"excerpt":{"rendered":"Bonjour, et bonne ann\u00e9e \u00e0 la r\u00e9daction. Avez vous des infos sur ce qui semble \u00eatre une nouvelle&hellip;\n","protected":false},"author":2,"featured_media":642325,"comment_status":"","ping_status":"","sticky":false,"template":"","format":"standard","meta":{"footnotes":""},"categories":[5],"tags":[11,1011,27,14,12,28],"class_list":{"0":"post-642324","1":"post","2":"type-post","3":"status-publish","4":"format-standard","5":"has-post-thumbnail","7":"category-international","8":"tag-actualites","9":"tag-fr","10":"tag-france","11":"tag-international","12":"tag-news","13":"tag-world"},"share_on_mastodon":{"url":"https:\/\/pubeurope.com\/@fr\/115842196704597775","error":""},"_links":{"self":[{"href":"https:\/\/www.europesays.com\/fr\/wp-json\/wp\/v2\/posts\/642324","targetHints":{"allow":["GET"]}}],"collection":[{"href":"https:\/\/www.europesays.com\/fr\/wp-json\/wp\/v2\/posts"}],"about":[{"href":"https:\/\/www.europesays.com\/fr\/wp-json\/wp\/v2\/types\/post"}],"author":[{"embeddable":true,"href":"https:\/\/www.europesays.com\/fr\/wp-json\/wp\/v2\/users\/2"}],"replies":[{"embeddable":true,"href":"https:\/\/www.europesays.com\/fr\/wp-json\/wp\/v2\/comments?post=642324"}],"version-history":[{"count":0,"href":"https:\/\/www.europesays.com\/fr\/wp-json\/wp\/v2\/posts\/642324\/revisions"}],"wp:featuredmedia":[{"embeddable":true,"href":"https:\/\/www.europesays.com\/fr\/wp-json\/wp\/v2\/media\/642325"}],"wp:attachment":[{"href":"https:\/\/www.europesays.com\/fr\/wp-json\/wp\/v2\/media?parent=642324"}],"wp:term":[{"taxonomy":"category","embeddable":true,"href":"https:\/\/www.europesays.com\/fr\/wp-json\/wp\/v2\/categories?post=642324"},{"taxonomy":"post_tag","embeddable":true,"href":"https:\/\/www.europesays.com\/fr\/wp-json\/wp\/v2\/tags?post=642324"}],"curies":[{"name":"wp","href":"https:\/\/api.w.org\/{rel}","templated":true}]}}