{"id":642334,"date":"2026-01-05T11:17:15","date_gmt":"2026-01-05T11:17:15","guid":{"rendered":"https:\/\/www.europesays.com\/fr\/642334\/"},"modified":"2026-01-05T11:17:15","modified_gmt":"2026-01-05T11:17:15","slug":"start-up-en-lorraine-un-partenariat-pour-innover-dans-lenergie","status":"publish","type":"post","link":"https:\/\/www.europesays.com\/fr\/642334\/","title":{"rendered":"Start-up\u00a0en Lorraine\u2004: un partenariat pour innover dans l\u2019\u00e9nergie"},"content":{"rendered":"<p>\u00ab\u00a0Cette convention formalise la collaboration entre les deux entit\u00e9s, marquant leur engagement commun en faveur de l\u2019innovation dans le domaine de l\u2019\u00e9nergie\u00a0\u00bb, soulignent <a href=\"https:\/\/www.lasemaine.fr\/economie\/entrepreneuriat\/grand-est-trois-nouvelles-start-up-integrent-le-village-by-ca-lorraine\/\" data-type=\"post\" data-id=\"403847\" target=\"_blank\" rel=\"noopener\">Le Village by CA Lorraine<\/a> et <a href=\"https:\/\/www.lasemaine.fr\/economie\/comment-m-energies-mise-sur-le-mix-energetique\/\" data-type=\"post\" data-id=\"228658\" target=\"_blank\" rel=\"noopener\">M-Energies<\/a>, entreprise sp\u00e9cialis\u00e9e dans les solutions \u00e9nerg\u00e9tiques innovantes, dans un communiqu\u00e9 de presse.<\/p>\n<p>Ce partenariat\u00a0vise trois grands objectifs\u00a0:<\/p>\n<li>stimuler l\u2019\u00e9mergence de solutions innovantes dans le domaine de l\u2019\u00e9nergie ;<\/li>\n<li>faciliter les \u00e9changes entre start-up\u00a0et acteurs \u00e9tablis du secteur ;<\/li>\n<li>renforcer l\u2019attractivit\u00e9 de la Lorraine dans le domaine de l\u2019innovation.<\/li>\n<p>\u00c0 propos<\/p>\n<p>Initialement cr\u00e9\u00e9e pour r\u00e9pondre aux d\u00e9fis de la transition \u00e9nerg\u00e9tique, M-Energies est un acteur cl\u00e9 dans le domaine de l\u2019\u00e9nergie en Lorraine et au-del\u00e0. L\u2019entreprise emploie plus de 500 collaborateurs r\u00e9partis sur 7 agences dans le Grand Est. Elle propose une gamme compl\u00e8te de services \u00e9nerg\u00e9tiques, couvrant tous les m\u00e9tiers du g\u00e9nie climatique, \u00e9lectrique et des \u00e9nergies renouvelables.<\/p>\n<p>Ce qui se passe en Meurthe-et-Moselle<\/p>\n<p>Le Village by CA Lorraine, fond\u00e9 en 2018 par le <a href=\"https:\/\/www.lasemaine.fr\/economie\/credit-agricole-de-lorraine-2025-comment-prevoir-limprevisible\/\" data-type=\"post\" data-id=\"365150\" target=\"_blank\" rel=\"noopener\">Cr\u00e9dit Agricole Lorraine<\/a>, fait partie d\u2019un r\u00e9seau de 47 villages en France et en Europe. Implant\u00e9 \u00e0 Nancy et Metz, il accompagne les start-up\u00a0post-incubation dans leur d\u00e9veloppement, favorisant l\u2019innovation en Lorraine.<\/p>\n","protected":false},"excerpt":{"rendered":"\u00ab\u00a0Cette convention formalise la collaboration entre les deux entit\u00e9s, marquant leur engagement commun en faveur de l\u2019innovation dans&hellip;\n","protected":false},"author":2,"featured_media":642335,"comment_status":"","ping_status":"","sticky":false,"template":"","format":"standard","meta":{"footnotes":""},"categories":[9635],"tags":[1111,11,1777,674,1011,27,775,1702,12,25],"class_list":{"0":"post-642334","1":"post","2":"type-post","3":"status-publish","4":"format-standard","5":"has-post-thumbnail","7":"category-nancy","8":"tag-actu","9":"tag-actualites","10":"tag-eu","11":"tag-europe","12":"tag-fr","13":"tag-france","14":"tag-grand-est","15":"tag-nancy","16":"tag-news","17":"tag-republique-francaise"},"share_on_mastodon":{"url":"https:\/\/pubeurope.com\/@fr\/115842216429871763","error":""},"_links":{"self":[{"href":"https:\/\/www.europesays.com\/fr\/wp-json\/wp\/v2\/posts\/642334","targetHints":{"allow":["GET"]}}],"collection":[{"href":"https:\/\/www.europesays.com\/fr\/wp-json\/wp\/v2\/posts"}],"about":[{"href":"https:\/\/www.europesays.com\/fr\/wp-json\/wp\/v2\/types\/post"}],"author":[{"embeddable":true,"href":"https:\/\/www.europesays.com\/fr\/wp-json\/wp\/v2\/users\/2"}],"replies":[{"embeddable":true,"href":"https:\/\/www.europesays.com\/fr\/wp-json\/wp\/v2\/comments?post=642334"}],"version-history":[{"count":0,"href":"https:\/\/www.europesays.com\/fr\/wp-json\/wp\/v2\/posts\/642334\/revisions"}],"wp:featuredmedia":[{"embeddable":true,"href":"https:\/\/www.europesays.com\/fr\/wp-json\/wp\/v2\/media\/642335"}],"wp:attachment":[{"href":"https:\/\/www.europesays.com\/fr\/wp-json\/wp\/v2\/media?parent=642334"}],"wp:term":[{"taxonomy":"category","embeddable":true,"href":"https:\/\/www.europesays.com\/fr\/wp-json\/wp\/v2\/categories?post=642334"},{"taxonomy":"post_tag","embeddable":true,"href":"https:\/\/www.europesays.com\/fr\/wp-json\/wp\/v2\/tags?post=642334"}],"curies":[{"name":"wp","href":"https:\/\/api.w.org\/{rel}","templated":true}]}}