{"id":642336,"date":"2026-01-05T11:18:13","date_gmt":"2026-01-05T11:18:13","guid":{"rendered":"https:\/\/www.europesays.com\/fr\/642336\/"},"modified":"2026-01-05T11:18:13","modified_gmt":"2026-01-05T11:18:13","slug":"exposition-peinture-a-villers-les-nancy","status":"publish","type":"post","link":"https:\/\/www.europesays.com\/fr\/642336\/","title":{"rendered":"Exposition Peinture a Villers les Nancy"},"content":{"rendered":"<p>\t\t\t\t\t\t\t\t\t<a href=\"https:\/\/www.estrepublicain.fr\/pour-sortir\/loisirs\/Exposition\/Peinture\/Lorraine\/Meurthe-et-moselle\/Villers-les-nancy\/2026\/01\/10\/javascript:history.back();\" rel=\"nofollow noopener\" class=\"backToSearch\" target=\"_blank\">Retour \u00e0 la recherche<\/a><\/p>\n<p class=\"media-desc\" itemprop=\"description\">&#13;<br \/>\n\t\t\t\t\tLes adh\u00e9rents et les animateurs de l\u2019AAV exposent leurs travaux : 177 tableaux, fruit des cr\u00e9ations r\u00e9alis\u00e9es dans 15 cours encadr\u00e9s par 7 animateurs, dans des techniques vari\u00e9es?: aquarelle, pastel, dessin, huile, acrylique, techniques mixtes, encadrement, sans oublier les cours pour enfants.&#13;<br \/>\n\t\t\t\t\t\t\t\t\t\t\t&#13;<br \/>\n\t\t\t\t\t\t\t\t\t\tLes samedis, dimanches ainsi que le mercredi 14 janvier des ateliers seront propos\u00e9s au cours desquels vous pourrez vous initier aux diff\u00e9rentes techniques.&#13;\n\t\t\t\t  <\/p>\n","protected":false},"excerpt":{"rendered":"Retour \u00e0 la recherche &#13; Les adh\u00e9rents et les animateurs de l\u2019AAV exposent leurs travaux : 177 tableaux,&hellip;\n","protected":false},"author":2,"featured_media":642337,"comment_status":"","ping_status":"","sticky":false,"template":"","format":"standard","meta":{"footnotes":""},"categories":[9635],"tags":[1111,11,1777,674,1011,27,775,1702,12,25],"class_list":{"0":"post-642336","1":"post","2":"type-post","3":"status-publish","4":"format-standard","5":"has-post-thumbnail","7":"category-nancy","8":"tag-actu","9":"tag-actualites","10":"tag-eu","11":"tag-europe","12":"tag-fr","13":"tag-france","14":"tag-grand-est","15":"tag-nancy","16":"tag-news","17":"tag-republique-francaise"},"share_on_mastodon":{"url":"https:\/\/pubeurope.com\/@fr\/115842220336295871","error":""},"_links":{"self":[{"href":"https:\/\/www.europesays.com\/fr\/wp-json\/wp\/v2\/posts\/642336","targetHints":{"allow":["GET"]}}],"collection":[{"href":"https:\/\/www.europesays.com\/fr\/wp-json\/wp\/v2\/posts"}],"about":[{"href":"https:\/\/www.europesays.com\/fr\/wp-json\/wp\/v2\/types\/post"}],"author":[{"embeddable":true,"href":"https:\/\/www.europesays.com\/fr\/wp-json\/wp\/v2\/users\/2"}],"replies":[{"embeddable":true,"href":"https:\/\/www.europesays.com\/fr\/wp-json\/wp\/v2\/comments?post=642336"}],"version-history":[{"count":0,"href":"https:\/\/www.europesays.com\/fr\/wp-json\/wp\/v2\/posts\/642336\/revisions"}],"wp:featuredmedia":[{"embeddable":true,"href":"https:\/\/www.europesays.com\/fr\/wp-json\/wp\/v2\/media\/642337"}],"wp:attachment":[{"href":"https:\/\/www.europesays.com\/fr\/wp-json\/wp\/v2\/media?parent=642336"}],"wp:term":[{"taxonomy":"category","embeddable":true,"href":"https:\/\/www.europesays.com\/fr\/wp-json\/wp\/v2\/categories?post=642336"},{"taxonomy":"post_tag","embeddable":true,"href":"https:\/\/www.europesays.com\/fr\/wp-json\/wp\/v2\/tags?post=642336"}],"curies":[{"name":"wp","href":"https:\/\/api.w.org\/{rel}","templated":true}]}}